{"id":118790,"date":"2021-06-17T11:49:50","date_gmt":"2021-06-17T15:49:50","guid":{"rendered":"https:\/\/linitiative.ca\/International\/zitenga-le-president-du-faso-a-lance-linitiative-assuree-un-repos-equilibree-a-chaque-enfant-en-age-scolaire\/"},"modified":"2021-06-17T11:49:50","modified_gmt":"2021-06-17T15:49:50","slug":"zitenga-le-president-du-faso-a-lance-linitiative-assuree-un-repos-equilibree-a-chaque-enfant-en-age-scolaire","status":"publish","type":"post","link":"https:\/\/linitiative.ca\/International\/zitenga-le-president-du-faso-a-lance-linitiative-assuree-un-repos-equilibree-a-chaque-enfant-en-age-scolaire\/","title":{"rendered":"Zitenga: Le pr\u00e9sident du Faso a lanc\u00e9 l\u2019initiative assur\u00e9e un repos \u00e9quilibr\u00e9e \u00e0 chaque enfant en \u00e2ge scolaire"},"content":{"rendered":"<div class=\"td-post-content tagdiv-type\" readability=\"49\">\n<div class=\"td-post-featured-image\"><a href=\"https:\/\/www.sidwaya.info\/wp-content\/uploads\/2021\/06\/c.jpg\" data-caption=\"\"><img loading=\"lazy\" decoding=\"async\" width=\"696\" height=\"476\" class=\"entry-thumb td-modal-image\" src=\"https:\/\/www.sidwaya.info\/wp-content\/uploads\/2021\/06\/c-696x476.jpg\" srcset=\"https:\/\/www.sidwaya.info\/wp-content\/uploads\/2021\/06\/c-696x476.jpg 696w, https:\/\/www.sidwaya.info\/wp-content\/uploads\/2021\/06\/c-300x205.jpg 300w, https:\/\/www.sidwaya.info\/wp-content\/uploads\/2021\/06\/c-768x525.jpg 768w, https:\/\/www.sidwaya.info\/wp-content\/uploads\/2021\/06\/c-150x103.jpg 150w, https:\/\/www.sidwaya.info\/wp-content\/uploads\/2021\/06\/c-218x150.jpg 218w, https:\/\/www.sidwaya.info\/wp-content\/uploads\/2021\/06\/c-615x420.jpg 615w, https:\/\/www.sidwaya.info\/wp-content\/uploads\/2021\/06\/c.jpg 900w\" sizes=\"auto, (max-width: 696px) 100vw, 696px\" alt=\"\" title=\"c\"\/><\/a><\/div>\n<p>Le pr\u00e9sident du Faso, Roch Marc Christian Kabor\u00e9 \u00a0a lanc\u00e9 ce jeudi 17 juin 2021, \u00e0 l\u2019\u00e9cole primaire de Lemnogo \u00e0 Zitenga, dans la province de l\u2019Oubritenga, \u00a0l\u2019initiative pr\u00e9sidentielle \u00ab Assurer \u00e0 chaque enfant en \u00e2ge scolaire, au moins un repas \u00e9quilibr\u00e9 par jour \u00bb. Il\u00a0 s\u2019est agi de r\u00e9affirmer l\u2019engagement et le leadership du pr\u00e9sident du Faso pour la cause de la s\u00e9curit\u00e9 alimentaire et nutrition; permettre une large visibilit\u00e9 de cette initiative aupr\u00e8s des populations b\u00e9n\u00e9ficiaires et des acteurs de mise en \u0153uvre ; susciter l\u2019appropriation et l\u2019adh\u00e9sion des acteurs \u00e9tatiques dans la mise en \u0153uvre de l\u2019initiative pr\u00e9sidentielle \u2026L objectif global de l\u2019initiative est \u00a0de contribuer \u00e0 l\u2019am\u00e9lioration de la s\u00e9curit\u00e9 alimentaire et nutritionnelle des enfants d\u2019\u00e2ge scolaire et des m\u00e9nages ruraux vuln\u00e9rables au Burkina Faso. La repr\u00e9sentante des \u00e9l\u00e8ves de l\u2019\u00e9cole primaire de Lemnogo, Abss\u00e8ta Konseibo a, au nom de ses camarades, salu\u00e9 cette initiative du pr\u00e9sident Roch Kabor\u00e9 qui, selon elle, va donner les m\u00eames chances \u00e0 tous les enfants. <em>\u00ab\u00a0<\/em><em>Car donner un repas de qualit\u00e9 et en quantit\u00e9 suffisante est le plus grand cadeau qu\u2019un parent peut donner \u00e0 son enfant<\/em><em>\u00a0\u00bb<\/em>, a d\u00e9clar\u00e9 la repr\u00e9sentante \u00a0des \u00e9l\u00e8ves. Ce programme du pr\u00e9sident du Faso constitue \u00a0une voie d\u2019acc\u00e8s, \u00e0 court et moyen termes \u00e0 une alimentation nutritive, diversifi\u00e9e, culturellement acceptable. Il va privil\u00e9gier une plus grande production locale pour mieux ravitailler les cantines scolaires en vue d\u2019assurer leur bon fonctionnement.<\/p>\n<p>AB<\/p>\n<div class=\"td-a-rec td-a-rec-id-content_bottom tdi_33_20c td_block_template_1\">\n<p><img loading=\"lazy\" decoding=\"async\" class=\"aligncenter size-full wp-image-27454\" src=\"https:\/\/www.sidwaya.info\/wp-content\/uploads\/2020\/10\/PUB-Bandeau-paiement-mobile-siteweb.jpg\" alt=\"\" width=\"728\" height=\"90\"\/><\/div>\n<\/div>\n<footer>\n<div class=\"td-post-sharing-bottom\">\n<p><iframe frameborder=\"0\" src=\"https:\/\/www.facebook.com\/plugins\/like.php?href=https:\/\/www.sidwaya.info\/blog\/2021\/06\/17\/alimentation-equilibree-et-variee-des-enfants-en-age-scolaire-le-president-du-faso-a-lance-linitiative-a-lecole-primaire-de-lemnogo\/&amp;layout=button_count&amp;show_faces=false&amp;width=105&amp;action=like&amp;colorscheme=light&amp;height=21\" class=\"c1\">[embedded content]<\/iframe><\/p>\n<\/div>\n<div class=\"td-block-row td-post-next-prev\">\n<div class=\"td-block-span6 td-post-prev-post td-post-next-prev-content\"><span>Article pr\u00e9c\u00e9dent<\/span><a href=\"https:\/\/www.sidwaya.info\/blog\/2021\/06\/17\/dialogue-politique-roch-kabore-a-ouvert-la-rencontre\/\">Coh\u00e9sion sociale: Roch Kabor\u00e9 a ouvert le dialogue politique<\/a><\/div>\n<div class=\"td-block-span6 td-post-next-post td-post-next-prev-content\"><span>Article suivant<\/span><a href=\"https:\/\/www.sidwaya.info\/blog\/2021\/06\/17\/retour-de-laurent-gbagbo-en-cote-divoire\/\">Retour de Laurent Gbagbo en C\u00f4te-d\u2019Ivoire<\/a><\/div>\n<\/div>\n<p><meta itemprop=\"name\" content=\"BANGRE SIDWAYA\"\/><br \/>\n<meta itemprop=\"datePublished\" content=\"2021-06-17T15:49:50+00:00\"\/><br \/>\n<meta itemprop=\"dateModified\" content=\"2021-06-17T16:14:36+00:00\"\/><br \/>\n<meta itemscope=\"itemscope\" itemprop=\"mainEntityOfPage\" itemtype=\"https:\/\/schema.org\/WebPage\" itemid=\"https:\/\/www.sidwaya.info\/blog\/2021\/06\/17\/alimentation-equilibree-et-variee-des-enfants-en-age-scolaire-le-president-du-faso-a-lance-linitiative-a-lecole-primaire-de-lemnogo\/\"\/><br \/>\n<meta itemprop=\"url\" content=\"https:\/\/www.sidwaya.info\/wp-content\/uploads\/2019\/08\/sidwaya-bon-544-1.jpg\"\/><br \/>\n<meta itemprop=\"name\" content=\"Quotidien Sidwaya\"\/><br \/>\n<meta itemprop=\"headline\" content=\"Zitenga: Le pr\u00e9sident du Faso a lanc\u00e9 l\u2019initiative assur\u00e9e un repos \u00e9quilibr\u00e9e \u00e0 chaque enfant en \u00e2ge scolaire\"\/><br \/>\n<meta itemprop=\"url\" content=\"https:\/\/www.sidwaya.info\/wp-content\/uploads\/2021\/06\/c.jpg\"\/><br \/>\n<meta itemprop=\"width\" content=\"900\"\/><br \/>\n<meta itemprop=\"height\" content=\"615\"\/><\/footer>\n<p>Auteur: BANGRE SIDWAYA<br \/>\n<a href=\"https:\/\/www.sidwaya.info\/blog\/2021\/06\/17\/alimentation-equilibree-et-variee-des-enfants-en-age-scolaire-le-president-du-faso-a-lance-linitiative-a-lecole-primaire-de-lemnogo\/\">Cliquez ici pour lire l&rsquo;article depuis sa source.<\/a><\/p>\n","protected":false},"excerpt":{"rendered":"<p>Le pr\u00e9sident du Faso, Roch Marc Christian Kabor\u00e9 \u00a0a lanc\u00e9 ce jeudi 17 juin 2021, \u00e0 l\u2019\u00e9cole primaire de Lemnogo \u00e0 Zitenga, dans la province de l\u2019Oubritenga, \u00a0l\u2019initiative pr\u00e9sidentielle \u00ab Assurer \u00e0 chaque enfant en \u00e2ge scolaire, au moins un repas \u00e9quilibr\u00e9 par jour \u00bb. Il\u00a0 s\u2019est agi de r\u00e9affirmer l\u2019engagement et le leadership du [&hellip;]<\/p>\n","protected":false},"author":1816,"featured_media":0,"comment_status":"closed","ping_status":"closed","sticky":false,"template":"","format":"standard","meta":{"fifu_image_url":"https:\/\/www.sidwaya.info\/wp-content\/uploads\/2021\/06\/c-696x476.jpg","fifu_image_alt":"Zitenga: Le pr\u00e9sident du Faso a lanc\u00e9 l\u2019initiative assur\u00e9e un repos \u00e9quilibr\u00e9e \u00e0 chaque enfant en \u00e2ge scolaire","footnotes":""},"categories":[73,81],"tags":[],"class_list":["post-118790","post","type-post","status-publish","format-standard","hentry","category-actualite","category-burkina-faso"],"_links":{"self":[{"href":"https:\/\/linitiative.ca\/International\/wp-json\/wp\/v2\/posts\/118790","targetHints":{"allow":["GET"]}}],"collection":[{"href":"https:\/\/linitiative.ca\/International\/wp-json\/wp\/v2\/posts"}],"about":[{"href":"https:\/\/linitiative.ca\/International\/wp-json\/wp\/v2\/types\/post"}],"author":[{"embeddable":true,"href":"https:\/\/linitiative.ca\/International\/wp-json\/wp\/v2\/users\/1816"}],"replies":[{"embeddable":true,"href":"https:\/\/linitiative.ca\/International\/wp-json\/wp\/v2\/comments?post=118790"}],"version-history":[{"count":0,"href":"https:\/\/linitiative.ca\/International\/wp-json\/wp\/v2\/posts\/118790\/revisions"}],"wp:attachment":[{"href":"https:\/\/linitiative.ca\/International\/wp-json\/wp\/v2\/media?parent=118790"}],"wp:term":[{"taxonomy":"category","embeddable":true,"href":"https:\/\/linitiative.ca\/International\/wp-json\/wp\/v2\/categories?post=118790"},{"taxonomy":"post_tag","embeddable":true,"href":"https:\/\/linitiative.ca\/International\/wp-json\/wp\/v2\/tags?post=118790"}],"curies":[{"name":"wp","href":"https:\/\/api.w.org\/{rel}","templated":true}]}}