{"id":118791,"date":"2021-06-17T13:15:45","date_gmt":"2021-06-17T17:15:45","guid":{"rendered":"https:\/\/linitiative.ca\/International\/retour-de-laurent-gbagbo-en-cote-divoire\/"},"modified":"2021-06-17T13:15:45","modified_gmt":"2021-06-17T17:15:45","slug":"retour-de-laurent-gbagbo-en-cote-divoire","status":"publish","type":"post","link":"https:\/\/linitiative.ca\/International\/retour-de-laurent-gbagbo-en-cote-divoire\/","title":{"rendered":"Retour de Laurent Gbagbo en C\u00f4te-d\u2019Ivoire"},"content":{"rendered":"<p><strong>D\u00e9finitivement acquitt\u00e9 par la Cour p\u00e9nale internationale il y a moins de trois mois, l\u2019ancien pr\u00e9sident ivoirien, Laurent Gbagbo rentre dans son pays ce jeudi 17 juin, apr\u00e8s dix ans d\u2019absence.\u00a0 Il est arriv\u00e9 ce jeudi \u00e0 Abidjan ou son avion a atterri a 16h17.<\/strong><\/p>\n<div class=\"td-a-rec td-a-rec-id-content_bottom tdi_33_47a td_block_template_1\">\n<p><img loading=\"lazy\" decoding=\"async\" class=\"aligncenter size-full wp-image-27454\" src=\"https:\/\/www.sidwaya.info\/wp-content\/uploads\/2020\/10\/PUB-Bandeau-paiement-mobile-siteweb.jpg\" alt=\"\" width=\"728\" height=\"90\"\/><\/div>\n<p>Auteur: Wamini SIDWAYA<br \/>\n<a href=\"https:\/\/www.sidwaya.info\/blog\/2021\/06\/17\/retour-de-laurent-gbagbo-en-cote-divoire\/\">Cliquez ici pour lire l&rsquo;article depuis sa source.<\/a><\/p>\n","protected":false},"excerpt":{"rendered":"<p>D\u00e9finitivement acquitt\u00e9 par la Cour p\u00e9nale internationale il y a moins de trois mois, l\u2019ancien pr\u00e9sident ivoirien, Laurent Gbagbo rentre dans son pays ce jeudi 17 juin, apr\u00e8s dix ans d\u2019absence.\u00a0 Il est arriv\u00e9 ce jeudi \u00e0 Abidjan ou son avion a atterri a 16h17. Auteur: Wamini SIDWAYA Cliquez ici pour lire l&rsquo;article depuis sa [&hellip;]<\/p>\n","protected":false},"author":1816,"featured_media":0,"comment_status":"closed","ping_status":"closed","sticky":false,"template":"","format":"standard","meta":{"fifu_image_url":"https:\/\/www.sidwaya.info\/wp-content\/uploads\/2020\/10\/PUB-Bandeau-paiement-mobile-siteweb.jpg","fifu_image_alt":"Retour de Laurent Gbagbo en C\u00f4te-d\u2019Ivoire","footnotes":""},"categories":[73,81],"tags":[],"class_list":["post-118791","post","type-post","status-publish","format-standard","hentry","category-actualite","category-burkina-faso"],"_links":{"self":[{"href":"https:\/\/linitiative.ca\/International\/wp-json\/wp\/v2\/posts\/118791","targetHints":{"allow":["GET"]}}],"collection":[{"href":"https:\/\/linitiative.ca\/International\/wp-json\/wp\/v2\/posts"}],"about":[{"href":"https:\/\/linitiative.ca\/International\/wp-json\/wp\/v2\/types\/post"}],"author":[{"embeddable":true,"href":"https:\/\/linitiative.ca\/International\/wp-json\/wp\/v2\/users\/1816"}],"replies":[{"embeddable":true,"href":"https:\/\/linitiative.ca\/International\/wp-json\/wp\/v2\/comments?post=118791"}],"version-history":[{"count":0,"href":"https:\/\/linitiative.ca\/International\/wp-json\/wp\/v2\/posts\/118791\/revisions"}],"wp:attachment":[{"href":"https:\/\/linitiative.ca\/International\/wp-json\/wp\/v2\/media?parent=118791"}],"wp:term":[{"taxonomy":"category","embeddable":true,"href":"https:\/\/linitiative.ca\/International\/wp-json\/wp\/v2\/categories?post=118791"},{"taxonomy":"post_tag","embeddable":true,"href":"https:\/\/linitiative.ca\/International\/wp-json\/wp\/v2\/tags?post=118791"}],"curies":[{"name":"wp","href":"https:\/\/api.w.org\/{rel}","templated":true}]}}