{"id":118792,"date":"2021-06-17T13:29:36","date_gmt":"2021-06-17T17:29:36","guid":{"rendered":"https:\/\/linitiative.ca\/International\/zambie-le-premier-president-kenneth-kaunda-nest-plus\/"},"modified":"2021-06-17T13:29:36","modified_gmt":"2021-06-17T17:29:36","slug":"zambie-le-premier-president-kenneth-kaunda-nest-plus","status":"publish","type":"post","link":"https:\/\/linitiative.ca\/International\/zambie-le-premier-president-kenneth-kaunda-nest-plus\/","title":{"rendered":"Zambie\u00a0: Le premier pr\u00e9sident, Kenneth Kaunda n\u2019est plus"},"content":{"rendered":"<div class=\"td-post-content tagdiv-type\" readability=\"37\">\n<div class=\"td-post-featured-image\"><a href=\"https:\/\/www.sidwaya.info\/wp-content\/uploads\/2021\/06\/PRESIDENT.jpg\" data-caption=\"\"><img loading=\"lazy\" decoding=\"async\" width=\"526\" height=\"806\" class=\"entry-thumb td-modal-image\" src=\"https:\/\/www.sidwaya.info\/wp-content\/uploads\/2021\/06\/PRESIDENT.jpg\" srcset=\"https:\/\/www.sidwaya.info\/wp-content\/uploads\/2021\/06\/PRESIDENT.jpg 526w, https:\/\/www.sidwaya.info\/wp-content\/uploads\/2021\/06\/PRESIDENT-196x300.jpg 196w, https:\/\/www.sidwaya.info\/wp-content\/uploads\/2021\/06\/PRESIDENT-150x230.jpg 150w, https:\/\/www.sidwaya.info\/wp-content\/uploads\/2021\/06\/PRESIDENT-300x460.jpg 300w, https:\/\/www.sidwaya.info\/wp-content\/uploads\/2021\/06\/PRESIDENT-274x420.jpg 274w\" sizes=\"auto, (max-width: 526px) 100vw, 526px\" alt=\"\" title=\"PRESIDENT\"\/><\/a><\/div>\n<p>Le pr\u00e9sident zambien, Kenneth Kaunda, est mort \u00e0 97 ans. Premier pr\u00e9sident du pays, il est le p\u00e8re de l\u2019ind\u00e9pendance de l\u2019ancien protectorat britannique. Il avait \u00e9t\u00e9 hospitalis\u00e9 lundi \u00e0 Lusaka pour une pneumonie.<\/p>\n<div class=\"td-a-rec td-a-rec-id-content_bottom tdi_33_b40 td_block_template_1\">\n<style><![CDATA[\n<![CDATA[\n\/* custom css *\/\n.tdi_33_b40.td-a-rec{\n                                        text-align: center;\n                                }.tdi_33_b40 .td-element-style{\n                                        z-index: -1;\n                                }.tdi_33_b40.td-a-rec-img{\n                                    text-align: left;\n                                }.tdi_33_b40.td-a-rec-img img{\n                    margin: 0 auto 0 0;\n                }@media (max-width: 767px) {\n                                    .tdi_33_b40.td-a-rec-img {\n                                        text-align: center;\n                                    }\n                }\n]]]]><![CDATA[>\n]]><\/style>\n<p><img loading=\"lazy\" decoding=\"async\" class=\"aligncenter size-full wp-image-27454\" src=\"https:\/\/www.sidwaya.info\/wp-content\/uploads\/2020\/10\/PUB-Bandeau-paiement-mobile-siteweb.jpg\" alt=\"\" width=\"728\" height=\"90\"\/><\/div>\n<\/div>\n<footer>\n<div class=\"td-post-sharing-bottom\">\n<p><iframe frameborder=\"0\" src=\"https:\/\/www.facebook.com\/plugins\/like.php?href=https:\/\/www.sidwaya.info\/blog\/2021\/06\/17\/zambie-le-premier-president-kenneth-kaunda-nest-plus\/&amp;layout=button_count&amp;show_faces=false&amp;width=105&amp;action=like&amp;colorscheme=light&amp;height=21\" class=\"c1\">[embedded content]<\/iframe><\/p>\n<\/div>\n<div class=\"td-block-row td-post-next-prev\">\n<div class=\"td-block-span6 td-post-prev-post td-post-next-prev-content\"><span>Article pr\u00e9c\u00e9dent<\/span><a href=\"https:\/\/www.sidwaya.info\/blog\/2021\/06\/17\/retour-de-laurent-gbagbo-en-cote-divoire\/\">Retour de Laurent Gbagbo en C\u00f4te-d\u2019Ivoire<\/a><\/div>\n<\/div>\n<p><meta itemprop=\"name\" content=\"Wamini SIDWAYA\"\/><br \/>\n<meta itemprop=\"datePublished\" content=\"2021-06-17T17:29:36+00:00\"\/><br \/>\n<meta itemprop=\"dateModified\" content=\"2021-06-17T17:29:36+00:00\"\/><br \/>\n<meta itemscope=\"itemscope\" itemprop=\"mainEntityOfPage\" itemtype=\"https:\/\/schema.org\/WebPage\" itemid=\"https:\/\/www.sidwaya.info\/blog\/2021\/06\/17\/zambie-le-premier-president-kenneth-kaunda-nest-plus\/\"\/><br \/>\n<meta itemprop=\"url\" content=\"https:\/\/www.sidwaya.info\/wp-content\/uploads\/2019\/08\/sidwaya-bon-544-1.jpg\"\/><br \/>\n<meta itemprop=\"name\" content=\"Quotidien Sidwaya\"\/><br \/>\n<meta itemprop=\"headline\" content=\"Zambie\u00a0: Le premier pr\u00e9sident, Kenneth Kaunda n\u2019est plus\"\/><br \/>\n<meta itemprop=\"url\" content=\"https:\/\/www.sidwaya.info\/wp-content\/uploads\/2021\/06\/PRESIDENT.jpg\"\/><br \/>\n<meta itemprop=\"width\" content=\"526\"\/><br \/>\n<meta itemprop=\"height\" content=\"806\"\/><\/footer>\n<p>Auteur: Wamini SIDWAYA<br \/>\n<a href=\"https:\/\/www.sidwaya.info\/blog\/2021\/06\/17\/zambie-le-premier-president-kenneth-kaunda-nest-plus\/\">Cliquez ici pour lire l&rsquo;article depuis sa source.<\/a><\/p>\n","protected":false},"excerpt":{"rendered":"<p>Le pr\u00e9sident zambien, Kenneth Kaunda, est mort \u00e0 97 ans. Premier pr\u00e9sident du pays, il est le p\u00e8re de l\u2019ind\u00e9pendance de l\u2019ancien protectorat britannique. Il avait \u00e9t\u00e9 hospitalis\u00e9 lundi \u00e0 Lusaka pour une pneumonie. [embedded content] Article pr\u00e9c\u00e9dentRetour de Laurent Gbagbo en C\u00f4te-d\u2019Ivoire Auteur: Wamini SIDWAYA Cliquez ici pour lire l&rsquo;article depuis sa source.<\/p>\n","protected":false},"author":1816,"featured_media":0,"comment_status":"closed","ping_status":"closed","sticky":false,"template":"","format":"standard","meta":{"fifu_image_url":"https:\/\/www.sidwaya.info\/wp-content\/uploads\/2021\/06\/PRESIDENT.jpg","fifu_image_alt":"Zambie\u00a0: Le premier pr\u00e9sident, Kenneth Kaunda n\u2019est plus","footnotes":""},"categories":[73,81],"tags":[],"class_list":["post-118792","post","type-post","status-publish","format-standard","hentry","category-actualite","category-burkina-faso"],"_links":{"self":[{"href":"https:\/\/linitiative.ca\/International\/wp-json\/wp\/v2\/posts\/118792","targetHints":{"allow":["GET"]}}],"collection":[{"href":"https:\/\/linitiative.ca\/International\/wp-json\/wp\/v2\/posts"}],"about":[{"href":"https:\/\/linitiative.ca\/International\/wp-json\/wp\/v2\/types\/post"}],"author":[{"embeddable":true,"href":"https:\/\/linitiative.ca\/International\/wp-json\/wp\/v2\/users\/1816"}],"replies":[{"embeddable":true,"href":"https:\/\/linitiative.ca\/International\/wp-json\/wp\/v2\/comments?post=118792"}],"version-history":[{"count":0,"href":"https:\/\/linitiative.ca\/International\/wp-json\/wp\/v2\/posts\/118792\/revisions"}],"wp:attachment":[{"href":"https:\/\/linitiative.ca\/International\/wp-json\/wp\/v2\/media?parent=118792"}],"wp:term":[{"taxonomy":"category","embeddable":true,"href":"https:\/\/linitiative.ca\/International\/wp-json\/wp\/v2\/categories?post=118792"},{"taxonomy":"post_tag","embeddable":true,"href":"https:\/\/linitiative.ca\/International\/wp-json\/wp\/v2\/tags?post=118792"}],"curies":[{"name":"wp","href":"https:\/\/api.w.org\/{rel}","templated":true}]}}