{"id":118793,"date":"2021-06-17T13:18:02","date_gmt":"2021-06-17T17:18:02","guid":{"rendered":"https:\/\/linitiative.ca\/International\/la-cote-divoire-prepare-un-planting-de-50-millions-darbres-en-une-journee-en-2021\/"},"modified":"2021-06-17T13:18:02","modified_gmt":"2021-06-17T17:18:02","slug":"la-cote-divoire-prepare-un-planting-de-50-millions-darbres-en-une-journee-en-2021","status":"publish","type":"post","link":"https:\/\/linitiative.ca\/International\/la-cote-divoire-prepare-un-planting-de-50-millions-darbres-en-une-journee-en-2021\/","title":{"rendered":"La C\u00f4te d\u2019Ivoire pr\u00e9pare un planting de 50 millions d\u2019arbres \u00ab\u00a0en une journ\u00e9e\u00a0\u00bb en 2021"},"content":{"rendered":"<div readability=\"32\">\n<p>Publi\u00e9 le 17.06.2021 \u00e0 18h18 par APA News<\/p>\n<\/div>\n<div readability=\"134\">\n<p>L\u2019Etat de C\u00f4te d\u2019Ivoire, confront\u00e9 \u00e0 une d\u00e9gradation accrue de son couvert forestier ces derni\u00e8res d\u00e9cennies, pr\u00e9pare un reboisement ambitieux avec le planting de 50 millions d\u2019arbres \u00ab\u00a0en une journ\u00e9e\u00a0\u00bb en 2021.<\/p>\n<p>\u00ab\u00a0Cette ann\u00e9e, nous voulons un objectif encore plus ambitieux, c\u2019est pourquoi nous avons fix\u00e9 l\u2019objectif \u00e0 50 millions d\u2019arbres \u00e0 planter en une journ\u00e9e\u00a0\u00bb, a dit le colonel Inza Traor\u00e9, charg\u00e9 de l\u2019Initiative cacao et for\u00eats, au minist\u00e8re ivoirien des Eaux et for\u00eats.<\/p>\n<p>Le colonel Traor\u00e9 s\u2019exprimait, jeudi \u00e0 Abidjan, \u00e0 l\u2019occasion d\u2019un atelier autour du th\u00e8me \u00ab\u00a0Dialogue national sur les produits agricoles de base et de d\u00e9forestation en C\u00f4te d\u2019Ivoire\u00a0\u00bb.<\/p>\n<p>C\u2019est important, dira-t-il, \u00ab\u00a0mais pour y parvenir, nous pouvons compter sur la participation et l\u2019implication de toutes les couches sociales\u00a0\u00bb, ainsi que des compagnies priv\u00e9es des diff\u00e9rentes fili\u00e8res agricoles, toutes les couches de l\u2019industrie et de l\u2019\u00e9conomie pour atteindre cet objectif.<\/p>\n<p>Selon le colonel Inza Traor\u00e9, \u00ab\u00a0les pr\u00e9paratifs ont d\u00e9but\u00e9 depuis quelques mois d\u00e9j\u00e0\u00a0\u00bb. \u00a0En 2019, plus de 1,3 million d\u2019arbres ont \u00e9t\u00e9 plant\u00e9s en un jour pour un objectif de 1 million, et en 2020, autour de 5,4 millions d\u2019arbres enregistr\u00e9s pour une op\u00e9ration visant 5 millions d\u2019arbres.\u00a0<\/p>\n<p>Pour restaurer le couvert forestier du pays, plusieurs organisations aident l\u2019Etat de C\u00f4te d\u2019Ivoire. Fans cet \u00e9lan, Trocical Forest Alliance et Proforest, ont initi\u00e9 un dialogue national sur les produits agricoles et la d\u00e9forestation en C\u00f4te d\u2019Ivoire.\u00a0<\/p>\n<p>La directrice de Tropical Forest Alliance Afrique, Saball Meschi, s\u2019est r\u00e9jouie de r\u00e9unir des repr\u00e9sentants de diff\u00e9rents secteurs de production (h\u00e9v\u00e9a, palmier \u00e0 huile, cacao, bois), \u00e0 Abidjan, pour \u00ab\u00a0d\u00e9finir et alimenter les enjeux\u00a0\u00bb quant \u00e0 la protection des for\u00eats.<\/p>\n<p>Elle a not\u00e9 que dans diff\u00e9rentes fili\u00e8res, il y a diff\u00e9rentes initiatives qui se font dans le cadre de la protection des for\u00eats. Son organisation voudrais voir comment il est possible de cr\u00e9er davantage de synergies pour avoir un \u00ab\u00a0impact plus incisif, car la question est urgente\u00a0\u00bb.<\/p>\n<p>\u00ab\u00a0La chose la plus importante, \u00a0c\u2019est de pr\u00e9server les for\u00eats class\u00e9es, de reboiser les zones qui sont endommag\u00e9es et d\u2019augmenter la productivit\u00e9 des espaces ad\u00e9quats pour la production tout en prot\u00e9geant les for\u00eats\u00a0\u00bb, a-t-elle poursuivi. \u00a0<\/p>\n<p>La C\u00f4te d\u2019Ivoire est confront\u00e9e \u00e0 une d\u00e9forestation \u00ab\u00a0alarmante\u00a0\u00bb. Entre 1990 et 2015, le pays a perdu plus de 60% de son couvert forestier et ne compte aujourd\u2019hui plus que de 3,4 millions d\u2019hectares de for\u00eats, soit environ 11% du territoire national couvert de for\u00eats.<\/p>\n<p>En 1960, la C\u00f4te d\u2019Ivoire comptait plus de 12 millions d\u2019hectares de for\u00eats. L\u2019Etat ivoirien a adopt\u00e9, en mai 2018, une nouvelle politique de pr\u00e9servation, de r\u00e9habilitation et d\u2019expansion des for\u00eats, une strat\u00e9gie dont le co\u00fbt est estim\u00e9 \u00e0 environ 600 milliards de Fcfa.<\/p>\n<p>\u00ab\u00a0Pour la mise en oeuvre de cette strat\u00e9gie qui vise \u00e0 r\u00e9habiliter les for\u00eats de C\u00f4te d\u2019Ivoire, nous avons besoin de toutes les parties prenantes\u00a0\u00bb surtout le monde agricole, car \u00ab\u00a0l\u2019agriculture est le principal moteur de la d\u00e9forestation en C\u00f4te d\u2019Ivoire\u00a0\u00bb, a indiqu\u00e9 le colonel Traor\u00e9.<\/p>\n<p>Aujourd\u2019hui, le pays est engag\u00e9 dans l\u2019Initiative cacao et for\u00eats, un projet conjoint entre l\u2019Etat de C\u00f4te d\u2019Ivoire, l\u2019Etat du Ghana et les compagnies priv\u00e9es du cacao et du chocolat pour adresser la probl\u00e9matique de la d\u00e9forestation dans la cha\u00eene d\u2019approvisionnement du cacao.<\/p>\n<\/div>\n<p>Auteur: APA News<br \/>\n<a href=\"https:\/\/www.journalducameroun.com\/la-cote-divoire-prepare-un-planting-de-50-millions-darbres-en-une-journee-en-2021\/\">Cliquez ici pour lire l&rsquo;article depuis sa source.<\/a><\/p>\n","protected":false},"excerpt":{"rendered":"<p>Publi\u00e9 le 17.06.2021 \u00e0 18h18 par APA News L\u2019Etat de C\u00f4te d\u2019Ivoire, confront\u00e9 \u00e0 une d\u00e9gradation accrue de son couvert forestier ces derni\u00e8res d\u00e9cennies, pr\u00e9pare un reboisement ambitieux avec le planting de 50 millions d\u2019arbres \u00ab\u00a0en une journ\u00e9e\u00a0\u00bb en 2021. \u00ab\u00a0Cette ann\u00e9e, nous voulons un objectif encore plus ambitieux, c\u2019est pourquoi nous avons fix\u00e9 l\u2019objectif [&hellip;]<\/p>\n","protected":false},"author":1965,"featured_media":0,"comment_status":"closed","ping_status":"closed","sticky":false,"template":"","format":"standard","meta":{"fifu_image_url":"","fifu_image_alt":"","footnotes":""},"categories":[73,82],"tags":[],"class_list":["post-118793","post","type-post","status-publish","format-standard","hentry","category-actualite","category-cameroun"],"_links":{"self":[{"href":"https:\/\/linitiative.ca\/International\/wp-json\/wp\/v2\/posts\/118793","targetHints":{"allow":["GET"]}}],"collection":[{"href":"https:\/\/linitiative.ca\/International\/wp-json\/wp\/v2\/posts"}],"about":[{"href":"https:\/\/linitiative.ca\/International\/wp-json\/wp\/v2\/types\/post"}],"author":[{"embeddable":true,"href":"https:\/\/linitiative.ca\/International\/wp-json\/wp\/v2\/users\/1965"}],"replies":[{"embeddable":true,"href":"https:\/\/linitiative.ca\/International\/wp-json\/wp\/v2\/comments?post=118793"}],"version-history":[{"count":0,"href":"https:\/\/linitiative.ca\/International\/wp-json\/wp\/v2\/posts\/118793\/revisions"}],"wp:attachment":[{"href":"https:\/\/linitiative.ca\/International\/wp-json\/wp\/v2\/media?parent=118793"}],"wp:term":[{"taxonomy":"category","embeddable":true,"href":"https:\/\/linitiative.ca\/International\/wp-json\/wp\/v2\/categories?post=118793"},{"taxonomy":"post_tag","embeddable":true,"href":"https:\/\/linitiative.ca\/International\/wp-json\/wp\/v2\/tags?post=118793"}],"curies":[{"name":"wp","href":"https:\/\/api.w.org\/{rel}","templated":true}]}}