{"id":118794,"date":"2021-06-17T14:18:02","date_gmt":"2021-06-17T18:18:02","guid":{"rendered":"https:\/\/linitiative.ca\/International\/arrivee-a-abidjan-de-gbagbo-accueilli-par-une-foule-en-liesse\/"},"modified":"2021-06-17T14:18:02","modified_gmt":"2021-06-17T18:18:02","slug":"arrivee-a-abidjan-de-gbagbo-accueilli-par-une-foule-en-liesse","status":"publish","type":"post","link":"https:\/\/linitiative.ca\/International\/arrivee-a-abidjan-de-gbagbo-accueilli-par-une-foule-en-liesse\/","title":{"rendered":"Arriv\u00e9e \u00e0 Abidjan de Gbagbo accueilli par une foule en liesse"},"content":{"rendered":"<div readability=\"32\">\n<p>Publi\u00e9 le 17.06.2021 \u00e0 19h18 par APA News<\/p>\n<\/div>\n<div readability=\"125\">\n<p>L\u2019ancien pr\u00e9sident ivoirien, Laurent Gbagbo, acquitt\u00e9 par la Cour p\u00e9nale internationale (CPI), dans l\u2019affaire de crimes contre l\u2019humanit\u00e9 perp\u00e9tr\u00e9s lors des violences post\u00e9lectorales de 2010-2011, est arriv\u00e9 jeudi \u00e0 l\u2019a\u00e9roport d\u2019Abidjan, o\u00f9 il a \u00e9t\u00e9 accueilli par des proches et une fourle en liesse.<\/p>\n<p>Son vol, attendu \u00e0 15h45 (GMT, heure locale), a\u00a0atterri \u00e0 l\u2019a\u00e9roport international F\u00e9lix Houphou\u00ebt-Boigny d\u2019Abidjan \u00a0\u00e0 16h26. M. Gbagbo qui foule le sol ivoirien apr\u00e8s dix ans d\u2019absence au pays, affichait apparemment un bon moral.\u00a0<\/p>\n<p>Sous des salves d\u2019applaudissements au pavillon pr\u00e9sidentiel, mis \u00e0 sa disposition pour son retour, \u00e9taient pr\u00e9sents Simone Gbagbo, Affi Nguessan, son fils Michel Gbagbo, Assoa Adou et des cadres du parti.\u00a0<\/p>\n<p>V\u00eatu d\u2019une chemise blanche et avec un air d\u00e9contract\u00e9, il est apparu souriant devant des centaines de militants et sympathisants sur l\u2019esplanade du pavillon pr\u00e9sidentiel, accueilli par une foule comprenant des chefs coutumiers et des chefs ou repr\u00e9sentants de partis politiques de l\u2019opposition.\u00a0<\/p>\n<p>Des pas de danses \u00e9taient observ\u00e9s au niveau des militants, visiblement contents de voir leur mentor revenir apr\u00e8s une bataille judiciaire \u00e0 la CPI. Certains arboraient des T-shirts \u00e0 son effigie, tandis que d\u2019autres portaient des pagnes confectionn\u00e9s par le Front populaire ivoirien (FPI, opposition), son parti, pour la circonstance.<\/p>\n<p>\u00a0L\u2019acc\u00e8s \u00e0 l\u2019a\u00e9roport d\u2019Abidjan \u00e9tait filtr\u00e9 et seuls les voyageurs pouvaient passer. Les forces de l\u2019ordre ont fait usage de gaz lacrymog\u00e8ne pour disperser des rassemblements \u00e0 Port-Bou\u00ebt et Koumassi.<\/p>\n<p>Le convoi de presse du Comit\u00e9 d\u2019organisation transportant plus d\u2019une vingtaine de journalistes a \u00e9t\u00e9 refoul\u00e9 sans justification. Les environs de l\u2019a\u00e9roport ressemblaient \u00e0 un champ de guerre avec des tirs assourdissants.<\/p>\n<p>Des forces de l\u2019ordre \u00e9taient post\u00e9es pour emp\u00eacher les rassemblements. Devant le quartier g\u00e9n\u00e9ral du FPI, \u00e0 Cocody Attoban, dans l\u2019Est d\u2019Abidjan, l\u2019on observait une mar\u00e9e humaine; des militants exprimant leur joie.\u00a0<\/p>\n<p>M. Gbagbo arrive dans un contexte o\u00f9 son parti, le FPI, conna\u00eet une dissension interne. Une frange est conduite par l\u2019ancien Premier ministre Pascal Affi Nguessan, reconnue par les autorit\u00e9s, et une autre dirig\u00e9e par Assoa Adou, \u00a0secr\u00e9taire g\u00e9n\u00e9ral, qui a men\u00e9 les discussions avec le pouvoir pour le retour de l\u2019ex-pr\u00e9sident. \u00a0\u00a0<\/p>\n<p>L\u2019ancien pr\u00e9sident ivoirien qui avait re\u00e7u en d\u00e9cembre 2020 \u00e0 Bruxelles \u00ab\u00a0deux passeports, un ordinaire et un diplomatique des mains de Mme l\u2019ambassadeur Nogozene Bakayoko, chef de Cabinet du ministre des Affaires \u00e9trang\u00e8res, et de M. Abou Dosso, ambassadeur de la C\u00f4te d\u2019Ivoire en Belgique\u00a0\u00bb, a manifest\u00e9 son d\u00e9sir de rentrer au pays. \u00a0<\/p>\n<p>Le chef de l\u2019Etat ivoirien Alassane Ouattara avait assur\u00e9, \u00a0en avril, lors d\u2019un Conseil des ministres que M. Gbagbo pouvait rentrer quand il le souhaitait, ajoutant que l\u2019Etat prendra en charges les frais de voyage.\u00a0<\/p>\n<p>L\u2019acquittement d\u00e9finitif de MM. Gbagbo et son co-accus\u00e9 Charles Bl\u00e9 Goud\u00e9, a \u00e9t\u00e9 prononc\u00e9 par la Chambre d\u2019appel de la Cour p\u00e9nale internationale (CPI) le 31 mars 2021. M. Bl\u00e9 Goud\u00e9, lui, effectue actuellement des d\u00e9marches administratives pour l\u2019obtention de documents avant son retour. \u00a0<\/p>\n<\/div>\n<p>Auteur: APA News<br \/>\n<a href=\"https:\/\/www.journalducameroun.com\/arrivee-a-abidjan-de-gbagbo-accueilli-par-une-foule-en-liesse\/\">Cliquez ici pour lire l&rsquo;article depuis sa source.<\/a><\/p>\n","protected":false},"excerpt":{"rendered":"<p>Publi\u00e9 le 17.06.2021 \u00e0 19h18 par APA News L\u2019ancien pr\u00e9sident ivoirien, Laurent Gbagbo, acquitt\u00e9 par la Cour p\u00e9nale internationale (CPI), dans l\u2019affaire de crimes contre l\u2019humanit\u00e9 perp\u00e9tr\u00e9s lors des violences post\u00e9lectorales de 2010-2011, est arriv\u00e9 jeudi \u00e0 l\u2019a\u00e9roport d\u2019Abidjan, o\u00f9 il a \u00e9t\u00e9 accueilli par des proches et une fourle en liesse. Son vol, attendu [&hellip;]<\/p>\n","protected":false},"author":1965,"featured_media":0,"comment_status":"closed","ping_status":"closed","sticky":false,"template":"","format":"standard","meta":{"fifu_image_url":"","fifu_image_alt":"","footnotes":""},"categories":[73,82],"tags":[],"class_list":["post-118794","post","type-post","status-publish","format-standard","hentry","category-actualite","category-cameroun"],"_links":{"self":[{"href":"https:\/\/linitiative.ca\/International\/wp-json\/wp\/v2\/posts\/118794","targetHints":{"allow":["GET"]}}],"collection":[{"href":"https:\/\/linitiative.ca\/International\/wp-json\/wp\/v2\/posts"}],"about":[{"href":"https:\/\/linitiative.ca\/International\/wp-json\/wp\/v2\/types\/post"}],"author":[{"embeddable":true,"href":"https:\/\/linitiative.ca\/International\/wp-json\/wp\/v2\/users\/1965"}],"replies":[{"embeddable":true,"href":"https:\/\/linitiative.ca\/International\/wp-json\/wp\/v2\/comments?post=118794"}],"version-history":[{"count":0,"href":"https:\/\/linitiative.ca\/International\/wp-json\/wp\/v2\/posts\/118794\/revisions"}],"wp:attachment":[{"href":"https:\/\/linitiative.ca\/International\/wp-json\/wp\/v2\/media?parent=118794"}],"wp:term":[{"taxonomy":"category","embeddable":true,"href":"https:\/\/linitiative.ca\/International\/wp-json\/wp\/v2\/categories?post=118794"},{"taxonomy":"post_tag","embeddable":true,"href":"https:\/\/linitiative.ca\/International\/wp-json\/wp\/v2\/tags?post=118794"}],"curies":[{"name":"wp","href":"https:\/\/api.w.org\/{rel}","templated":true}]}}