{"id":118795,"date":"2021-06-17T14:18:02","date_gmt":"2021-06-17T18:18:02","guid":{"rendered":"https:\/\/linitiative.ca\/International\/deces-du-premier-president-de-la-zambie\/"},"modified":"2021-06-17T14:18:02","modified_gmt":"2021-06-17T18:18:02","slug":"deces-du-premier-president-de-la-zambie","status":"publish","type":"post","link":"https:\/\/linitiative.ca\/International\/deces-du-premier-president-de-la-zambie\/","title":{"rendered":"D\u00e9c\u00e8s du premier pr\u00e9sident de la Zambie"},"content":{"rendered":"<div readability=\"32\">\n<p>Publi\u00e9 le 17.06.2021 \u00e0 19h18 par APA News<\/p>\n<\/div>\n<div readability=\"55\">\n<p>Kenneth Kaunda est d\u00e9c\u00e9d\u00e9 ce jeudi 17 juin 2021, quelques jours apr\u00e8s son admission \u00e0 l\u2019h\u00f4pital pour une pneumonie.Le principal leader de l\u2019opposition zambienne, Hakainde Hichilema, a annonc\u00e9 la nouvelle du d\u00e9c\u00e8s de Kaunda, en \u00e9crivant sur Twitter que l\u2019ancien pr\u00e9sident \u00ab est d\u00e9c\u00e9d\u00e9 paisiblement \u00e0 Lusaka aujourd\u2019hui apr\u00e8s une courte maladie \u00bb.<\/p>\n<p>\u00ab Nous avons appris avec une profonde tristesse, le d\u00e9c\u00e8s du premier pr\u00e9sident de la Zambie et notre p\u00e8re fondateur, le Dr Kenneth David Buchizya Kaunda \u00bb, a poursuivi Hichilema.<\/p>\n<p>Kenneth Kaunda \u00e9tait soign\u00e9 pour une pneumonie dans un h\u00f4pital militaire Maina Soko de la capitale, Lusaka, avait indiqu\u00e9 son Cabinet en d\u00e9but de semaine.<\/p>\n<p>N\u00e9 le 28 avril 1924, M. Kaunda a dirig\u00e9 la Zambie de l\u2019ind\u00e9pendance, en 1964, \u00e0 1991.<\/p>\n<\/div>\n<p>Auteur: APA News<br \/>\n<a href=\"https:\/\/www.journalducameroun.com\/deces-du-premier-president-de-la-zambie\/\">Cliquez ici pour lire l&rsquo;article depuis sa source.<\/a><\/p>\n","protected":false},"excerpt":{"rendered":"<p>Publi\u00e9 le 17.06.2021 \u00e0 19h18 par APA News Kenneth Kaunda est d\u00e9c\u00e9d\u00e9 ce jeudi 17 juin 2021, quelques jours apr\u00e8s son admission \u00e0 l\u2019h\u00f4pital pour une pneumonie.Le principal leader de l\u2019opposition zambienne, Hakainde Hichilema, a annonc\u00e9 la nouvelle du d\u00e9c\u00e8s de Kaunda, en \u00e9crivant sur Twitter que l\u2019ancien pr\u00e9sident \u00ab est d\u00e9c\u00e9d\u00e9 paisiblement \u00e0 Lusaka [&hellip;]<\/p>\n","protected":false},"author":1965,"featured_media":0,"comment_status":"closed","ping_status":"closed","sticky":false,"template":"","format":"standard","meta":{"fifu_image_url":"","fifu_image_alt":"","footnotes":""},"categories":[73,82],"tags":[],"class_list":["post-118795","post","type-post","status-publish","format-standard","hentry","category-actualite","category-cameroun"],"_links":{"self":[{"href":"https:\/\/linitiative.ca\/International\/wp-json\/wp\/v2\/posts\/118795","targetHints":{"allow":["GET"]}}],"collection":[{"href":"https:\/\/linitiative.ca\/International\/wp-json\/wp\/v2\/posts"}],"about":[{"href":"https:\/\/linitiative.ca\/International\/wp-json\/wp\/v2\/types\/post"}],"author":[{"embeddable":true,"href":"https:\/\/linitiative.ca\/International\/wp-json\/wp\/v2\/users\/1965"}],"replies":[{"embeddable":true,"href":"https:\/\/linitiative.ca\/International\/wp-json\/wp\/v2\/comments?post=118795"}],"version-history":[{"count":0,"href":"https:\/\/linitiative.ca\/International\/wp-json\/wp\/v2\/posts\/118795\/revisions"}],"wp:attachment":[{"href":"https:\/\/linitiative.ca\/International\/wp-json\/wp\/v2\/media?parent=118795"}],"wp:term":[{"taxonomy":"category","embeddable":true,"href":"https:\/\/linitiative.ca\/International\/wp-json\/wp\/v2\/categories?post=118795"},{"taxonomy":"post_tag","embeddable":true,"href":"https:\/\/linitiative.ca\/International\/wp-json\/wp\/v2\/tags?post=118795"}],"curies":[{"name":"wp","href":"https:\/\/api.w.org\/{rel}","templated":true}]}}