{"id":118796,"date":"2021-06-17T15:18:01","date_gmt":"2021-06-17T19:18:01","guid":{"rendered":"https:\/\/linitiative.ca\/International\/hausse-inquietante-des-cas-de-covid-19-en-afrique-oms\/"},"modified":"2021-06-17T15:18:01","modified_gmt":"2021-06-17T19:18:01","slug":"hausse-inquietante-des-cas-de-covid-19-en-afrique-oms","status":"publish","type":"post","link":"https:\/\/linitiative.ca\/International\/hausse-inquietante-des-cas-de-covid-19-en-afrique-oms\/","title":{"rendered":"Hausse inqui\u00e9tante des cas de Covid-19 en Afrique (OMS)"},"content":{"rendered":"<div readability=\"32\">\n<p>Publi\u00e9 le 17.06.2021 \u00e0 20h18 par APA News<\/p>\n<\/div>\n<div readability=\"150\">\n<p>La situation actuelle se rapproche du pic de la premi\u00e8re vague, selon l\u2019Organisation mondiale de la Sant\u00e9 (OMS).L\u2019Afrique risque-t-elle de revivre les difficiles moments de la premi\u00e8re vague de la pand\u00e9mie ? Tout laisse \u00e0 le croire. Les cas de Covid-19 ont en effet augment\u00e9 de plus de 20 % d\u2019une semaine \u00e0 l\u2019autre \u00e0 travers le continent. Rien que pour la semaine derni\u00e8re, les nouveaux cas \u00e0 l\u2019\u00e9chelle du continent ont augment\u00e9 de pr\u00e8s de 30%. Au cours de la m\u00eame semaine, les d\u00e9c\u00e8s ont augment\u00e9 de pr\u00e8s de 15 % pour atteindre plus de 2.200 dans 36 pays.<\/p>\n<p>L\u2019Afrique se rapproche ainsi du pic de la premi\u00e8re vague, soit plus de 120.000 cas hebdomadaires enregistr\u00e9s en juillet 2020, selon de nouvelles donn\u00e9es de la branche africaine de l\u2019OMS.<\/p>\n<p>Sur le terrain, souligne l\u2019OMS, les signes d\u2019une troisi\u00e8me vague se multiplient. Les cas sont pass\u00e9s \u00e0 plus de 116.500 au cours de la semaine se terminant le 13 juin, contre pr\u00e8s de 91.000 cas la semaine pr\u00e9c\u00e9dente. Une dynamique not\u00e9e apr\u00e8s un mois \u00ab d\u2019augmentation progressive \u00bb du nombre de cas qui a permis au continent de d\u00e9passer la barre des 5 millions de cas.<\/p>\n<p>Inqui\u00e9tudes dans trois r\u00e9gions africaines<\/p>\n<p>A en croire l\u2019organisme onusien en charge de la Sant\u00e9 mondiale, seule l\u2019Afrique reste sujette \u00e0 une augmentation du nombre de cas de Covid-19. Alors que dans les cinq autres r\u00e9gions de l\u2019OMS \u00e0 travers le monde, le nombre de nouvelles infections continue de baisser.<\/p>\n<p>Cinq pays repr\u00e9sentent 76 % des nouveaux cas : l\u2019Afrique du Sud avec 43 %, suivie par la Tunisie, la Zambie, l\u2019Ouganda et la Namibie. La R\u00e9publique d\u00e9mocratique du Congo (RDC), la Namibie et l\u2019Ouganda ont signal\u00e9 leur plus grand nombre de nouveaux cas hebdomadaires depuis le d\u00e9but de la pand\u00e9mie.<\/p>\n<p>Les nouveaux cas enregistr\u00e9s chaque semaine en Afrique ont d\u00e9sormais d\u00e9pass\u00e9 la moiti\u00e9 du pic de la deuxi\u00e8me vague de plus de 224.000 cas hebdomadaires enregistr\u00e9s d\u00e9but janvier 2021. Pour la directrice du Bureau de l\u2019OMS pour l\u2019Afrique, Dr Matshidiso Moeti, le continent est en train de vivre une v\u00e9ritable troisi\u00e8me vague.<\/p>\n<p>\u00ab La trajectoire de l\u2019augmentation des cas donne \u00e0 r\u00e9fl\u00e9chir et devrait inciter tout le monde \u00e0 agir de toute urgence \u00bb, a-t-elle dit.<\/p>\n<p>Parmi les facteurs expliquant cette tendance \u00e0 la hausse, l\u2019OMS avance \u00ab le manque d\u2019adh\u00e9sion aux mesures de pr\u00e9vention\u00a0\u00bb. Cette nouvelle donne co\u00efncide aussi avec un climat plus froid en Afrique australe et avec la propagation de variantes plus contagieuses.<\/p>\n<p>A l\u2019instar du variant Delta, d\u00e9tect\u00e9 pour la premi\u00e8re fois en Inde en octobre 2020, qui a \u00e9t\u00e9 signal\u00e9 dans 14 pays africains. Les variants Alpha (britannique) et Beta (sud-africain) sont, quant \u00e0 eux, pr\u00e9sents dans plus de 25 pays africains.<\/p>\n<p>Cinq millions de doses administr\u00e9es en cinq jours<\/p>\n<p>\u00ab Nous avons vu en Inde et ailleurs \u00e0 quelle vitesse le nouveau coronavirus peut rebondir et submerger les syst\u00e8mes de sant\u00e9 \u00bb, a mis en garde la Dr Moeti, pr\u00f4nant un renforcement des mesures de sant\u00e9 publique, en trouvant, testant, isolant et soignant les patients ainsi qu\u2019en retra\u00e7ant rapidement les cas contacts.<\/p>\n<p>Par ailleurs, cette nouvelle flamb\u00e9e s\u2019explique en partie aussi par le difficile d\u00e9ploiement de la vaccination sur le continent, surtout par rapport au reste du monde.<\/p>\n<p>Certes le d\u00e9ploiement en Afrique s\u2019acc\u00e9l\u00e8re avec plus de 5 millions de doses administr\u00e9es au cours des cinq derniers jours, contre environ 3,5 millions de doses par semaine au cours des trois derni\u00e8res semaines. Pr\u00e8s de 12 millions de personnes sont d\u00e9sormais enti\u00e8rement vaccin\u00e9es, mais cela repr\u00e9sente toujours moins de 1 % de la population africaine.<\/p>\n<p>Vingt-trois pays africains ont utilis\u00e9 moins de la moiti\u00e9 des doses qu\u2019ils ont re\u00e7ues jusqu\u2019\u00e0 pr\u00e9sent, dont quatre des pays qui connaissent une r\u00e9surgence.<\/p>\n<p>Vacciner et remobiliser les communaut\u00e9s\u00a0<\/p>\n<p>\u00ab L\u2019augmentation du nombre de cas et de d\u00e9c\u00e8s est un signal d\u2019alarme urgent pour ceux qui sont \u00e0 la tra\u00eene, qui doivent rapidement multiplier les sites de vaccination, atteindre les groupes prioritaires et r\u00e9pondre aux pr\u00e9occupations de la communaut\u00e9 \u00bb, a fait valoir la Dr Moeti.<\/p>\n<p>A noter que pr\u00e8s de 85 % de toutes les doses de vaccin dans le monde ont \u00e9t\u00e9 administr\u00e9es dans des pays \u00e0 revenu \u00e9lev\u00e9 ou moyen sup\u00e9rieur \u2013 une moyenne de 68 doses pour 100 personnes dans les pays \u00e0 revenu \u00e9lev\u00e9, contre pr\u00e8s de 2 doses pour 100 personnes en Afrique.<\/p>\n<p>Malgr\u00e9 ces difficult\u00e9s dans l\u2019acc\u00e8s vaccinal, l\u2019OMS dit aider les pays \u00e0 examiner et \u00e0 mettre en \u0153uvre des plans de r\u00e9surgence jusqu\u2019au niveau du district. L\u2019Agence sanitaire mondiale de l\u2019ONU \u00e9largit \u00e9galement l\u2019acc\u00e8s \u00e0 des tests de diagnostic rapide faciles \u00e0 utiliser pour la d\u00e9tection d\u2019antig\u00e8nes dans les communaut\u00e9s qui n\u2019auraient pas acc\u00e8s aux tests standard PCR.<\/p>\n<p>Avec ses partenaires, l\u2019OMS mobilise aussi les communaut\u00e9s des pays africains par l\u2019interm\u00e9diaire de leurs dirigeants et de leurs associations, ainsi que par le biais des m\u00e9dias sociaux, afin de promouvoir l\u2019adh\u00e9sion aux mesures pr\u00e9ventives, de contrer les rumeurs ou la d\u00e9sinformation et de surmonter l\u2019h\u00e9sitation \u00e0 se faire vacciner.<\/p>\n<\/div>\n<p>Auteur: APA News<br \/>\n<a href=\"https:\/\/www.journalducameroun.com\/hausse-inquietante-des-cas-de-covid-19-en-afrique-oms\/\">Cliquez ici pour lire l&rsquo;article depuis sa source.<\/a><\/p>\n","protected":false},"excerpt":{"rendered":"<p>Publi\u00e9 le 17.06.2021 \u00e0 20h18 par APA News La situation actuelle se rapproche du pic de la premi\u00e8re vague, selon l\u2019Organisation mondiale de la Sant\u00e9 (OMS).L\u2019Afrique risque-t-elle de revivre les difficiles moments de la premi\u00e8re vague de la pand\u00e9mie ? Tout laisse \u00e0 le croire. Les cas de Covid-19 ont en effet augment\u00e9 de plus [&hellip;]<\/p>\n","protected":false},"author":1965,"featured_media":0,"comment_status":"closed","ping_status":"closed","sticky":false,"template":"","format":"standard","meta":{"fifu_image_url":"","fifu_image_alt":"","footnotes":""},"categories":[73,82],"tags":[],"class_list":["post-118796","post","type-post","status-publish","format-standard","hentry","category-actualite","category-cameroun"],"_links":{"self":[{"href":"https:\/\/linitiative.ca\/International\/wp-json\/wp\/v2\/posts\/118796","targetHints":{"allow":["GET"]}}],"collection":[{"href":"https:\/\/linitiative.ca\/International\/wp-json\/wp\/v2\/posts"}],"about":[{"href":"https:\/\/linitiative.ca\/International\/wp-json\/wp\/v2\/types\/post"}],"author":[{"embeddable":true,"href":"https:\/\/linitiative.ca\/International\/wp-json\/wp\/v2\/users\/1965"}],"replies":[{"embeddable":true,"href":"https:\/\/linitiative.ca\/International\/wp-json\/wp\/v2\/comments?post=118796"}],"version-history":[{"count":0,"href":"https:\/\/linitiative.ca\/International\/wp-json\/wp\/v2\/posts\/118796\/revisions"}],"wp:attachment":[{"href":"https:\/\/linitiative.ca\/International\/wp-json\/wp\/v2\/media?parent=118796"}],"wp:term":[{"taxonomy":"category","embeddable":true,"href":"https:\/\/linitiative.ca\/International\/wp-json\/wp\/v2\/categories?post=118796"},{"taxonomy":"post_tag","embeddable":true,"href":"https:\/\/linitiative.ca\/International\/wp-json\/wp\/v2\/tags?post=118796"}],"curies":[{"name":"wp","href":"https:\/\/api.w.org\/{rel}","templated":true}]}}