{"id":118797,"date":"2021-06-17T17:18:01","date_gmt":"2021-06-17T21:18:01","guid":{"rendered":"https:\/\/linitiative.ca\/International\/tic-ouverture-a-abidjan-dun-centre-de-formation-et-de-certification-pearson-vue\/"},"modified":"2021-06-17T17:18:01","modified_gmt":"2021-06-17T21:18:01","slug":"tic-ouverture-a-abidjan-dun-centre-de-formation-et-de-certification-pearson-vue","status":"publish","type":"post","link":"https:\/\/linitiative.ca\/International\/tic-ouverture-a-abidjan-dun-centre-de-formation-et-de-certification-pearson-vue\/","title":{"rendered":"TIC : ouverture \u00e0 Abidjan d\u2019un centre de formation et de certification Pearson Vue"},"content":{"rendered":"<div readability=\"32\">\n<p>Publi\u00e9 le 17.06.2021 \u00e0 22h18 par APA News<\/p>\n<\/div>\n<div readability=\"112\">\n<p>Le centre de formation et de certification Peason Vue a \u00e9t\u00e9 officiellement ouvert, jeudi \u00e0 Abidjan, \u00e0 l\u2019Ecole sup\u00e9rieure africaine des techniques de l\u2019Information et de la communication (ESATIC) par le ministre ivoirien de l\u2019\u00c9conomie num\u00e9rique, des t\u00e9l\u00e9communications et de l\u2019innovation, Roger Adom.<\/p>\n<p>\u00ab En ouvrant officiellement les centres de formation et de certification CISCO et Pearson Vue, vous donnez l\u2019occasion \u00e0 l\u2019ESATIC de faire plus de formations continues pour renforcer ses ressources propres d\u2019une part et de contribuer \u00e0 renforcer l\u2019employabilit\u00e9 de ses \u00e9tudiants et des cadres de l\u2019administration et du secteur priv\u00e9 \u00bb, a d\u00e9clar\u00e9 dans une allocution, le directeur g\u00e9n\u00e9ral de l\u2019ESATIC, Prof Adama Konat\u00e9.<\/p>\n<p>Ainsi, s\u2019est-il f\u00e9licit\u00e9, \u00e0 partir de 2022, plus de 90% des \u00e9tudiants sortiront avec, en plus du dipl\u00f4me ESATIC, une certification internationale. \u00ab Nous allons achever avant la rentr\u00e9e prochaine la certification de l\u2019ESATIC \u00e0 la norme ISO 9001 version 2015 \u00bb, a ajout\u00e9 Prof Adama Konat\u00e9.<\/p>\n<p>Pearson Vue est un organisme international qui propose aux fournisseurs de technologies des centres de tests leur permettant d\u2019organiser le passage des certifications propos\u00e9es dans leurs catalogues. \u00a0Pr\u00e9sent dans plus de 160 pays, le groupe poss\u00e8de 230 centres de formation, et r\u00e9unit un r\u00e9seau de plus de 4 000 organismes certifi\u00e9s.<\/p>\n<p>Le ministre Roger Adom qui effectuait sa premi\u00e8re visite \u00e0 l\u2019ESATIC depuis sa nomination d\u00e9but avril dernier, a salu\u00e9 la direction, le corps enseignant et les \u00e9tudiants pour la dynamique insuffler \u00e0 cette \u00e9cole \u00e0 travers les excellents r\u00e9sultats obtenus.<\/p>\n<p>La visite des locaux, des installations et des chantiers a permis \u00e0 M. Adom de toucher du doigt les r\u00e9alit\u00e9s de la communaut\u00e9 \u00e9ducative de l\u2019ESATIC de fa\u00e7on g\u00e9n\u00e9rale et celles de l\u2019ensemble des travailleurs, et des \u00e9tudiants. \u00a0<\/p>\n<p>Prenant bonne note des dol\u00e9ances formul\u00e9es par le directeur g\u00e9n\u00e9ral de l\u2019\u00e9cole, notamment l\u2019extension de l\u2019ESATIC au-del\u00e0 de la ville d\u2019Abidjan, le ministre Roger Adom a marqu\u00e9 sa disponible pour aider \u00e0 la r\u00e9alisation de ce v\u0153ux.<\/p>\n<p>\u00ab L\u2019avenir vous appartient, et je suis persuad\u00e9 que vote avenir sera radieux\u00bb, car \u00ab parmi vous, il y aura un jour, un ministre de l\u2019\u00e9conomie num\u00e9rique \u00bb, a lanc\u00e9 M. Adom en s\u2019adressant aux \u00e9tudiants dont une vingtaine a \u00e9t\u00e9 \u00a0r\u00e9compens\u00e9e au cours de cette c\u00e9r\u00e9monie.<\/p>\n<p>Cr\u00e9\u00e9e en 2012, l\u2019Ecole sup\u00e9rieure africaine des technologies de l\u2019information et de la communication (ESATIC) est un \u00e9tablissement public d\u2019enseignement sup\u00e9rieur qui forme des cadres dans le secteur des \u00a0technologies de l\u2019information et de la communication (TIC). Elle est \u00e9galement charg\u00e9e de faire de la recherche et du d\u00e9veloppement. A ce jour, l\u2019ESATIC compte 650 \u00e9tudiants dont 18,23% de filles.<\/p>\n<p>\u00a0Cette \u00e9cole qui a form\u00e9 591 dipl\u00f4m\u00e9s dont 159 en master depuis 2015, r\u00e9alise chaque ann\u00e9e un taux de r\u00e9ussite sup\u00e9rieur \u00e0 92%. Le taux d\u2019insertion professionnelle des dipl\u00f4m\u00e9s de master et de licence est de plus de 87% dans les six mois qui suivent la fin de leur formation.<\/p>\n<p>\u00a0Enfin, l\u2019ESATIC qui est un Centre d\u2019excellence UIT (Union internationale des t\u00e9l\u00e9communications) et un Centre d\u2019excellence de la Banque africaine de d\u00e9veloppement (BAD) compte huit th\u00e8ses de doctorat encadr\u00e9es et soutenues, et 16 th\u00e8ses en cours d\u2019encadrement.<\/p>\n<\/div>\n<p>Auteur: APA News<br \/>\n<a href=\"https:\/\/www.journalducameroun.com\/tic-ouverture-a-abidjan-dun-centre-de-formation-et-de-certification-pearson-vue\/\">Cliquez ici pour lire l&rsquo;article depuis sa source.<\/a><\/p>\n","protected":false},"excerpt":{"rendered":"<p>Publi\u00e9 le 17.06.2021 \u00e0 22h18 par APA News Le centre de formation et de certification Peason Vue a \u00e9t\u00e9 officiellement ouvert, jeudi \u00e0 Abidjan, \u00e0 l\u2019Ecole sup\u00e9rieure africaine des techniques de l\u2019Information et de la communication (ESATIC) par le ministre ivoirien de l\u2019\u00c9conomie num\u00e9rique, des t\u00e9l\u00e9communications et de l\u2019innovation, Roger Adom. \u00ab En ouvrant officiellement [&hellip;]<\/p>\n","protected":false},"author":1965,"featured_media":0,"comment_status":"closed","ping_status":"closed","sticky":false,"template":"","format":"standard","meta":{"fifu_image_url":"","fifu_image_alt":"","footnotes":""},"categories":[73,82],"tags":[],"class_list":["post-118797","post","type-post","status-publish","format-standard","hentry","category-actualite","category-cameroun"],"_links":{"self":[{"href":"https:\/\/linitiative.ca\/International\/wp-json\/wp\/v2\/posts\/118797","targetHints":{"allow":["GET"]}}],"collection":[{"href":"https:\/\/linitiative.ca\/International\/wp-json\/wp\/v2\/posts"}],"about":[{"href":"https:\/\/linitiative.ca\/International\/wp-json\/wp\/v2\/types\/post"}],"author":[{"embeddable":true,"href":"https:\/\/linitiative.ca\/International\/wp-json\/wp\/v2\/users\/1965"}],"replies":[{"embeddable":true,"href":"https:\/\/linitiative.ca\/International\/wp-json\/wp\/v2\/comments?post=118797"}],"version-history":[{"count":0,"href":"https:\/\/linitiative.ca\/International\/wp-json\/wp\/v2\/posts\/118797\/revisions"}],"wp:attachment":[{"href":"https:\/\/linitiative.ca\/International\/wp-json\/wp\/v2\/media?parent=118797"}],"wp:term":[{"taxonomy":"category","embeddable":true,"href":"https:\/\/linitiative.ca\/International\/wp-json\/wp\/v2\/categories?post=118797"},{"taxonomy":"post_tag","embeddable":true,"href":"https:\/\/linitiative.ca\/International\/wp-json\/wp\/v2\/tags?post=118797"}],"curies":[{"name":"wp","href":"https:\/\/api.w.org\/{rel}","templated":true}]}}