{"id":118801,"date":"2021-06-17T12:39:49","date_gmt":"2021-06-17T16:39:49","guid":{"rendered":"https:\/\/linitiative.ca\/International\/affaire-camwater-le-covid-19-bloque-le-proces-de-basile-atangana-kouna-et-cie\/"},"modified":"2021-06-17T12:39:49","modified_gmt":"2021-06-17T16:39:49","slug":"affaire-camwater-le-covid-19-bloque-le-proces-de-basile-atangana-kouna-et-cie","status":"publish","type":"post","link":"https:\/\/linitiative.ca\/International\/affaire-camwater-le-covid-19-bloque-le-proces-de-basile-atangana-kouna-et-cie\/","title":{"rendered":"Affaire Camwater: le covid-19 bloque le proc\u00e8s de Basile Atangana Kouna et cie"},"content":{"rendered":"<p>L\u2019audition des t\u00e9moins du Minist\u00e8re public n\u2019a pas eu lieu comme initialement pr\u00e9vue. De quoi susciter l\u2019embarras du repr\u00e9sentant du Parquet g\u00e9n\u00e9ral pr\u00e8s le Tribunal criminel sp\u00e9cial (Tcs)\u00a0:\u00a0\u00a0<em>\u00abNous devrions interroger les t\u00e9moins de l\u2019accusation. Cette diligence ne peut \u00eatre accomplie sans la pr\u00e9sence du conseil d\u2019au moins un des accus\u00e9s. Nous sommes aussi embarrass\u00e9s que vous. Nous osons croire qu\u2019il ne s\u2019agit pas d\u2019un dilatoire. Nous sommes embarrass\u00e9s parce que nous sommes en mati\u00e8re criminelle \u00bb,\u00a0<\/em>regrette le Minist\u00e8re public. L\u2019avocat g\u00e9n\u00e9ral r\u00e9agit ainsi \u00e0 la suite de Me Ndjon Alfred. Le repr\u00e9sentant de Me Ayissi Atangana, avocat de l\u2019accus\u00e9 Basile Atangana Kouna implore l\u2019indulgence du Tribunal, compte tenu de l\u2019absence de son coll\u00e8gue\u00a0:\u00a0\u00ab Me Ayissi pr\u00e9sente ses excuses eu \u00e9gard \u00e0 son indisponibilit\u00e9 pour assurer la d\u00e9fense de son client et proc\u00e9der \u00e9ventuellement \u00e0 la CROSS-EXAMINATION des t\u00e9moins de l\u2019accusation.\u00a0\u00bb Nenni. Me Ndjodo Bikoun juge irrecevables les excuses pr\u00e9sent\u00e9es par son coll\u00e8gue de la d\u00e9fense\u00a0: \u00ab<em>\u00a0Si j\u2019avais \u00e0 r\u00e9pondre de ces excuses, elles seraient rejet\u00e9es.\u00a0\u00bb<\/em>\u00a0Le d\u00e9fenseur des int\u00e9r\u00eats de l\u2019Etat du Cameroun dans cette affaire s\u2019interroge sur la conscience professionnelle qui anime ses coll\u00e8gues d\u2019en face\u00a0:\u00a0\u00ab\u00a0J\u2019esp\u00e8re que mes confr\u00e8res tiennent en compte les int\u00e9r\u00eats de leurs clients. Nous avons l\u2019habitude de dire que Kondengui n\u2019est pas le Hilton. J\u2019ai des comptes \u00e0 rendre \u00e0 un client et ce n\u2019est pas n\u2019importe quel client. Il s\u2019agit de l\u2019Etat du Cameroun. Mon v\u0153u est que la proc\u00e9dure \u00e9volue.\u00a0\u00bb Me Ndjodo questionne ensuite la sinc\u00e9rit\u00e9 du motif all\u00e9gu\u00e9. A cet effet, il \u00e9voque l\u2019\u00e9ventualit\u00e9 de la th\u00e8se d\u2019une man\u0153uvre relevant du\u00a0<em>\u00ab\u00a0dilatoire\u00a0\u00bb.<\/em><\/p>\n<p><strong>Lenteurs<\/strong><\/p>\n<p>Le d\u00e9faut d\u2019assistance de l\u2019accus\u00e9 Basile Atangana Kouna par ses avocats provoque la col\u00e8re. Me Faustine Fotso Kamdem appelle le Tribunal \u00e0 faire preuve de rigueur. Pour cette derni\u00e8re, \u00ab\u00a0<em>Si vous prenez une d\u00e9cision ferme, demain les gens seront ici. Lorsqu\u2019on est accus\u00e9, on n\u2019est pas en position de force.\u00a0\u00bb<\/em>\u00a0L\u2019avocat de l\u2019accus\u00e9, Victor Stanislas Atangana voit en la pr\u00e9sence \u00e0 l\u2019audience des t\u00e9moins du Minist\u00e8re public, une aubaine\u00a0:\u00a0<em>\u00ab\u00a0Ils peuvent \u00eatre l\u00e0 aujourd\u2019hui et demain ne pas l\u2019\u00eatre.\u00a0\u00bb<\/em>\u00a0Raison pour laquelle, le d\u00e9fenseur de sieur Atangana Stanislas estime que le Tribunal devrait faire bon usage de cette disponibilit\u00e9.\u00a0Me Faustine Fotso d\u00e9nonce ensuite la lenteur de la proc\u00e9dure occasionn\u00e9e par l\u2019absence de ses coll\u00e8gues.\u00a0<em>\u00ab\u00a0Cela fait plusieurs ann\u00e9es que nos clients sont incarc\u00e9r\u00e9s.\u00a0\u00bb<\/em><\/p>\n<p>Voyant ses d\u00e9fenseurs accul\u00e9s de tout bord, Basile Atangana Kouna n\u2019entend pas laisser pisser les m\u00e9rinos. Depuis le premier banc de l\u2019assistance, il vole au secours de ses avocats\u00a0:\u00a0<em>\u00ab\u00a0Je ne voudrais pas qu\u2019on\u00a0 fasse croire que j\u2019aurais \u00e9labor\u00e9 une strat\u00e9gie avec mes avocats. Je suis le premier \u00e0 vouloir sortir de prison. Me Atangana est malade. On lui a administr\u00e9 le vaccin contre le covid-19 et cela a provoqu\u00e9 des effets secondaires. Me Sack est intern\u00e9 \u00e0 Orca. Il souffre lui aussi du Covid-19.\u00a0\u00bb<\/em><\/p>\n<p>Apr\u00e8s d\u00e9lib\u00e9ration, l\u2019audience est suspendue. La cause est renvoy\u00e9e au 10 et 11 ao\u00fbt prochains pour assistance des accus\u00e9s par leurs conseils, et interrogatoire des t\u00e9moins de l\u2019accusation. Dans le cadre de cette affaire, le Minist\u00e8re public, l\u2019Etat du Cameroun\u00a0(Camwater),\u00a0et le Minist\u00e8re des Finances poursuivent\u00a0 les d\u00e9nomm\u00e9s\u00a0\u00a0\u00a0<strong>Basile Atangana Kouna<\/strong><strong>,\u00a0<\/strong><strong>Sollo Jean William<\/strong>, Victor Stanislas Atangana, Ren\u00e9 Martin Mbida, Jean Parfait Ko\u00e9, Jean Dieudonn\u00e9 Mah. Les mis en cause sont accus\u00e9s d\u2019infractions de\u00a0<em>d\u00e9tournement de biens publics et complicit\u00e9.<\/em><\/p>\n<p><em><strong>Ren\u00e9 Ombala<\/strong><\/em><\/p>\n<p>Auteur: EcoMatin<br \/>\n<a href=\"https:\/\/ecomatin.net\/affaire-camwater-le-covid-19-bloque-le-e-proces-de-basile-atangana-kouna-et-cie\/\">Cliquez ici pour lire l&rsquo;article depuis sa source.<\/a><\/p>\n","protected":false},"excerpt":{"rendered":"<p>L\u2019audition des t\u00e9moins du Minist\u00e8re public n\u2019a pas eu lieu comme initialement pr\u00e9vue. De quoi susciter l\u2019embarras du repr\u00e9sentant du Parquet g\u00e9n\u00e9ral pr\u00e8s le Tribunal criminel sp\u00e9cial (Tcs)\u00a0:\u00a0\u00a0\u00abNous devrions interroger les t\u00e9moins de l\u2019accusation. Cette diligence ne peut \u00eatre accomplie sans la pr\u00e9sence du conseil d\u2019au moins un des accus\u00e9s. Nous sommes aussi embarrass\u00e9s que [&hellip;]<\/p>\n","protected":false},"author":1969,"featured_media":0,"comment_status":"closed","ping_status":"closed","sticky":false,"template":"","format":"standard","meta":{"fifu_image_url":"","fifu_image_alt":"","footnotes":""},"categories":[82,78],"tags":[],"class_list":["post-118801","post","type-post","status-publish","format-standard","hentry","category-cameroun","category-economie"],"_links":{"self":[{"href":"https:\/\/linitiative.ca\/International\/wp-json\/wp\/v2\/posts\/118801","targetHints":{"allow":["GET"]}}],"collection":[{"href":"https:\/\/linitiative.ca\/International\/wp-json\/wp\/v2\/posts"}],"about":[{"href":"https:\/\/linitiative.ca\/International\/wp-json\/wp\/v2\/types\/post"}],"author":[{"embeddable":true,"href":"https:\/\/linitiative.ca\/International\/wp-json\/wp\/v2\/users\/1969"}],"replies":[{"embeddable":true,"href":"https:\/\/linitiative.ca\/International\/wp-json\/wp\/v2\/comments?post=118801"}],"version-history":[{"count":0,"href":"https:\/\/linitiative.ca\/International\/wp-json\/wp\/v2\/posts\/118801\/revisions"}],"wp:attachment":[{"href":"https:\/\/linitiative.ca\/International\/wp-json\/wp\/v2\/media?parent=118801"}],"wp:term":[{"taxonomy":"category","embeddable":true,"href":"https:\/\/linitiative.ca\/International\/wp-json\/wp\/v2\/categories?post=118801"},{"taxonomy":"post_tag","embeddable":true,"href":"https:\/\/linitiative.ca\/International\/wp-json\/wp\/v2\/tags?post=118801"}],"curies":[{"name":"wp","href":"https:\/\/api.w.org\/{rel}","templated":true}]}}