{"id":118803,"date":"2021-06-18T10:32:09","date_gmt":"2021-06-18T14:32:09","guid":{"rendered":"https:\/\/linitiative.ca\/International\/bientot-un-prix-national-des-meilleures-publications-dans-les-encyclopedies-digitales\/"},"modified":"2021-06-18T10:32:09","modified_gmt":"2021-06-18T14:32:09","slug":"bientot-un-prix-national-des-meilleures-publications-dans-les-encyclopedies-digitales","status":"publish","type":"post","link":"https:\/\/linitiative.ca\/International\/bientot-un-prix-national-des-meilleures-publications-dans-les-encyclopedies-digitales\/","title":{"rendered":"Bient\u00f4t un prix national des  meilleures publications dans  les encyclop\u00e9dies digitales"},"content":{"rendered":"<figure class=\"post-thumbnail\" itemprop=\"associatedMedia\" itemscope=\"itemscope\" itemtype=\"http:\/\/schema.org\/ImageObject\"><img decoding=\"async\" class=\"post_layout_5_img\" src=\"http:\/\/aujourdhui.ma\/wp-content\/uploads\/2021\/06\/ministre-culture-mag.jpg\" alt=\"Bient\u00f4t un prix national des meilleures publications dans les encyclop\u00e9dies digitales\"\/><\/figure>\n<p><strong><span class=\"c6\">Encourager la d\u00e9mocratisation de la culture,<\/span> promouvoir la richesse culturelle\u2026<\/strong><span id=\"more-379494\"\/><\/p>\n<p>Mettre en valeur les \u0153uvres intellectuelles marocaines, promouvoir l\u2019offre nationale\u2026 tels sont les objectifs d\u2019un accord de partenariat sign\u00e9 r\u00e9cemment entre le minist\u00e8re de la culture, de la jeunesse et des sports et l\u2019Acad\u00e9mie du Royaume du Maroc. Concr\u00e8tement, cette convention vise \u00e0 cr\u00e9er un prix national des meilleures publications culturelles sur les encyclop\u00e9dies digitales participatives (texte, image, audio, vid\u00e9o), ainsi qu\u2019un programme de formation des doctorants-chercheurs de l\u2019Acad\u00e9mie et des collaborateurs des institutions sous tutelle du minist\u00e8re aux meilleures pratiques de contribution \u00e0 ces plateformes de contenus g\u00e9n\u00e9r\u00e9s par les utilisateurs.<\/p>\n<p>\u00abCe projet vise \u00e0 accompagner l\u2019\u00e9mergence des nouveaux usages culturels et digitaux, \u00e0 encourager la d\u00e9mocratisation de la culture et \u00e0 promouvoir la richesse culturelle et symbolique nationale dans plusieurs langues\u00bb, a indiqu\u00e9 \u00e0 propos de cette initiative Othman El Firdaous, ministre de la culture, de la jeunesse et du sport, sur sa page officielle. Le ministre a not\u00e9 dans ce sens que la mise en \u0153uvre effective de cette \u00e9troite collaboration entre les deux institutions a d\u2019ores et d\u00e9j\u00e0 permis \u00abla mise en place de plusieurs m\u00e9canismes et r\u00e9f\u00e9rences de base, \u00e0 savoir un document de cadrage d\u00e9finissant la vision strat\u00e9gique, un plan de travail d\u00e9finissant les principaux jalons du projet, le cadre acad\u00e9mique ainsi que le r\u00e8glement du prix, et un large panel de sp\u00e9cialistes ainsi qu\u2019un jury form\u00e9 d\u2019experts acad\u00e9miques\u00bb.<\/p>\n<p>Dans le m\u00eame cadre, le secr\u00e9taire perp\u00e9tuel de l\u2019Acad\u00e9mie du Royaume, Abdeljalil Lahjomri, a soulign\u00e9 pour sa part que ce projet vise \u00e0 \u00abrenforcer le partenariat culturel ainsi que les ponts de coop\u00e9ration intellectuelle entre l\u2019Acad\u00e9mie et le minist\u00e8re tout en signalant que ce projet se focalise en premier lieu sur \u00ables aspects culturels, notamment les composantes du patrimoine marocain\u00bb. M. Lahjomri a en outre fait savoir que \u00abde nombreuses informations et donn\u00e9es sur l\u2019histoire et la culture du Maroc qui circulent sur les r\u00e9seaux sociaux ne se basent sur aucune approche scientifique, outre l\u2019absence des r\u00e9f\u00e9rences leur assignant un minimum d\u2019objectivit\u00e9 et d\u2019int\u00e9grit\u00e9 intellectuelle\u00bb.<\/p>\n<p>A cet effet, le minist\u00e8re et l\u2019Acad\u00e9mie ont d\u00e9cid\u00e9 de se pencher dans une premi\u00e8re \u00e9tape de ce projet sur les contenus des encyclop\u00e9dies digitales mondiales qui concernent le patrimoine national par ses diff\u00e9rentes expressions, notamment sur les informations et les donn\u00e9es historiques et patrimoniales.<\/p>\n<p>Auteur: ALM<br \/>\n<a href=\"https:\/\/aujourdhui.ma\/culture\/bientot-un-prix-national-des-meilleures-publications-dans-les-encyclopedies-digitales\">Cliquez ici pour lire l&rsquo;article depuis sa source.<\/a><\/p>\n","protected":false},"excerpt":{"rendered":"<p>Encourager la d\u00e9mocratisation de la culture, promouvoir la richesse culturelle\u2026 Mettre en valeur les \u0153uvres intellectuelles marocaines, promouvoir l\u2019offre nationale\u2026 tels sont les objectifs d\u2019un accord de partenariat sign\u00e9 r\u00e9cemment entre le minist\u00e8re de la culture, de la jeunesse et des sports et l\u2019Acad\u00e9mie du Royaume du Maroc. Concr\u00e8tement, cette convention vise \u00e0 cr\u00e9er un [&hellip;]<\/p>\n","protected":false},"author":1759,"featured_media":0,"comment_status":"closed","ping_status":"closed","sticky":false,"template":"","format":"standard","meta":{"fifu_image_url":"http:\/\/aujourdhui.ma\/wp-content\/uploads\/2021\/06\/ministre-culture-mag.jpg","fifu_image_alt":"Bient\u00f4t un prix national des  meilleures publications dans  les encyclop\u00e9dies digitales","footnotes":""},"categories":[73,54],"tags":[],"class_list":["post-118803","post","type-post","status-publish","format-standard","hentry","category-actualite","category-maroc"],"_links":{"self":[{"href":"https:\/\/linitiative.ca\/International\/wp-json\/wp\/v2\/posts\/118803","targetHints":{"allow":["GET"]}}],"collection":[{"href":"https:\/\/linitiative.ca\/International\/wp-json\/wp\/v2\/posts"}],"about":[{"href":"https:\/\/linitiative.ca\/International\/wp-json\/wp\/v2\/types\/post"}],"author":[{"embeddable":true,"href":"https:\/\/linitiative.ca\/International\/wp-json\/wp\/v2\/users\/1759"}],"replies":[{"embeddable":true,"href":"https:\/\/linitiative.ca\/International\/wp-json\/wp\/v2\/comments?post=118803"}],"version-history":[{"count":0,"href":"https:\/\/linitiative.ca\/International\/wp-json\/wp\/v2\/posts\/118803\/revisions"}],"wp:attachment":[{"href":"https:\/\/linitiative.ca\/International\/wp-json\/wp\/v2\/media?parent=118803"}],"wp:term":[{"taxonomy":"category","embeddable":true,"href":"https:\/\/linitiative.ca\/International\/wp-json\/wp\/v2\/categories?post=118803"},{"taxonomy":"post_tag","embeddable":true,"href":"https:\/\/linitiative.ca\/International\/wp-json\/wp\/v2\/tags?post=118803"}],"curies":[{"name":"wp","href":"https:\/\/api.w.org\/{rel}","templated":true}]}}