{"id":118804,"date":"2021-06-18T10:33:20","date_gmt":"2021-06-18T14:33:20","guid":{"rendered":"https:\/\/linitiative.ca\/International\/le-feu-qui-forge-une-exposition-collective-a-latelier-21\/"},"modified":"2021-06-18T10:33:20","modified_gmt":"2021-06-18T14:33:20","slug":"le-feu-qui-forge-une-exposition-collective-a-latelier-21","status":"publish","type":"post","link":"https:\/\/linitiative.ca\/International\/le-feu-qui-forge-une-exposition-collective-a-latelier-21\/","title":{"rendered":"\u00abLe Feu qui forge\u00bb : Une exposition collective \u00e0 L\u2019Atelier 21"},"content":{"rendered":"<header>\n<div class=\"entry-post-meta\">\n<div class=\"author-link\">Publi\u00e9 par <a itemprop=\"author\" itemscope=\"itemscope\" itemtype=\"https:\/\/schema.org\/Person\" href=\"https:\/\/aujourdhui.ma\/author\/blio\" rel=\"author\"><span itemprop=\"name\">ALM<\/span><\/a><\/div>\n<p>Date\u00a0:<time content=\"2021-06-18T15:33:20+01:00\" class=\"entry-date updated\" datetime=\"2021-06-18T15:33:20+01:00\">juin 18, 2021<\/time><\/p>\n<div class=\"entry-cat\">dans:<a href=\"https:\/\/aujourdhui.ma\/category\/culture\" rel=\"category tag\">Culture<\/a><\/div>\n<p>17Vues<\/p>\n<\/div>\n<\/header>\n<div class=\"entry-content clearfix\" readability=\"60\">\n<figure class=\"post-thumbnail\" itemprop=\"associatedMedia\" itemscope=\"itemscope\" itemtype=\"http:\/\/schema.org\/ImageObject\"><img decoding=\"async\" class=\"post_layout_5_img\" src=\"http:\/\/aujourdhui.ma\/wp-content\/uploads\/2021\/06\/EricVanHove-MahjoubaI-TechniqueMixte.jpg\" alt=\"\u00abLe Feu qui forge\u00bb : Une exposition collective \u00e0 L\u2019Atelier 21\"\/><\/figure>\n<p><span class=\"c6\"><strong>Elle c\u00e9l\u00e8bre l\u2019apport de Melehi au champ des arts plastiques au Maroc<\/strong><\/span><span id=\"more-379497\"\/><\/p>\n<p>Du 22 juin au 30 juillet, la galerie d\u2019art L\u2019Atelier 21 \u00e0 Casablanca accueille l\u2019exposition collective intitul\u00e9e \u00ab Le Feu qui forge \u00bb. Cette exposition, dont le commissariat a \u00e9t\u00e9 confi\u00e9 \u00e0 Salma Lahlou, c\u00e9l\u00e8bre l\u2019apport de Mohamed Melehi (1936-2020) dans le champ des arts plastiques au Maroc. \u00ab Dans le cadre de l\u2019invitation qui m\u2019est faite par L\u2019Atelier 21 de penser une exposition collective \u00e0 partir de l\u2019\u0153uvre de Mohamed Melehi, j\u2019ai voulu me concentrer sur la radicalit\u00e9 de son \u00e9criture plastique et les revendications esth\u00e9tiques qu\u2019elle soul\u00e8ve. Car Melehi, en lib\u00e9rant la forme et la pens\u00e9e, a cr\u00e9\u00e9 un mod\u00e8le. Ce mod\u00e8le, je souhaite en faire une ma\u00efeutique \u00bb, explique Salma Lahlou.<br \/>L\u2019exposition verra la participation de 21 artistes, \u00e0 savoir Sa\u00efd Afifi, Zainab Andalibe, Daoud Aoulad-Syad, Nassim Azarzar, Mustapha Azeroual, Fouad Bellamine, M\u2019barek Bouhchichi, Khalil El Ghrib, Safaa Erruas, Fatima Mazmouz, Najia Mehadji, Houssein Miloudi, Lamia Naji, Abdelk\u00e9bir Rabi\u2019, Hossein Talal et autres.<\/p>\n<\/div>\n<p>Auteur: ALM<br \/>\n<a href=\"https:\/\/aujourdhui.ma\/culture\/le-feu-qui-forge-une-exposition-collective-a-latelier-21\">Cliquez ici pour lire l&rsquo;article depuis sa source.<\/a><\/p>\n","protected":false},"excerpt":{"rendered":"<p>Publi\u00e9 par ALM Date\u00a0:juin 18, 2021 dans:Culture 17Vues Elle c\u00e9l\u00e8bre l\u2019apport de Melehi au champ des arts plastiques au Maroc Du 22 juin au 30 juillet, la galerie d\u2019art L\u2019Atelier 21 \u00e0 Casablanca accueille l\u2019exposition collective intitul\u00e9e \u00ab Le Feu qui forge \u00bb. Cette exposition, dont le commissariat a \u00e9t\u00e9 confi\u00e9 \u00e0 Salma Lahlou, c\u00e9l\u00e8bre [&hellip;]<\/p>\n","protected":false},"author":1759,"featured_media":0,"comment_status":"closed","ping_status":"closed","sticky":false,"template":"","format":"standard","meta":{"fifu_image_url":"http:\/\/aujourdhui.ma\/wp-content\/uploads\/2021\/06\/EricVanHove-MahjoubaI-TechniqueMixte.jpg","fifu_image_alt":"\u00abLe Feu qui forge\u00bb : Une exposition collective \u00e0 L\u2019Atelier 21","footnotes":""},"categories":[73,54],"tags":[],"class_list":["post-118804","post","type-post","status-publish","format-standard","hentry","category-actualite","category-maroc"],"_links":{"self":[{"href":"https:\/\/linitiative.ca\/International\/wp-json\/wp\/v2\/posts\/118804","targetHints":{"allow":["GET"]}}],"collection":[{"href":"https:\/\/linitiative.ca\/International\/wp-json\/wp\/v2\/posts"}],"about":[{"href":"https:\/\/linitiative.ca\/International\/wp-json\/wp\/v2\/types\/post"}],"author":[{"embeddable":true,"href":"https:\/\/linitiative.ca\/International\/wp-json\/wp\/v2\/users\/1759"}],"replies":[{"embeddable":true,"href":"https:\/\/linitiative.ca\/International\/wp-json\/wp\/v2\/comments?post=118804"}],"version-history":[{"count":0,"href":"https:\/\/linitiative.ca\/International\/wp-json\/wp\/v2\/posts\/118804\/revisions"}],"wp:attachment":[{"href":"https:\/\/linitiative.ca\/International\/wp-json\/wp\/v2\/media?parent=118804"}],"wp:term":[{"taxonomy":"category","embeddable":true,"href":"https:\/\/linitiative.ca\/International\/wp-json\/wp\/v2\/categories?post=118804"},{"taxonomy":"post_tag","embeddable":true,"href":"https:\/\/linitiative.ca\/International\/wp-json\/wp\/v2\/tags?post=118804"}],"curies":[{"name":"wp","href":"https:\/\/api.w.org\/{rel}","templated":true}]}}