{"id":118805,"date":"2021-06-18T10:35:59","date_gmt":"2021-06-18T14:35:59","guid":{"rendered":"https:\/\/linitiative.ca\/International\/le-chemin-des-possibles-un-livre-qui-retrace-le-parcours-de-saloua-belkeziz\/"},"modified":"2021-06-18T10:35:59","modified_gmt":"2021-06-18T14:35:59","slug":"le-chemin-des-possibles-un-livre-qui-retrace-le-parcours-de-saloua-belkeziz","status":"publish","type":"post","link":"https:\/\/linitiative.ca\/International\/le-chemin-des-possibles-un-livre-qui-retrace-le-parcours-de-saloua-belkeziz\/","title":{"rendered":"\u00abLe chemin des possibles\u00bb :  Un livre qui retrace le parcours  de Saloua Belkeziz"},"content":{"rendered":"<header>\n<div class=\"entry-post-meta\">\n<div class=\"author-link\">Publi\u00e9 par <a itemprop=\"author\" itemscope=\"itemscope\" itemtype=\"https:\/\/schema.org\/Person\" href=\"https:\/\/aujourdhui.ma\/author\/blio\" rel=\"author\"><span itemprop=\"name\">ALM<\/span><\/a><\/div>\n<p>Date\u00a0:<time content=\"2021-06-18T15:35:59+01:00\" class=\"entry-date updated\" datetime=\"2021-06-18T15:35:59+01:00\">juin 18, 2021<\/time><\/p>\n<div class=\"entry-cat\">dans:<a href=\"https:\/\/aujourdhui.ma\/category\/culture\" rel=\"category tag\">Culture<\/a><\/div>\n<p>6Vues<\/p>\n<\/div>\n<\/header>\n<div class=\"entry-content clearfix\" readability=\"67\">\n<figure class=\"post-thumbnail\" itemprop=\"associatedMedia\" itemscope=\"itemscope\" itemtype=\"http:\/\/schema.org\/ImageObject\"><img decoding=\"async\" class=\"post_layout_5_img\" src=\"http:\/\/aujourdhui.ma\/wp-content\/uploads\/2021\/06\/Le-chemin-des-possibles.jpg\" alt=\"\u00abLe chemin des possibles\u00bb : Un livre qui retrace le parcours de Saloua Belkeziz\"\/><\/figure>\n<p><span class=\"c6\"><strong>Il vient de para\u00eetre aux \u00c9ditions \u00abLa Crois\u00e9e des Chemins\u00bb<\/strong><\/span><span id=\"more-379504\"\/><\/p>\n<p>\u00abLe chemin des possibles\u00bb est l\u2019intitul\u00e9 du nouvel ouvrage de Saloua Karkri Belkeziz qui vient de para\u00eetre aux \u00c9ditions \u00abLa Crois\u00e9e des Chemins \u00bb. Pr\u00e9fac\u00e9 par Ahmed Reda Chami, pr\u00e9sident du Conseil \u00e9conomique, social et environnemental, ce livre est un r\u00e9cit autobiographique de 270 pages. \u00abIl est des parcours de vie qui interpellent et \u00e9meuvent tant\u00f4t par la t\u00e9nacit\u00e9 des personnes qui les suivent, tant\u00f4t par la multiplicit\u00e9 des d\u00e9fis \u00e0 relever. Dans ce livre, ce sont les deux \u00e0 la fois. Saloua Karkri Belkeziz livre dans cette autobiographie son histoire de femme, de chef d\u2019entreprise, de d\u00e9put\u00e9e et de m\u00e8re\u00bb, lit-on dans la pr\u00e9sentation de la maison d\u2019\u00e9dition.<\/p>\n<p>Dans son livre, l\u2019auteure affirme que rien n\u2019est jamais \u00e9crit au d\u00e9part. \u00abIssue d\u2019une famille modeste originaire du nord du Maroc, rien ne me pr\u00e9destinait \u00e0 devenir, \u00e0 la fois, chef d\u2019entreprise, pr\u00e9sidente de l\u2019Association des femmes chefs d\u2019entreprises du Maroc puis de la F\u00e9d\u00e9ration marocaine des technologies de l\u2019information et de l\u2019offshoring, d\u00e9put\u00e9e et maman de trois enfants\u00bb. Ces r\u00f4les se sont pourtant imbriqu\u00e9s les uns sur les autres pour fa\u00e7onner sa vie de mani\u00e8re plut\u00f4t harmonieuse, n\u2019emp\u00eachant pas de nombreuses emb\u00fbches de se dresser sur son chemin, encha\u00eene la m\u00eame source. Pour Mme Belkeziz, \u00abLe chemin des possibles\u00bb retrace le parcours qu\u2019elle a men\u00e9 afin de se faire une place.<\/p>\n<p>\u00abJ\u2019ai d\u00fb lutter contre la maladie qui me frappa en pleine ascension professionnelle. J\u2019ai ouvert les bras aux nouvelles rencontres, forc\u00e9 des portes qui semblaient ferm\u00e9es et provoqu\u00e9 la chance et le hasard pour qu\u2019ils deviennent mes meilleurs alli\u00e9s, convaincue que chaque petite opportunit\u00e9 peut porter les pr\u00e9mices d\u2019une grande aventure\u00bb, s\u2019est-elle enorgueillie.<\/p>\n<\/div>\n<p>Auteur: ALM<br \/>\n<a href=\"https:\/\/aujourdhui.ma\/culture\/le-chemin-des-possibles-un-livre-qui-retrace-le-parcours-de-saloua-belkeziz\">Cliquez ici pour lire l&rsquo;article depuis sa source.<\/a><\/p>\n","protected":false},"excerpt":{"rendered":"<p>Publi\u00e9 par ALM Date\u00a0:juin 18, 2021 dans:Culture 6Vues Il vient de para\u00eetre aux \u00c9ditions \u00abLa Crois\u00e9e des Chemins\u00bb \u00abLe chemin des possibles\u00bb est l\u2019intitul\u00e9 du nouvel ouvrage de Saloua Karkri Belkeziz qui vient de para\u00eetre aux \u00c9ditions \u00abLa Crois\u00e9e des Chemins \u00bb. Pr\u00e9fac\u00e9 par Ahmed Reda Chami, pr\u00e9sident du Conseil \u00e9conomique, social et environnemental, ce [&hellip;]<\/p>\n","protected":false},"author":1759,"featured_media":0,"comment_status":"closed","ping_status":"closed","sticky":false,"template":"","format":"standard","meta":{"fifu_image_url":"http:\/\/aujourdhui.ma\/wp-content\/uploads\/2021\/06\/Le-chemin-des-possibles.jpg","fifu_image_alt":"\u00abLe chemin des possibles\u00bb :  Un livre qui retrace le parcours  de Saloua Belkeziz","footnotes":""},"categories":[73,54],"tags":[],"class_list":["post-118805","post","type-post","status-publish","format-standard","hentry","category-actualite","category-maroc"],"_links":{"self":[{"href":"https:\/\/linitiative.ca\/International\/wp-json\/wp\/v2\/posts\/118805","targetHints":{"allow":["GET"]}}],"collection":[{"href":"https:\/\/linitiative.ca\/International\/wp-json\/wp\/v2\/posts"}],"about":[{"href":"https:\/\/linitiative.ca\/International\/wp-json\/wp\/v2\/types\/post"}],"author":[{"embeddable":true,"href":"https:\/\/linitiative.ca\/International\/wp-json\/wp\/v2\/users\/1759"}],"replies":[{"embeddable":true,"href":"https:\/\/linitiative.ca\/International\/wp-json\/wp\/v2\/comments?post=118805"}],"version-history":[{"count":0,"href":"https:\/\/linitiative.ca\/International\/wp-json\/wp\/v2\/posts\/118805\/revisions"}],"wp:attachment":[{"href":"https:\/\/linitiative.ca\/International\/wp-json\/wp\/v2\/media?parent=118805"}],"wp:term":[{"taxonomy":"category","embeddable":true,"href":"https:\/\/linitiative.ca\/International\/wp-json\/wp\/v2\/categories?post=118805"},{"taxonomy":"post_tag","embeddable":true,"href":"https:\/\/linitiative.ca\/International\/wp-json\/wp\/v2\/tags?post=118805"}],"curies":[{"name":"wp","href":"https:\/\/api.w.org\/{rel}","templated":true}]}}