{"id":118808,"date":"2021-06-17T14:00:00","date_gmt":"2021-06-17T18:00:00","guid":{"rendered":"https:\/\/linitiative.ca\/International\/operation-retour-des-mre-environ-800-passagers-rejoignent-le-maroc\/"},"modified":"2021-06-17T14:00:00","modified_gmt":"2021-06-17T18:00:00","slug":"operation-retour-des-mre-environ-800-passagers-rejoignent-le-maroc","status":"publish","type":"post","link":"https:\/\/linitiative.ca\/International\/operation-retour-des-mre-environ-800-passagers-rejoignent-le-maroc\/","title":{"rendered":"Op\u00e9ration retour des MRE: environ 800 passagers rejoignent le Maroc"},"content":{"rendered":"<p class=\"has-text-align-center has-vivid-cyan-blue-color has-text-color\"><strong>Premi\u00e8re travers\u00e9e S\u00e8te-Tanger Med<\/strong><\/p>\n<p><strong>Un bateau a quitt\u00e9, jeudi soir, le port de S\u00e8te (Sud-est de la France), \u00e0 destination de Tanger Med, dans le cadre d\u2019une op\u00e9ration d\u2019envergure lanc\u00e9e suite aux instructions royales visant \u00e0 garantir le retour dans les meilleures conditions de la communaut\u00e9 marocaine r\u00e9sidant \u00e0 l\u2019\u00e9tranger.<\/strong><\/p>\n<p>Environ 800 passagers ont embarqu\u00e9 \u00e0 bord du navire GNV Fantastic pour rejoindre enfin leurs proches au Maroc, apr\u00e8s l\u2019ouverture des fronti\u00e8res et le r\u00e9tablissement des liaisons qu\u2019elles soient maritimes ou a\u00e9riennes au regard de l\u2019am\u00e9lioration de la situation sanitaire.<\/p>\n<p>L\u2019op\u00e9ration d\u2019enregistrements et d\u2019embarquement s\u2019est d\u00e9roul\u00e9e dans de bonnes conditions et dans le total respect des dispositions sanitaires en vigueur.<\/p>\n<p>Les services du Consulat G\u00e9n\u00e9ral du Royaume du Maroc \u00e0 Montpellier ont \u00e9t\u00e9 mobilis\u00e9s pour pr\u00eater assistance aux ressortissants marocains et les accompagner en vue de leur faciliter les d\u00e9marches administratives et douani\u00e8res, pour une meilleure gestion et r\u00e9solution des situations \u00e9ventuellement probl\u00e9matiques tenant compte des conditions et exigences sanitaires.<\/p>\n<p>La Consule G\u00e9n\u00e9rale du Royaume du Maroc \u00e0 Montpellier, Nouzha Sahel et le staff du Consulat G\u00e9n\u00e9ral, ainsi que des membres de la Fondation Mohammed V pour la Solidarit\u00e9 ont supervis\u00e9 l\u2019op\u00e9ration du d\u00e9but \u00e0 la fin, r\u00e9pondant aux attentes et besoins des passagers du Navire GNV avec engagement et diligence. Ce qui a permis la r\u00e9ussite de cette premi\u00e8re travers\u00e9e dont l\u2019arriv\u00e9e est pr\u00e9vue dans l\u2019apr\u00e8s midi du vendredi 17 juin.<\/p>\n<p>Dans une d\u00e9claration \u00e0 la MAP, la Consule G\u00e9n\u00e9rale du Maroc \u00e0 Montpellier a tenu \u00e0 souligner que cette mobilisation, qui s\u2019inscrit dans le cadre des dispositions prises par le minist\u00e8re des Affaires \u00e9trang\u00e8res, de la Coop\u00e9ration Africaine et des Marocains r\u00e9sidants \u00e0 l\u2019Etranger, conform\u00e9ment aux Hautes instructions de Sa Majest\u00e9 le Roi Que Dieu l\u2019Assiste, compte se renforcer davantage au niveau du Port de S\u00e8te et \u00e0 l\u2019a\u00e9roport de Montpellier, gr\u00e2ce \u00e0 un dispositif consulaire mis en place d\u00e8s jeudi dont l\u2019objectif premier est de garantir le succ\u00e8s de cette op\u00e9ration d\u2019envergure.<\/p>\n<p>Profond\u00e9ment \u00e9mus de pouvoir enfin rejoindre leur pays d\u2019origine, plusieurs membres de la communaut\u00e9 marocaine ont tenu \u00e0 exprimer leur remerciement et leur profonde gratitude \u00e0 Sa Majest\u00e9 le Roi Mohammed VI, qui a toujours entour\u00e9 de sa haute sollicitude la communaut\u00e9 marocaine \u00e0 l\u2019\u00e9tranger.<\/p>\n<p>Auteur: M&rsquo;hammed rahal<br \/>\n<a href=\"http:\/\/albayane.press.ma\/operation-retour-des-mre-environ-800-passagers-rejoignent-le-maroc.html\">Cliquez ici pour lire l&rsquo;article depuis sa source.<\/a><\/p>\n","protected":false},"excerpt":{"rendered":"<p>Premi\u00e8re travers\u00e9e S\u00e8te-Tanger Med Un bateau a quitt\u00e9, jeudi soir, le port de S\u00e8te (Sud-est de la France), \u00e0 destination de Tanger Med, dans le cadre d\u2019une op\u00e9ration d\u2019envergure lanc\u00e9e suite aux instructions royales visant \u00e0 garantir le retour dans les meilleures conditions de la communaut\u00e9 marocaine r\u00e9sidant \u00e0 l\u2019\u00e9tranger. Environ 800 passagers ont embarqu\u00e9 [&hellip;]<\/p>\n","protected":false},"author":1760,"featured_media":0,"comment_status":"closed","ping_status":"closed","sticky":false,"template":"","format":"standard","meta":{"fifu_image_url":"","fifu_image_alt":"","footnotes":""},"categories":[73,54],"tags":[],"class_list":["post-118808","post","type-post","status-publish","format-standard","hentry","category-actualite","category-maroc"],"_links":{"self":[{"href":"https:\/\/linitiative.ca\/International\/wp-json\/wp\/v2\/posts\/118808","targetHints":{"allow":["GET"]}}],"collection":[{"href":"https:\/\/linitiative.ca\/International\/wp-json\/wp\/v2\/posts"}],"about":[{"href":"https:\/\/linitiative.ca\/International\/wp-json\/wp\/v2\/types\/post"}],"author":[{"embeddable":true,"href":"https:\/\/linitiative.ca\/International\/wp-json\/wp\/v2\/users\/1760"}],"replies":[{"embeddable":true,"href":"https:\/\/linitiative.ca\/International\/wp-json\/wp\/v2\/comments?post=118808"}],"version-history":[{"count":0,"href":"https:\/\/linitiative.ca\/International\/wp-json\/wp\/v2\/posts\/118808\/revisions"}],"wp:attachment":[{"href":"https:\/\/linitiative.ca\/International\/wp-json\/wp\/v2\/media?parent=118808"}],"wp:term":[{"taxonomy":"category","embeddable":true,"href":"https:\/\/linitiative.ca\/International\/wp-json\/wp\/v2\/categories?post=118808"},{"taxonomy":"post_tag","embeddable":true,"href":"https:\/\/linitiative.ca\/International\/wp-json\/wp\/v2\/tags?post=118808"}],"curies":[{"name":"wp","href":"https:\/\/api.w.org\/{rel}","templated":true}]}}