{"id":118809,"date":"2021-06-17T14:00:00","date_gmt":"2021-06-17T18:00:00","guid":{"rendered":"https:\/\/linitiative.ca\/International\/daki-des-moyens-de-communication-modernes-au-profit-dune-categorie-importante-de-marocains\/"},"modified":"2021-06-17T14:00:00","modified_gmt":"2021-06-17T18:00:00","slug":"daki-des-moyens-de-communication-modernes-au-profit-dune-categorie-importante-de-marocains","status":"publish","type":"post","link":"https:\/\/linitiative.ca\/International\/daki-des-moyens-de-communication-modernes-au-profit-dune-categorie-importante-de-marocains\/","title":{"rendered":"Daki : \u00ab des moyens de communication modernes au profit d\u2019une cat\u00e9gorie importante de Marocains \u00bb"},"content":{"rendered":"<p class=\"has-text-align-center has-vivid-red-color has-text-color\"><strong>La plateforme num\u00e9rique d\u00e9di\u00e9e aux MRE<\/strong><\/p>\n<p class=\"has-black-color has-text-color\"><strong>La cr\u00e9ation d\u2019une plateforme num\u00e9rique d\u00e9di\u00e9e aux Marocains r\u00e9sidant \u00e0 l\u2019\u00e9tranger (MRE) vise \u00e0 d\u00e9ployer des moyens de communication modernes pour servir les questions d\u2019une \u00ab\u00a0cat\u00e9gorie importante\u00a0\u00bb de Marocains, a soulign\u00e9 le Procureur g\u00e9n\u00e9ral du Roi pr\u00e8s la Cour de Cassation, pr\u00e9sident du Minist\u00e8re Public, El Hassan Daki<\/strong><\/p>\n<p class=\"has-black-color has-text-color\">\u00ab\u00a0Cette initiative importante tend \u00e0 d\u00e9ployer des moyens de communication modernes afin de servir les questions d\u2019une cat\u00e9gorie importante de nos citoyens qui ne manquent pas de rejoindre leur pays \u00e0 chaque fois que l\u2019occasion se pr\u00e9sente en vue de consolider leur lien avec la M\u00e8re-Patrie\u00a0\u00bb, a indiqu\u00e9 M. Daki dans allocution lue en son nom par le secr\u00e9taire g\u00e9n\u00e9ral de la pr\u00e9sidence du Minist\u00e8re public, Hicham Balaoui, lors du lancement officiel de la plateforme num\u00e9rique de services juridiques et judiciaires \u00e0 distance au profit des MRE.<\/p>\n<p class=\"has-black-color has-text-color\">Il a relev\u00e9 que \u00ab\u00a0le choix d\u2019aller vivre loin de la patrie peut \u00eatre dict\u00e9 par de nombreux besoins et objectifs nobles, tels que la qu\u00eate du savoir, la recherche du travail et l\u2019am\u00e9lioration des conditions de vie, mais cette option reste difficile et li\u00e9e \u00e0 de multiples contraintes et difficult\u00e9s r\u00e9elles et \u00e0 caract\u00e8re juridique, notamment le probl\u00e8me des conflits de lois du fait de la pr\u00e9sence de personnes dans un pays \u00e9tranger et dans une situation o\u00f9 le principe de territorialit\u00e9 des lois trouve un large champ d\u2019application\u00a0\u00bb.<\/p>\n<p class=\"has-black-color has-text-color\">Or, de nombreux Marocains du monde sont malheureusement confront\u00e9s \u00e0 certains probl\u00e8mes qui les obligent \u00e0 recourir \u00e0 la justice afin de demander r\u00e9paration, porter plainte ou demander conseil, \u00ab\u00a0ce qui nous ram\u00e8ne tous \u00e0 fournir les m\u00e9canismes n\u00e9cessaires pour r\u00e9pondre \u00e0 leurs besoins, les orienter et les conseiller, et ce \u00e0 travers des moyens logistiques de pointe et des ressources humaines qualifi\u00e9es, a-t-il indiqu\u00e9.<\/p>\n<p class=\"has-black-color has-text-color\">Il a, en outre, rappel\u00e9 que l\u2019int\u00e9r\u00eat que porte le Minist\u00e8re public aux \u00ab\u00a0MRE et \u00e0 leurs questions n\u2019est pas r\u00e9cent. Il s\u2019agit d\u2019une pr\u00e9occupation qui nous accompagne depuis la mise en place de ses structures et l\u2019instauration de ses fondements\u00a0\u00bb, notant qu\u2019il a \u00e9t\u00e9 proc\u00e9d\u00e9 \u00e0 la cr\u00e9ation d\u2019une unit\u00e9 sp\u00e9cialis\u00e9e pour la r\u00e9ception des plaintes des MRE, dot\u00e9e de cadres humains qualifi\u00e9s et de moyens techniques adapt\u00e9s aux exigences de la digitalisation et \u00e0 la prestation de services \u00e0 distance.<\/p>\n<p class=\"has-black-color has-text-color\">\u00ab\u00a0Il a \u00e9galement \u00e9t\u00e9 proc\u00e9d\u00e9, selon M. Daki, au lancement du Portail national des r\u00e9clamations qui a contribu\u00e9 \u00e0 fournir un service distingu\u00e9 et efficace aux MRE et aux \u00e9trangers r\u00e9sidant au Maroc, outre la mise en place d\u2019un e-mail pour recevoir plaintes et dol\u00e9ances, qui a connu une grande affluence, en plus de lignes t\u00e9l\u00e9phoniques ouvertes aux appels internes et externes, ajoutant que ce dispositif a permis de fournir des r\u00e9ponses \u00e0 de multiples demandes de renseignements 24h\/24.<\/p>\n<p class=\"has-black-color has-text-color\">L\u2019implication du Minist\u00e8re public dans la d\u00e9marche de servir les int\u00e9r\u00eats des MRE, a-t-il dit, n\u2019est pas consid\u00e9r\u00e9e comme un travail saisonnier mais s\u2019inscrit plut\u00f4t \u00ab\u00a0parmi les pr\u00e9occupations quotidiennes que nous tenons \u00e0 accompagner et \u00e0 promouvoir \u00e0 chaque occasion. Or, cette p\u00e9riode de l\u2019ann\u00e9e qui co\u00efncide avec l\u2019op\u00e9ration de transit des MRE nous incite \u00e0 redoubler d\u2019efforts et de veiller incessamment \u00e0 r\u00e9pondre au mieux \u00e0 leurs besoins\u00a0\u00bb.<\/p>\n<p class=\"has-black-color has-text-color\">Dans ce cadre, une circulaire conjointe a \u00e9t\u00e9 publi\u00e9e le 14 juin dernier, sign\u00e9e par le Premier Pr\u00e9sident de la Cour de Cassation, le Pr\u00e9sident d\u00e9l\u00e9gu\u00e9 du Conseil sup\u00e9rieur du Pouvoir judiciaire, le Procureur g\u00e9n\u00e9ral du Roi pr\u00e8s la Cour de Cassation, le Pr\u00e9sident d\u00e9l\u00e9gu\u00e9 du Conseil sup\u00e9rieur du Pouvoir judiciaire, le Procureur g\u00e9n\u00e9ral du Roi pr\u00e8s la Cour de Cassation, pr\u00e9sident du Minist\u00e8re Public et le ministre de la Justice.<\/p>\n<p class=\"has-black-color has-text-color\">En vertu de cette circulaire, \u00ab\u00a0il a \u00e9t\u00e9 d\u00e9cid\u00e9 de cr\u00e9er une cellule centrale dirig\u00e9e par le Minist\u00e8re public pour prendre en charge le processus d\u2019accueil des MRE afin de traiter leurs demandes et \u00e9tudier leurs plaintes et dol\u00e9ances li\u00e9es au domaine de la justice dans les diff\u00e9rents minist\u00e8res publics, a relev\u00e9 M. Daki.<\/p>\n<p class=\"has-black-color has-text-color\">Dans le m\u00eame contexte, des cellules r\u00e9gionales ont \u00e9t\u00e9 cr\u00e9\u00e9es au niveau des cours d\u2019appel et des cellules locales au niveau des tribunaux de premi\u00e8re instance, comprenant dans leur composition le juge d\u2019instruction, les magistrats du minist\u00e8re public et les fonctionnaires ayant les qualifications appropri\u00e9es, notamment la capacit\u00e9 d\u2019\u00e9coute.<\/p>\n<p class=\"has-black-color has-text-color\">\u00ab\u00a0La limitation temporaire de la libert\u00e9 de circulation des personnes impos\u00e9e par l\u2019\u00e9pid\u00e9mie de Covid-19 qui a emp\u00each\u00e9 les MRE de rejoindre leur pays au cours de l\u2019ann\u00e9e derni\u00e8re a fait l\u2019objet d\u2019un geste humanitaire Royal qui incarne la Haute bienveillance dont le Souverain ne cesse d\u2019entourer les MRE afin de faciliter les chemins du retour cette ann\u00e9e, ce qui traduit le souci de Sa Majest\u00e9 de r\u00e9unir et de rapprocher les Marocains o\u00f9 qu\u2019ils soient\u00a0\u00bb, a-t-il affirm\u00e9.<\/p>\n<p class=\"has-black-color has-text-color\">A cet \u00e9gard, le Procureur G\u00e9n\u00e9ral du Roi pr\u00e8s la Cour de Cassation, Pr\u00e9sident du minist\u00e8re public, a f\u00e9licit\u00e9 le Minist\u00e8re D\u00e9l\u00e9gu\u00e9 Charg\u00e9 des MRE pour la cr\u00e9ation de la plateforme num\u00e9rique de services juridiques et judiciaires \u00e0 distance au profit des MRE, \u00ab\u00a0qui s\u2019inscrit dans le cadre de l\u2019am\u00e9lioration des services rendus \u00e0 cette cat\u00e9gorie importante de citoyens, que le Souverain ne cesse d\u2019entourer de Sa Haute bienveillance\u00a0\u00bb.<\/p>\n<p class=\"has-black-color has-text-color\">Dans ce contexte, M. Daki a \u00e9voqu\u00e9 un extrait du discours royal \u00e0 l\u2019occasion du 30\u00e8 anniversaire de la marche verte, dans lequel le Souverain souligne : \u00ab\u00a0A cet \u00e9gard, Nous nous f\u00e9licitons du r\u00f4le efficace de notre communaut\u00e9 r\u00e9sidant \u00e0 l\u2019\u00e9tranger, que Nous consid\u00e9rons comme un atout majeur pour le Maroc nouveau. Mieux encore, Nous la voyons \u00e0 l\u2019avant-garde des acteurs, qui tout en restant fermement attach\u00e9s \u00e0 leur identit\u00e9 marocaine authentique, se sont vou\u00e9s avec une totale sinc\u00e9rit\u00e9 au d\u00e9veloppement de notre pays et \u00e0 la d\u00e9fense de son int\u00e9grit\u00e9 territoriale et de son rayonnement international\u00a0\u00bb.<\/p>\n<p class=\"has-black-color has-text-color\">Le minist\u00e8re d\u00e9l\u00e9gu\u00e9 charg\u00e9 des MRE a lanc\u00e9, ce mercredi, une plateforme num\u00e9rique offrant des services juridiques et judiciaires \u00e0 distance au profit des MRE, devant couvrir la p\u00e9riode allant du 15 juin au 15 septembre 2021.<br \/>R\u00e9alis\u00e9e en collaboration avec le minist\u00e8re de la Justice, le Conseil sup\u00e9rieur du pouvoir judiciaire (CSPJ), la pr\u00e9sidence du Minist\u00e8re public et l\u2019Agence du d\u00e9veloppement digital (ADD), cette plateforme a \u00e9t\u00e9 initi\u00e9e dans le cadre de la Haute sollicitude dont SM le Roi Mohammed VI entoure les MRE, en vue de pr\u00e9server leurs int\u00e9r\u00eats et consolider leurs liens avec la M\u00e8re-Patrie, et intervient dans le sillage du chantier de la digitalisation des prestations offertes \u00e0 cette cat\u00e9gorie, selon un communiqu\u00e9 du minist\u00e8re d\u00e9l\u00e9gu\u00e9.<\/p>\n<p>Auteur: M&rsquo;hammed rahal<br \/>\n<a href=\"http:\/\/albayane.press.ma\/daki-des-moyens-de-communication-modernes-au-profit-dune-categorie-importante-de-marocains.html\">Cliquez ici pour lire l&rsquo;article depuis sa source.<\/a><\/p>\n","protected":false},"excerpt":{"rendered":"<p>La plateforme num\u00e9rique d\u00e9di\u00e9e aux MRE La cr\u00e9ation d\u2019une plateforme num\u00e9rique d\u00e9di\u00e9e aux Marocains r\u00e9sidant \u00e0 l\u2019\u00e9tranger (MRE) vise \u00e0 d\u00e9ployer des moyens de communication modernes pour servir les questions d\u2019une \u00ab\u00a0cat\u00e9gorie importante\u00a0\u00bb de Marocains, a soulign\u00e9 le Procureur g\u00e9n\u00e9ral du Roi pr\u00e8s la Cour de Cassation, pr\u00e9sident du Minist\u00e8re Public, El Hassan Daki \u00ab\u00a0Cette [&hellip;]<\/p>\n","protected":false},"author":1760,"featured_media":0,"comment_status":"closed","ping_status":"closed","sticky":false,"template":"","format":"standard","meta":{"fifu_image_url":"","fifu_image_alt":"","footnotes":""},"categories":[73,54],"tags":[],"class_list":["post-118809","post","type-post","status-publish","format-standard","hentry","category-actualite","category-maroc"],"_links":{"self":[{"href":"https:\/\/linitiative.ca\/International\/wp-json\/wp\/v2\/posts\/118809","targetHints":{"allow":["GET"]}}],"collection":[{"href":"https:\/\/linitiative.ca\/International\/wp-json\/wp\/v2\/posts"}],"about":[{"href":"https:\/\/linitiative.ca\/International\/wp-json\/wp\/v2\/types\/post"}],"author":[{"embeddable":true,"href":"https:\/\/linitiative.ca\/International\/wp-json\/wp\/v2\/users\/1760"}],"replies":[{"embeddable":true,"href":"https:\/\/linitiative.ca\/International\/wp-json\/wp\/v2\/comments?post=118809"}],"version-history":[{"count":0,"href":"https:\/\/linitiative.ca\/International\/wp-json\/wp\/v2\/posts\/118809\/revisions"}],"wp:attachment":[{"href":"https:\/\/linitiative.ca\/International\/wp-json\/wp\/v2\/media?parent=118809"}],"wp:term":[{"taxonomy":"category","embeddable":true,"href":"https:\/\/linitiative.ca\/International\/wp-json\/wp\/v2\/categories?post=118809"},{"taxonomy":"post_tag","embeddable":true,"href":"https:\/\/linitiative.ca\/International\/wp-json\/wp\/v2\/tags?post=118809"}],"curies":[{"name":"wp","href":"https:\/\/api.w.org\/{rel}","templated":true}]}}