{"id":118810,"date":"2021-06-18T05:47:21","date_gmt":"2021-06-18T09:47:21","guid":{"rendered":"https:\/\/linitiative.ca\/International\/concours-national-de-langue-russe\/"},"modified":"2021-06-18T05:47:21","modified_gmt":"2021-06-18T09:47:21","slug":"concours-national-de-langue-russe","status":"publish","type":"post","link":"https:\/\/linitiative.ca\/International\/concours-national-de-langue-russe\/","title":{"rendered":"Concours national de langue russe"},"content":{"rendered":"<p class=\"has-text-align-center has-vivid-red-color has-text-color\"><strong>les laur\u00e9ats honor\u00e9s !<\/strong><\/p>\n<p class=\"has-text-align-right has-black-color has-text-color\"><strong>A.Dorhmi<\/strong><\/p>\n<p class=\"has-black-color has-text-color\"><strong>A l\u2019occasion de la journ\u00e9e de la langue russe, dont la finale s\u2019est tenue le 28 mai au Centre Culturel Russe \u00e0 Rabat, dans le cadre d\u2019un ensemble d\u2019\u00e9v\u00e9nements programm\u00e9s co\u00efncidant\u00a0 avec la Journ\u00e9e de la langue russe, une c\u00e9r\u00e9monie de remise des prix aux gagnants du concours \u00e9tait organis\u00e9e par l\u2019ambassade de la F\u00e9d\u00e9ration de Russie, le 16 juin \u00e0 Rabat.<\/strong><\/p>\n<p class=\"has-black-color has-text-color\">A cette occasion, un discours de bienvenue a \u00e9t\u00e9 prononc\u00e9 par son excellence l\u2019ambassadeur extraordinaire et pl\u00e9nipotentiaire de la F\u00e9d\u00e9ration de Russie aupr\u00e8s du Royaume du Maroc, V.V.Chouvaev qui a f\u00e9licit\u00e9 les laur\u00e9ats dudit concours pour cette victoire bien m\u00e9rit\u00e9e, tout en leur souhaitant\u00a0 un\u00a0 nouveau succ\u00e8s dans l\u2019apprentissage de la langue russe.<\/p>\n<p class=\"has-black-color has-text-color\">SE.Mr.V.V.Chouvaev a remis aux laur\u00e9ats des dipl\u00f4mes honorifiques et des prix m\u00e9morables, leur a souhait\u00e9 une nouvelle r\u00e9ussite dans l\u2019apprentissage de la langue russe, notant que la vulgarisation de la langue russe au Maroc contribue au d\u00e9veloppement et au renforcement des relations russo-marocaines.<\/p>\n<p>Auteur: M&rsquo;hammed rahal<br \/>\n<a href=\"http:\/\/albayane.press.ma\/concours-national-de-langue-russe-les-laureats-honores.html\">Cliquez ici pour lire l&rsquo;article depuis sa source.<\/a><\/p>\n","protected":false},"excerpt":{"rendered":"<p>les laur\u00e9ats honor\u00e9s ! A.Dorhmi A l\u2019occasion de la journ\u00e9e de la langue russe, dont la finale s\u2019est tenue le 28 mai au Centre Culturel Russe \u00e0 Rabat, dans le cadre d\u2019un ensemble d\u2019\u00e9v\u00e9nements programm\u00e9s co\u00efncidant\u00a0 avec la Journ\u00e9e de la langue russe, une c\u00e9r\u00e9monie de remise des prix aux gagnants du concours \u00e9tait organis\u00e9e [&hellip;]<\/p>\n","protected":false},"author":1760,"featured_media":0,"comment_status":"closed","ping_status":"closed","sticky":false,"template":"","format":"standard","meta":{"fifu_image_url":"","fifu_image_alt":"","footnotes":""},"categories":[73,54],"tags":[],"class_list":["post-118810","post","type-post","status-publish","format-standard","hentry","category-actualite","category-maroc"],"_links":{"self":[{"href":"https:\/\/linitiative.ca\/International\/wp-json\/wp\/v2\/posts\/118810","targetHints":{"allow":["GET"]}}],"collection":[{"href":"https:\/\/linitiative.ca\/International\/wp-json\/wp\/v2\/posts"}],"about":[{"href":"https:\/\/linitiative.ca\/International\/wp-json\/wp\/v2\/types\/post"}],"author":[{"embeddable":true,"href":"https:\/\/linitiative.ca\/International\/wp-json\/wp\/v2\/users\/1760"}],"replies":[{"embeddable":true,"href":"https:\/\/linitiative.ca\/International\/wp-json\/wp\/v2\/comments?post=118810"}],"version-history":[{"count":0,"href":"https:\/\/linitiative.ca\/International\/wp-json\/wp\/v2\/posts\/118810\/revisions"}],"wp:attachment":[{"href":"https:\/\/linitiative.ca\/International\/wp-json\/wp\/v2\/media?parent=118810"}],"wp:term":[{"taxonomy":"category","embeddable":true,"href":"https:\/\/linitiative.ca\/International\/wp-json\/wp\/v2\/categories?post=118810"},{"taxonomy":"post_tag","embeddable":true,"href":"https:\/\/linitiative.ca\/International\/wp-json\/wp\/v2\/tags?post=118810"}],"curies":[{"name":"wp","href":"https:\/\/api.w.org\/{rel}","templated":true}]}}