{"id":118811,"date":"2021-06-18T05:54:24","date_gmt":"2021-06-18T09:54:24","guid":{"rendered":"https:\/\/linitiative.ca\/International\/le-realisateur-de-television-chakib-benomar-nest-plus\/"},"modified":"2021-06-18T05:54:24","modified_gmt":"2021-06-18T09:54:24","slug":"le-realisateur-de-television-chakib-benomar-nest-plus","status":"publish","type":"post","link":"https:\/\/linitiative.ca\/International\/le-realisateur-de-television-chakib-benomar-nest-plus\/","title":{"rendered":"Le r\u00e9alisateur de t\u00e9l\u00e9vision Chakib Benomar n\u2019est plus"},"content":{"rendered":"<p class=\"has-black-color has-text-color\"><strong>Le paysage m\u00e9diatique national est en deuil. Le r\u00e9alisateur de t\u00e9l\u00e9vision Chakib Benomar a tir\u00e9 sa r\u00e9v\u00e9rence jeudi 17 juin. Le d\u00e9funt a int\u00e9gr\u00e9 la t\u00e9l\u00e9vision \u00e0 un \u00e2ge assez jeune. Apr\u00e8s des \u00e9tudes universitaires au Maroc et en France, il a travaill\u00e9 en 1969 aux c\u00f4t\u00e9s du r\u00e9alisateur Mohamed Bounja. La m\u00eame ann\u00e9e, il avait entam\u00e9 une nouvelle aventure \u00e0 la radio nationale. Il \u00e9tait r\u00e9alisateur de l\u2019\u00e9mission culturelle \u00a0\u00bb le magazine culturel\u00a0\u00bb pr\u00e9sent\u00e9e par le journaliste Mostapha Al Kabaj,\u00a0\u00bb le magazine artistique\u00a0\u00bb pr\u00e9sent\u00e9 par Al Arbi Benterka,\u00a0\u00bbSamar\u00a0\u00bb\u00a0 pr\u00e9sent\u00e9 par Mohamed Ben Abdesalam. Il a r\u00e9alis\u00e9 \u00e9galement la fameuse \u00e9mission \u00a0\u00bb Mawahib\u00a0\u00bb sans oublier le rendez-vous phare \u00a0\u00bbMozaique\u00a0\u00bb consacr\u00e9 \u00e0 la diaspora marocaine. Il a r\u00e9alis\u00e9 \u00e9galement la s\u00e9rie \u00a0\u00bb Yamna\u00a0\u00bb ainsi que des s\u00e9ries telles que \u00a0\u00bb Aziza\u00a0\u00bb.\u00a0<\/strong><\/p>\n<p>Auteur: M&rsquo;hammed rahal<br \/>\n<a href=\"http:\/\/albayane.press.ma\/le-realisateur-de-television-chakib-benomar-nest-plus.html\">Cliquez ici pour lire l&rsquo;article depuis sa source.<\/a><\/p>\n","protected":false},"excerpt":{"rendered":"<p>Le paysage m\u00e9diatique national est en deuil. Le r\u00e9alisateur de t\u00e9l\u00e9vision Chakib Benomar a tir\u00e9 sa r\u00e9v\u00e9rence jeudi 17 juin. Le d\u00e9funt a int\u00e9gr\u00e9 la t\u00e9l\u00e9vision \u00e0 un \u00e2ge assez jeune. Apr\u00e8s des \u00e9tudes universitaires au Maroc et en France, il a travaill\u00e9 en 1969 aux c\u00f4t\u00e9s du r\u00e9alisateur Mohamed Bounja. La m\u00eame ann\u00e9e, il [&hellip;]<\/p>\n","protected":false},"author":1760,"featured_media":0,"comment_status":"closed","ping_status":"closed","sticky":false,"template":"","format":"standard","meta":{"fifu_image_url":"","fifu_image_alt":"","footnotes":""},"categories":[73,54],"tags":[],"class_list":["post-118811","post","type-post","status-publish","format-standard","hentry","category-actualite","category-maroc"],"_links":{"self":[{"href":"https:\/\/linitiative.ca\/International\/wp-json\/wp\/v2\/posts\/118811","targetHints":{"allow":["GET"]}}],"collection":[{"href":"https:\/\/linitiative.ca\/International\/wp-json\/wp\/v2\/posts"}],"about":[{"href":"https:\/\/linitiative.ca\/International\/wp-json\/wp\/v2\/types\/post"}],"author":[{"embeddable":true,"href":"https:\/\/linitiative.ca\/International\/wp-json\/wp\/v2\/users\/1760"}],"replies":[{"embeddable":true,"href":"https:\/\/linitiative.ca\/International\/wp-json\/wp\/v2\/comments?post=118811"}],"version-history":[{"count":0,"href":"https:\/\/linitiative.ca\/International\/wp-json\/wp\/v2\/posts\/118811\/revisions"}],"wp:attachment":[{"href":"https:\/\/linitiative.ca\/International\/wp-json\/wp\/v2\/media?parent=118811"}],"wp:term":[{"taxonomy":"category","embeddable":true,"href":"https:\/\/linitiative.ca\/International\/wp-json\/wp\/v2\/categories?post=118811"},{"taxonomy":"post_tag","embeddable":true,"href":"https:\/\/linitiative.ca\/International\/wp-json\/wp\/v2\/tags?post=118811"}],"curies":[{"name":"wp","href":"https:\/\/api.w.org\/{rel}","templated":true}]}}