{"id":118813,"date":"2021-06-18T04:06:48","date_gmt":"2021-06-18T08:06:48","guid":{"rendered":"https:\/\/linitiative.ca\/International\/la-societe-civile-tunisienne-vent-debout-contre-les-violences-policieres\/"},"modified":"2021-06-18T04:06:48","modified_gmt":"2021-06-18T08:06:48","slug":"la-societe-civile-tunisienne-vent-debout-contre-les-violences-policieres","status":"publish","type":"post","link":"https:\/\/linitiative.ca\/International\/la-societe-civile-tunisienne-vent-debout-contre-les-violences-policieres\/","title":{"rendered":"La soci\u00e9t\u00e9 civile tunisienne vent debout contre les violences polici\u00e8res"},"content":{"rendered":"<div>\n<p class=\"t-content__chapo\" data-speech-chapo=\"Les manifestations se poursuivent en Tunisie depuis la mort d\u2019un jeune homme \u00e0 la suite de son arrestation voil\u00e0 dix jours, et l'humiliante interpellation, le lendemain, d\u2019un mineur dans la banlieue de Tunis. Choqu\u00e9s par ces affaires, des dizaines d'associations et d'organisations syndicales ont appel\u00e9 \u00e0 une manifestation monstre, vendredi \u00e0 Tunis, pour d\u00e9noncer les violences polici\u00e8res.\">Les manifestations se poursuivent en Tunisie depuis la mort d\u2019un jeune homme \u00e0 la suite de son arrestation voil\u00e0 dix jours, et l\u2019humiliante interpellation, le lendemain, d\u2019un mineur dans la banlieue de Tunis. Choqu\u00e9s par ces affaires, des dizaines d\u2019associations et d\u2019organisations syndicales ont appel\u00e9 \u00e0 une manifestation monstre, vendredi \u00e0 Tunis, pour d\u00e9noncer les violences polici\u00e8res.<\/p>\n<div class=\"t-content__body u-clearfix\" data-speech-body=\"\" data-empty-p=\"false\">\n<p>Routes\u00a0bloqu\u00e9es, pneus br\u00fbl\u00e9s\u00a0et jets de pierres contre\u00a0les forces de l\u2019ordre\u2026 la col\u00e8re gronde\u00a0<a href=\"https:\/\/www.france24.com\/fr\/tag\/tunisie\/\" target=\"_self\" rel=\"noopener noreferrer\">en Tunisie<\/a>, o\u00f9\u00a0les manifestations\u00a0contre les violences polici\u00e8res\u00a0et\u00a0des troubles\u00a0nocturnes\u00a0sont en\u00a0cours\u00a0<a href=\"https:\/\/www.france24.com\/fr\/vid%C3%A9o\/20210616-manifesations-en-tunisie-nouveaux-rassemblements-contre-les-violences-polici%C3%A8res\" target=\"_self\" rel=\"noopener noreferrer\">depuis\u00a0plus d\u2019une semaine dans\u00a0la capitale Tunis et sa banlieue<\/a>.<\/p>\n<p>Les nerfs sont\u00a0toujours\u00a0\u00e0 vif\u00a0dans\u00a0les quartiers\u00a0d\u2019Ettadhamen\u00a0et d\u2019Intilaka, et \u00e0 Sidi\u00a0Hassine, banlieue situ\u00e9e \u00e0 l\u2019ouest de Tunis, o\u00f9\u00a0les heurts ont\u00a0commenc\u00e9\u00a0le 8 juin, \u00e0 la suite du\u00a0d\u00e9c\u00e8s\u00a0dans des circonstances suspectes\u00a0d\u2019un jeune homme, Ahmed Ben Ammar,\u00a0apr\u00e8s son interpellation\u00a0par la police.<\/p>\n<p>Selon ses proches, il serait mort des suites de tortures inflig\u00e9es au sein du commissariat, ce que d\u00e9mentent les autorit\u00e9s\u00a0qui ont relay\u00e9 la version des policiers selon laquelle le jeune homme s\u2019\u00e9tait enfui du commissariat avant d\u2019\u00eatre retrouv\u00e9 bless\u00e9 dans un h\u00f4pital de Tunis.<\/p>\n<p>Le lendemain\u00a0de son d\u00e9c\u00e8s,\u00a0en marge de manifestations de col\u00e8re,\u00a0<a href=\"https:\/\/observers.france24.com\/fr\/afrique\/20210616-tunisie-violences-police-lynchage-mineur-sidi-hassine-sejoumi\" target=\"_blank\" rel=\"noopener noreferrer\">une vid\u00e9o\u00a0virale\u00a0montrant des policiers en civil\u00a0passer \u00e0 tabac\u00a0et d\u00e9shabiller un jeune mineur<\/a>,\u00a0en plein\u00a0jour et devant t\u00e9moins,\u00a0avant de\u00a0l\u2019emmener d\u00e9nud\u00e9 vers une voiture de police,\u00a0a fini par mettre le feu aux\u00a0poudres.<\/p>\n<div id=\"tms-ad-inread-826238168031886\" class=\"tms-ad\" data-tms-ad-type=\"inread\" data-tms-ad-provider=\"invibes\" data-tms-ad-status=\"started\">\n<div id=\"divVideoStepAdBottom\" class=\"divVideoStep\"><\/div>\n<\/div>\n<p>Dix ans apr\u00e8s la r\u00e9volution de 2011 ayant entra\u00een\u00e9\u00a0la\u00a0chute du r\u00e9gime policier du pr\u00e9sident\u00a0Zine\u00a0el-Abidine\u00a0Ben Ali,\u00a0dont les\u00a0abus\u00a0ont marqu\u00e9 la m\u00e9moire collective des Tunisiens,\u00a0ces deux affaires\u00a0ont suscit\u00e9 une vague d\u2019indignation dans le pays.<\/p>\n<p><strong>L\u2019impunit\u00e9 de la police<\/strong><\/p>\n<p>Signe de la puissance de l\u2019onde de choc provoqu\u00e9e par\u00a0ses \u00e9v\u00e8nements, plusieurs dizaines d\u2019organisations, dont le syndicat des avocats et la Ligue\u00a0des droits de l\u2019Homme, ont appel\u00e9 \u00e0 une manifestation nationale\u00a0massive,\u00a0vendredi 17 juin,\u00a0en soutien aux victimes de violences polici\u00e8res. Elles entendent\u00a0profiter de cette mobilisation pour demander\u00a0aux autorit\u00e9s de mettre fin \u00e0 ce qu\u2019ils appellent\u00a0l\u2019impunit\u00e9 de la police, qui, en cas d\u2019abus, fait rarement l\u2019objet de poursuites judiciaires.<\/p>\n<p>Le 6 f\u00e9vrier d\u00e9j\u00e0,\u00a0<a href=\"https:\/\/www.france24.com\/fr\/afrique\/20210207-des-milliers-de-manifestants-%C3%A0-tunis-contre-les-violences-polici%C3%A8res\" target=\"_self\" rel=\"noopener noreferrer\">un rassemblement avait \u00e9t\u00e9 organis\u00e9 \u00e0 Tunis<\/a>\u00a0pour d\u00e9noncer une politique s\u00e9curitaire r\u00e9pressive, ainsi que des atteintes aux libert\u00e9s de protestataires.<\/p>\n<p>\u00ab\u00a0Pourquoi est-ce que les choses ne changent pas en Tunisie, pourquoi est-ce que la violence polici\u00e8re, que ce soit la torture ou les mauvais traitements restent tr\u00e8s r\u00e9pandus ? La r\u00e9ponse tient en un mot : c\u2019est l\u2019impunit\u00e9\u00a0\u00bb, explique \u00e0 France 24 H\u00e9l\u00e8ne Legeay, responsable au sein de l\u2019Organisation mondiale contre la torture.<\/p>\n<p>\u00ab\u00a0Tant qu\u2019il n\u2019y aura pas de sanction, les choses ne changeront pas, personne n\u2019y aura int\u00e9r\u00eat. En tous cas les agents de police n\u2019auront pas int\u00e9r\u00eat \u00e0 changer leur comportement,\u00a0tant qu\u2019ils n\u2019auront pas \u00e9t\u00e9 sanctionn\u00e9s\u00a0\u00bb, insiste-t-elle.<\/p>\n<p>Le bureau du Haut-Commissariat des Nations unies aux droits de l\u2019Homme (HCDH) en Tunisie a dit,\u00a0<a href=\"https:\/\/www.facebook.com\/ohchrtunisie\/photos\/a.538165389608740\/4241200629305179\/\" target=\"_blank\" rel=\"noopener noreferrer\">dans un communiqu\u00e9 publi\u00e9 le 14 juin<\/a>,\u00a0son inqui\u00e9tude face \u00e0 la multiplication des violences polici\u00e8res dans le pays. Il a press\u00e9 les autorit\u00e9s de lancer des enqu\u00eates et de sanctionner les auteurs de ces exactions.\u00a0\u00ab\u00a0La sanction effective des responsables de ces violations marquera la fin de l\u2019impunit\u00e9 des personnes d\u00e9positaires de la force publique qui pensent pouvoir s\u2019absoudre du respect de la loi tunisienne et de l\u2019\u00c9tat de droit\u00a0\u00bb.<\/p>\n<p><a href=\"https:\/\/www.france24.com\/fr\/afrique\/20210120-tunisie-cinqui%C3%A8me-soir%C3%A9e-d-%C3%A9chauffour%C3%A9es-le-premier-ministre-dit-entendre-la-col%C3%A8re\" target=\"_self\" rel=\"noopener noreferrer\">Durant les \u00e9meutes de janvier 2021 en Tunisie<\/a>, survenues dans un contexte de multiplication des mouvements sociaux,\u00a0plus de 600 mineurs ont \u00e9t\u00e9 arr\u00eat\u00e9s, tortur\u00e9s et menac\u00e9s, selon les chiffres de la\u00a0Ligue tunisienne des droits de l\u2019Homme (LTDH).<\/p>\n<p><strong>Le Premier ministre sous le feu des critiques<\/strong><\/p>\n<p>Sous pression, le minist\u00e8re de l\u2019Int\u00e9rieur Hichem\u00a0Mechichi \u00a0a indiqu\u00e9 avoir ouvert des enqu\u00eates sur ces deux dossiers et suspendu les policiers responsables de l\u2019humiliation du mineur,\u00a0lib\u00e9r\u00e9 d\u00e8s le lendemain. Initialement, les autorit\u00e9s\u00a0avaient\u00a0assur\u00e9 que la victime\u00a0\u00e9tait ivre au moment de son interpellation, et qu\u2019elle s\u2019\u00e9tait \u00ab\u00a0d\u00e9shabill\u00e9e volontairement lorsque la patrouille de police avait essay\u00e9 de le ma\u00eetriser, dans un geste provocateur\u00a0\u00bb.<\/p>\n<p>Interrog\u00e9 par le journal\u00a0Akher\u00a0Khabar,\u00a0le jeune homme de 15 ans\u00a0a\u00a0confi\u00e9\u00a0de\u00a0son c\u00f4t\u00e9\u00a0n\u2019avoir \u00ab\u00a0jamais touch\u00e9 \u00e0 l\u2019alcool\u00a0\u00bb et\u00a0avoir subi\u00a0des coups de matraque et de pieds \u00e0 l\u2019int\u00e9rieur du v\u00e9hicule, puis \u00e0 l\u2019int\u00e9rieur du\u00a0commissariat\u00a0de police.<\/p>\n<div id=\"tms-block-21421514833754696\" class=\"o-self-promo o-self-promo--nl\" data-selfpromo-newsletter=\"\">\n<div class=\"o-self-promo-wrapper\">\n<p class=\"o-self-promo__text\"><strong>Le r\u00e9sum\u00e9 de la semaine<\/strong>France 24 vous propose de revenir sur les actualit\u00e9s qui ont marqu\u00e9 la semaine<\/p>\n<p><a class=\"o-self-promo__link o-self-promo__link--newsletter\" href=\"https:\/\/emailing.france24.com\/fr\/subscribe\" target=\"_blank\" rel=\"noopener noreferrer\">Je m\u2019abonne<\/a><\/p>\n<\/div>\n<\/div>\n<p>Face \u00e0 cette vague de contestation, le gouvernement tunisien tente de resserrer les rangs, alors que\u00a0son chef Hichem\u00a0Mechichi,\u00a0qui est \u00e9galement ministre de l\u2019Int\u00e9rieur par int\u00e9rim,\u00a0pourrait \u00eatre\u00a0entendu\u00a0dans les prochains jours\u00a0par une commission parlementaire.<\/p>\n<p>Du c\u00f4t\u00e9 de l\u2019opposition,\u00a0le Bloc d\u00e9mocrate a annonc\u00e9, le 12 juin, qu\u2019une p\u00e9tition \u00e9tait en pr\u00e9paration pour retirer la confiance \u00e0 Hichem\u00a0Mechichi, qu\u2019il\u00a0tient\u00a0pour responsable des violations des droits humains r\u00e9cemment enregistr\u00e9s dans le pays.<\/p>\n<p>Le pr\u00e9sident de la R\u00e9publique Ka\u00efs\u00a0Sa\u00efed, en conflit\u00a0politique\u00a0ouvert avec le chef du gouvernement, a convoqu\u00e9 la semaine derni\u00e8re Hichem\u00a0Mechichi\u00a0pour exprimer sa\u00a0\u00ab\u00a0col\u00e8re\u00a0\u00bb\u00a0et sa\u00a0\u00ab\u00a0condamnation\u00a0\u00bb\u00a0des \u00e9v\u00e8nements, tandis que plus d\u2019une soixantaine d\u2019associations et d\u2019organisations syndicales, dont les influents\u00a0Syndicat national des journalistes tunisiens (SNJT) et l\u2019Union g\u00e9n\u00e9rale tunisienne du travail (UGTT),\u00a0ont port\u00e9 plainte contre le Premier ministre\u00a0pour violences polici\u00e8res.<\/p>\n<p>Elles le d\u00e9signent comme le \u00ab\u00a0responsable direct\u00a0\u00bb de ce qu\u2019elles ont qualifi\u00e9 de \u00ab\u00a0d\u00e9rive de l\u2019institution s\u00e9curitaire\u00a0\u00bb.<\/p>\n<p>\u00c0 ce jour, aucun chiffre officiel concernant les violences polici\u00e8res n\u2019est publi\u00e9e en Tunisie.<\/p>\n<p><strong>Source; France 24<\/strong><\/p>\n<\/div>\n<\/div>\n<p>Auteur: L&rsquo;expert<br \/>\n<a href=\"http:\/\/lexpertjournal.net\/fr\/?p=20401\">Cliquez ici pour lire l&rsquo;article depuis sa source.<\/a><\/p>\n","protected":false},"excerpt":{"rendered":"<p>Les manifestations se poursuivent en Tunisie depuis la mort d\u2019un jeune homme \u00e0 la suite de son arrestation voil\u00e0 dix jours, et l\u2019humiliante interpellation, le lendemain, d\u2019un mineur dans la banlieue de Tunis. Choqu\u00e9s par ces affaires, des dizaines d\u2019associations et d\u2019organisations syndicales ont appel\u00e9 \u00e0 une manifestation monstre, vendredi \u00e0 Tunis, pour d\u00e9noncer les [&hellip;]<\/p>\n","protected":false},"author":1775,"featured_media":0,"comment_status":"closed","ping_status":"closed","sticky":false,"template":"","format":"standard","meta":{"fifu_image_url":"","fifu_image_alt":"","footnotes":""},"categories":[78,55],"tags":[],"class_list":["post-118813","post","type-post","status-publish","format-standard","hentry","category-economie","category-tunisie"],"_links":{"self":[{"href":"https:\/\/linitiative.ca\/International\/wp-json\/wp\/v2\/posts\/118813","targetHints":{"allow":["GET"]}}],"collection":[{"href":"https:\/\/linitiative.ca\/International\/wp-json\/wp\/v2\/posts"}],"about":[{"href":"https:\/\/linitiative.ca\/International\/wp-json\/wp\/v2\/types\/post"}],"author":[{"embeddable":true,"href":"https:\/\/linitiative.ca\/International\/wp-json\/wp\/v2\/users\/1775"}],"replies":[{"embeddable":true,"href":"https:\/\/linitiative.ca\/International\/wp-json\/wp\/v2\/comments?post=118813"}],"version-history":[{"count":0,"href":"https:\/\/linitiative.ca\/International\/wp-json\/wp\/v2\/posts\/118813\/revisions"}],"wp:attachment":[{"href":"https:\/\/linitiative.ca\/International\/wp-json\/wp\/v2\/media?parent=118813"}],"wp:term":[{"taxonomy":"category","embeddable":true,"href":"https:\/\/linitiative.ca\/International\/wp-json\/wp\/v2\/categories?post=118813"},{"taxonomy":"post_tag","embeddable":true,"href":"https:\/\/linitiative.ca\/International\/wp-json\/wp\/v2\/tags?post=118813"}],"curies":[{"name":"wp","href":"https:\/\/api.w.org\/{rel}","templated":true}]}}