{"id":118814,"date":"2021-06-18T05:22:22","date_gmt":"2021-06-18T09:22:22","guid":{"rendered":"https:\/\/linitiative.ca\/International\/le-tunindex-cloture-la-seance-dans-un-range-de-degagement\/"},"modified":"2021-06-18T05:22:22","modified_gmt":"2021-06-18T09:22:22","slug":"le-tunindex-cloture-la-seance-dans-un-range-de-degagement","status":"publish","type":"post","link":"https:\/\/linitiative.ca\/International\/le-tunindex-cloture-la-seance-dans-un-range-de-degagement\/","title":{"rendered":"Le TUNINDEX cl\u00f4ture la s\u00e9ance dans un range de d\u00e9gagement."},"content":{"rendered":"<div>\n<ul>\n<li><strong><em>Le TUNINDEX la d\u00e9rive baissi\u00e8re s\u2019amplifie. <\/em><\/strong><\/li>\n<li><strong><em>La r\u00e9action \u00e0 un march\u00e9 boursier, tributaire du marasme du jour, sera en de\u00e7\u00e0 du consensus des analystes en mati\u00e8re de reprise boursi\u00e8re.<\/em><\/strong><\/li>\n<\/ul>\n<p><strong><em>\u00a0<\/em><\/strong><\/p>\n<p><strong><em>La place de Tunis cl\u00f4ture la s\u00e9ance dans le rouge en c\u00e9dant 11,96 points (-0,16%), avec 15 panneaux en hausse contre 25 \u00e0 la baisse et pr\u00e8s de 2,7 MDT de transactions.<\/em><\/strong><\/p>\n<p><strong><em>D\u2019un point de vue technique, le profil graphique du\u00a0TUNINDEX\u00a0est \u00e0 la d\u00e9rive technique <\/em><\/strong><strong><em>en-dessous des 7\u00a0350 points.<\/em><\/strong><\/p>\n<p><strong><em>Sur le plan boursier, c\u00f4t\u00e9 valeurs,\u00a0les valeurs les plus actives cl\u00f4turent en ordre dispers\u00e9, orient\u00e9es \u00e0 l\u2019offre.<\/em><\/strong><\/p>\n<p><img loading=\"lazy\" decoding=\"async\" class=\"alignnone wp-image-20406 size-full\" src=\"http:\/\/lexpertjournal.net\/fr\/wp-content\/uploads\/sites\/2\/2021\/06\/1.png\" alt=\"\" width=\"290\" height=\"204\"> <img loading=\"lazy\" decoding=\"async\" class=\"alignnone size-medium wp-image-20407\" src=\"http:\/\/lexpertjournal.net\/fr\/wp-content\/uploads\/sites\/2\/2021\/06\/2-300x106.png\" alt=\"\" width=\"300\" height=\"106\" srcset=\"http:\/\/lexpertjournal.net\/fr\/wp-content\/uploads\/sites\/2\/2021\/06\/2-300x106.png 300w, http:\/\/lexpertjournal.net\/fr\/wp-content\/uploads\/sites\/2\/2021\/06\/2.png 324w\" sizes=\"auto, (max-width: 300px) 100vw, 300px\"><\/p>\n<p><strong><em>Les investisseurs restent attentifs \u00e0 l\u2019\u00e9volution de la conduite de la politique mon\u00e9taire de la BCT.<\/em><\/strong><\/p>\n<p><img loading=\"lazy\" decoding=\"async\" class=\"alignnone wp-image-20408 size-full\" src=\"http:\/\/lexpertjournal.net\/fr\/wp-content\/uploads\/sites\/2\/2021\/06\/3.png\" alt=\"\" width=\"602\" height=\"558\" srcset=\"http:\/\/lexpertjournal.net\/fr\/wp-content\/uploads\/sites\/2\/2021\/06\/3.png 602w, http:\/\/lexpertjournal.net\/fr\/wp-content\/uploads\/sites\/2\/2021\/06\/3-300x278.png 300w\" sizes=\"auto, (max-width: 602px) 100vw, 602px\"><\/p>\n<p><strong><em><u>ELEMENTS GRAPHIQUES CLES\u00a0:<\/u><\/em><\/strong><\/p>\n<p><strong><em>Le march\u00e9 boursier de la place de Tunis se retrouve dans la zone NEUTRE \u00e0 OFFRE FORTE. \u00a0<\/em><\/strong><\/p>\n<p><strong><em><u>PREVISION\u00a0:<\/u><\/em><\/strong><\/p>\n<p><strong><em>Au regard des facteurs graphiques cl\u00e9s que nous avons examin\u00e9s, notre avis est \u00e0 la consolidation BAISSIERE sur le TUNINDEX\u00a0\u00e0 court terme.<\/em><\/strong><\/p>\n<p><strong><em>Ce sc\u00e9nario est valable tant que le TUNINDEX\u00a0cote en dessous de la ligne des 7350 points (-\/+) sa Moyenne Mobile 20 jours MM20J.<\/em><\/strong><\/p>\n<p><strong><em>\u00a0<\/em><\/strong><\/p>\n<p><strong><em>Tendances AUJOURD\u2019HUI<\/em><\/strong><\/p>\n<p><img loading=\"lazy\" decoding=\"async\" class=\"alignnone wp-image-20409 size-full\" src=\"http:\/\/lexpertjournal.net\/fr\/wp-content\/uploads\/sites\/2\/2021\/06\/4.png\" alt=\"\" width=\"607\" height=\"379\" srcset=\"http:\/\/lexpertjournal.net\/fr\/wp-content\/uploads\/sites\/2\/2021\/06\/4.png 607w, http:\/\/lexpertjournal.net\/fr\/wp-content\/uploads\/sites\/2\/2021\/06\/4-300x187.png 300w\" sizes=\"auto, (max-width: 607px) 100vw, 607px\"><\/p>\n<p><img loading=\"lazy\" decoding=\"async\" class=\"alignnone wp-image-20410 size-full\" src=\"http:\/\/lexpertjournal.net\/fr\/wp-content\/uploads\/sites\/2\/2021\/06\/5.png\" alt=\"\" width=\"629\" height=\"291\" srcset=\"http:\/\/lexpertjournal.net\/fr\/wp-content\/uploads\/sites\/2\/2021\/06\/5.png 629w, http:\/\/lexpertjournal.net\/fr\/wp-content\/uploads\/sites\/2\/2021\/06\/5-300x139.png 300w\" sizes=\"auto, (max-width: 629px) 100vw, 629px\"><\/p>\n<h3><em>Le tunindex aujourdhui<\/em><\/h3>\n<h3><em>Le TUNINDEX <\/em><em>affiche sa tendance \u00e0 la consolidation BAISSIERE en dessous de la ligne symbolique des 7350 points, sa Moyenne Mobile <\/em><em>Exponentielle <\/em><em>\u00e0 20 jours (MME20), comme le montre le\u00a0 graphique ci-dessus. <\/em><\/h3>\n<h3><em>On remarquera\u00a0:<\/em><\/h3>\n<h3>\u2013\u00a0\u00a0 <em>Le r\u00e9tr\u00e9cissement de la Bande de Bollinger BB mat\u00e9rialise une diminution de la volatilit\u00e9, donc du risque. <\/em><\/h3>\n<h3>\u2013\u00a0\u00a0\u00a0 <em>La propension au d\u00e9gagement est pr\u00e9figur\u00e9e par un range contitu\u00e9 par les 21 derniers chandeliers qui pr\u00e9figurent les s\u00e9ances de bourses en question. <\/em><\/h3>\n<h3>\u2013\u00a0\u00a0 <em>Les 3 derniers chandelier (corps revativement relativement d\u00e9velopp\u00e9), pr\u00e9figurent une propension des op\u00e9rateurs \u00e0 prendre du recul en s\u2019adossant sur sa MME20J \u00e0 7350 points, vers le bas de la Bande de Bolinger (BB 20-2), dans une configuration de correction technique typique comme le montre le graphique ci-dessus.<\/em><\/h3>\n<h3><em> <img loading=\"lazy\" decoding=\"async\" class=\"alignnone size-medium wp-image-19701\" src=\"http:\/\/lexpertjournal.net\/fr\/wp-content\/uploads\/sites\/2\/2021\/04\/8-6-300x64.png\" alt=\"\" width=\"300\" height=\"64\" srcset=\"http:\/\/lexpertjournal.net\/fr\/wp-content\/uploads\/sites\/2\/2021\/04\/8-6-300x64.png 300w, http:\/\/lexpertjournal.net\/fr\/wp-content\/uploads\/sites\/2\/2021\/04\/8-6.png 377w\" sizes=\"auto, (max-width: 300px) 100vw, 300px\"><\/em><\/h3>\n<h3><em><u>Au niveau des Indicateurs Techniques<\/u><\/em><em>\u00a0: Le march\u00e9 est en zone NEUTRE\u00a0(Moyennes Mobiles) et en zone VENTE FORTE (Indicateurs Techniques). <\/em><\/h3>\n<h3><em>Cependant, on notera que sur les 12 moyennes mobiles de r\u00e9f\u00e9rence, 6 indiquent que le TUNINDEX est en zone achat, et 6 en zone de vente forte et que sur les 7 indicateurs techniques, 1 sont en zone ACHAT et 6 en zone de VENTE FORTE.<\/em><\/h3>\n<h3><img loading=\"lazy\" decoding=\"async\" class=\"alignnone wp-image-20411 size-full\" src=\"http:\/\/lexpertjournal.net\/fr\/wp-content\/uploads\/sites\/2\/2021\/06\/7.png\" alt=\"\" width=\"589\" height=\"272\" srcset=\"http:\/\/lexpertjournal.net\/fr\/wp-content\/uploads\/sites\/2\/2021\/06\/7.png 589w, http:\/\/lexpertjournal.net\/fr\/wp-content\/uploads\/sites\/2\/2021\/06\/7-300x139.png 300w\" sizes=\"auto, (max-width: 589px) 100vw, 589px\"><\/h3>\n<h3><em><u>Au niveau des Points Pivots<\/u><\/em><em>, <\/em><\/h3>\n<h3><em>Le cours de cl\u00f4ture de la s\u00e9ance est en dessous du point pivot (7\u00a0342 points), confirme que le range de DEGAGEMENT du march\u00e9 en dessous du point pivot th\u00e9orique qui fait office de seuil de RESISTANCE principale dans un march\u00e9 \u00e0 tendances \u00e9clectiques. <\/em><\/h3>\n<h3><em>La configuration graphique (Bandes de Bollinger BB (20\u00a0; 2) et BB % (20\u00a0; 2), suite aux r\u00e9cents retournements (avec une volatilit\u00e9 moins importante), mat\u00e9rialise la tendance au d\u00e9gagement, en de\u00e7\u00e0 du seuil des 7 350 points, comme l\u2019indique le graphique ci-dessus.\u00a0 <\/em><\/h3>\n<h3><strong><em>Le TUNINDEX se trouve sous plusieurs obstacles cl\u00e9s, dont principalement le seuil symbolique \u00e0 7\u00a0350 points et au-del\u00e0, la Resistance R1 \u00e0 7\u00a0366 points.<\/em><\/strong><\/h3>\n<p><strong><em> <img loading=\"lazy\" decoding=\"async\" class=\"alignnone size-medium wp-image-19704\" src=\"http:\/\/lexpertjournal.net\/fr\/wp-content\/uploads\/sites\/2\/2021\/04\/11-2-300x50.png\" alt=\"\" width=\"300\" height=\"50\" srcset=\"http:\/\/lexpertjournal.net\/fr\/wp-content\/uploads\/sites\/2\/2021\/04\/11-2-300x50.png 300w, http:\/\/lexpertjournal.net\/fr\/wp-content\/uploads\/sites\/2\/2021\/04\/11-2.png 375w\" sizes=\"auto, (max-width: 300px) 100vw, 300px\"><\/em><\/strong><\/p>\n<p><strong><em>======================================<\/em><\/strong><\/p>\n<p><strong><em>ACTUALITES DES ENTREPRISES\u00a0: Source: <\/em><\/strong><a href=\"http:\/\/www.bvmt.com.tn\/fr\/actualites-emetteurs\"><strong><em>http:\/\/www.bvmt.com.tn\/fr\/actualites-emetteurs<\/em><\/strong><\/a><\/p>\n<p><strong><em>======================================<\/em><\/strong><\/p>\n<p><em>\u00a0<\/em><\/p>\n<p><em>Les<strong> avoirs en devises du pays se sont r\u00e9duits \u00e0 138 jours d\u2019importation au 15 juin 2021. <\/strong><\/em><\/p>\n<p><strong><em>Le compte du Tr\u00e9sor s\u2019est repli\u00e9 \u00e0 774 MDT. <\/em><\/strong><\/p>\n<p><strong><em>Le volume des liquidit\u00e9s s\u2019est repli\u00e9\u00a0\u00e0 16202MDT. <\/em><\/strong><\/p>\n<p><strong><em>Le volume global de refinancement s\u2019est stabilis\u00e9 \u00e0 8080MDT. <\/em><\/strong><\/p>\n<p><strong><em>Tention sur les taux (TM\u00a0: 6.25%). <\/em><\/strong><\/p>\n<p><strong><em>Tension sur le Dinar\u00a0: (2.7888 DT\u00a0pour 1$ et 3.3253 DT pour 1 EUR).<\/em><\/strong><\/p>\n<p><img loading=\"lazy\" decoding=\"async\" class=\"alignnone wp-image-20412 size-full\" src=\"http:\/\/lexpertjournal.net\/fr\/wp-content\/uploads\/sites\/2\/2021\/06\/9.png\" alt=\"\" width=\"774\" height=\"267\" srcset=\"http:\/\/lexpertjournal.net\/fr\/wp-content\/uploads\/sites\/2\/2021\/06\/9.png 774w, http:\/\/lexpertjournal.net\/fr\/wp-content\/uploads\/sites\/2\/2021\/06\/9-300x103.png 300w, http:\/\/lexpertjournal.net\/fr\/wp-content\/uploads\/sites\/2\/2021\/06\/9-768x265.png 768w\" sizes=\"auto, (max-width: 774px) 100vw, 774px\"><\/p>\n<\/div>\n<p>Auteur: L&rsquo;expert<br \/>\n<a href=\"http:\/\/lexpertjournal.net\/fr\/?p=20405\">Cliquez ici pour lire l&rsquo;article depuis sa source.<\/a><\/p>\n","protected":false},"excerpt":{"rendered":"<p>Le TUNINDEX la d\u00e9rive baissi\u00e8re s\u2019amplifie. La r\u00e9action \u00e0 un march\u00e9 boursier, tributaire du marasme du jour, sera en de\u00e7\u00e0 du consensus des analystes en mati\u00e8re de reprise boursi\u00e8re. \u00a0 La place de Tunis cl\u00f4ture la s\u00e9ance dans le rouge en c\u00e9dant 11,96 points (-0,16%), avec 15 panneaux en hausse contre 25 \u00e0 la baisse [&hellip;]<\/p>\n","protected":false},"author":1775,"featured_media":0,"comment_status":"closed","ping_status":"closed","sticky":false,"template":"","format":"standard","meta":{"fifu_image_url":"http:\/\/lexpertjournal.net\/fr\/wp-content\/uploads\/sites\/2\/2021\/06\/1.png","fifu_image_alt":"Le TUNINDEX cl\u00f4ture la s\u00e9ance dans un range de d\u00e9gagement.","footnotes":""},"categories":[78,55],"tags":[],"class_list":["post-118814","post","type-post","status-publish","format-standard","hentry","category-economie","category-tunisie"],"_links":{"self":[{"href":"https:\/\/linitiative.ca\/International\/wp-json\/wp\/v2\/posts\/118814","targetHints":{"allow":["GET"]}}],"collection":[{"href":"https:\/\/linitiative.ca\/International\/wp-json\/wp\/v2\/posts"}],"about":[{"href":"https:\/\/linitiative.ca\/International\/wp-json\/wp\/v2\/types\/post"}],"author":[{"embeddable":true,"href":"https:\/\/linitiative.ca\/International\/wp-json\/wp\/v2\/users\/1775"}],"replies":[{"embeddable":true,"href":"https:\/\/linitiative.ca\/International\/wp-json\/wp\/v2\/comments?post=118814"}],"version-history":[{"count":0,"href":"https:\/\/linitiative.ca\/International\/wp-json\/wp\/v2\/posts\/118814\/revisions"}],"wp:attachment":[{"href":"https:\/\/linitiative.ca\/International\/wp-json\/wp\/v2\/media?parent=118814"}],"wp:term":[{"taxonomy":"category","embeddable":true,"href":"https:\/\/linitiative.ca\/International\/wp-json\/wp\/v2\/categories?post=118814"},{"taxonomy":"post_tag","embeddable":true,"href":"https:\/\/linitiative.ca\/International\/wp-json\/wp\/v2\/tags?post=118814"}],"curies":[{"name":"wp","href":"https:\/\/api.w.org\/{rel}","templated":true}]}}