{"id":118815,"date":"2021-06-18T05:48:02","date_gmt":"2021-06-18T09:48:02","guid":{"rendered":"https:\/\/linitiative.ca\/International\/lutica-presente-les-axes-dun-plan-durgence-et-de-sauvetage-economique\/"},"modified":"2021-06-18T05:48:02","modified_gmt":"2021-06-18T09:48:02","slug":"lutica-presente-les-axes-dun-plan-durgence-et-de-sauvetage-economique","status":"publish","type":"post","link":"https:\/\/linitiative.ca\/International\/lutica-presente-les-axes-dun-plan-durgence-et-de-sauvetage-economique\/","title":{"rendered":"L\u2019Utica pr\u00e9sente les axes d\u2019un plan d\u2019urgence et de sauvetage \u00e9conomique"},"content":{"rendered":"<div>\n<h2>L\u2019Utica a tir\u00e9 aujourd\u2019hui la sonnette d\u2019alarme sur l\u2019aggravation de la situation \u00e9conomique et financi\u00e8re du pays. Selon la\u00a0<a href=\"https:\/\/www.facebook.com\/UticaTunisie\/\" target=\"_blank\" rel=\"noopener noreferrer\">centrale patronale<\/a>, cette situation n\u00e9cessite la mise en place des r\u00e9formes urgentes et structurelles.<\/h2>\n<p>Pour sauver l\u2019\u00e9conomie tunisienne, la solution consiste, selon l\u2019Utica, \u00e0 mettre en place un plan d\u2019urgence et de sauvetage \u00e9conomique. En effet, ceci plan repose sur :<\/p>\n<ul>\n<li>L\u2019am\u00e9lioration du climat g\u00e9n\u00e9ral des affaires et l\u2019appui \u00e0 l\u2019investissement\u00a0;<\/li>\n<li>La valorisation de la valeur travail, la lib\u00e9ralisation de l\u2019initiative et mettre fin au blocage les sites de production;<\/li>\n<li>L\u2019encouragement de l\u2019exportation, la redynamisation de la diplomatie \u00e9conomique pour faciliter l\u2019acc\u00e8s aux march\u00e9s internationaux et l\u2019am\u00e9lioration de l\u2019attractivit\u00e9 de la destination Tunisie aux yeux des investisseurs;<\/li>\n<li>La r\u00e9vision du mod\u00e8le de gestion des ressources du pays;<\/li>\n<li>Faire face \u00e0 la probl\u00e9matique de\u00a0<a href=\"http:\/\/www.leconomistemaghrebin.com\/2021\/05\/20\/mondher-lakhal-directeur-general-bna\/\" target=\"_blank\" rel=\"noopener noreferrer\">l\u2019endettement<\/a>;<\/li>\n<li>La r\u00e9forme des entreprises publiques;<\/li>\n<li>La r\u00e9vision de la politique de subvention pour l\u2019orienter vers les cat\u00e9gories vuln\u00e9rables;<\/li>\n<li>Donner la priorit\u00e9 aux secteurs porteurs comme les \u00e9nergies renouvelables;<\/li>\n<li>R\u00e9soudre la probl\u00e9matique du financement des projets;<\/li>\n<li>Faire face au commerce parall\u00e8le.<\/li>\n<\/ul>\n<p>L\u2019Utica a, en outre, appel\u00e9 \u00e0 sauver les entreprises et les postes d\u2019emploi menac\u00e9s par les r\u00e9percussions de la pand\u00e9mie Covid-19. Celle-ci a impact\u00e9 tous les secteurs et toutes les entreprises. Au final, la centrale patronale a appel\u00e9 \u00e0 cesser de diaboliser le secteur priv\u00e9.<\/p>\n<p><em>M.T<\/em><\/p>\n<div class=\"td-a-rec td-a-rec-id-content_bottom  td_uid_44_60cc6a373b0fe_rand td_block_template_1\"><\/div>\n<\/div>\n<p>Auteur: L&rsquo;expert<br \/>\n<a href=\"http:\/\/lexpertjournal.net\/fr\/?p=20415\">Cliquez ici pour lire l&rsquo;article depuis sa source.<\/a><\/p>\n","protected":false},"excerpt":{"rendered":"<p>L\u2019Utica a tir\u00e9 aujourd\u2019hui la sonnette d\u2019alarme sur l\u2019aggravation de la situation \u00e9conomique et financi\u00e8re du pays. Selon la\u00a0centrale patronale, cette situation n\u00e9cessite la mise en place des r\u00e9formes urgentes et structurelles. Pour sauver l\u2019\u00e9conomie tunisienne, la solution consiste, selon l\u2019Utica, \u00e0 mettre en place un plan d\u2019urgence et de sauvetage \u00e9conomique. En effet, ceci [&hellip;]<\/p>\n","protected":false},"author":1775,"featured_media":0,"comment_status":"closed","ping_status":"closed","sticky":false,"template":"","format":"standard","meta":{"fifu_image_url":"","fifu_image_alt":"","footnotes":""},"categories":[78,55],"tags":[],"class_list":["post-118815","post","type-post","status-publish","format-standard","hentry","category-economie","category-tunisie"],"_links":{"self":[{"href":"https:\/\/linitiative.ca\/International\/wp-json\/wp\/v2\/posts\/118815","targetHints":{"allow":["GET"]}}],"collection":[{"href":"https:\/\/linitiative.ca\/International\/wp-json\/wp\/v2\/posts"}],"about":[{"href":"https:\/\/linitiative.ca\/International\/wp-json\/wp\/v2\/types\/post"}],"author":[{"embeddable":true,"href":"https:\/\/linitiative.ca\/International\/wp-json\/wp\/v2\/users\/1775"}],"replies":[{"embeddable":true,"href":"https:\/\/linitiative.ca\/International\/wp-json\/wp\/v2\/comments?post=118815"}],"version-history":[{"count":0,"href":"https:\/\/linitiative.ca\/International\/wp-json\/wp\/v2\/posts\/118815\/revisions"}],"wp:attachment":[{"href":"https:\/\/linitiative.ca\/International\/wp-json\/wp\/v2\/media?parent=118815"}],"wp:term":[{"taxonomy":"category","embeddable":true,"href":"https:\/\/linitiative.ca\/International\/wp-json\/wp\/v2\/categories?post=118815"},{"taxonomy":"post_tag","embeddable":true,"href":"https:\/\/linitiative.ca\/International\/wp-json\/wp\/v2\/tags?post=118815"}],"curies":[{"name":"wp","href":"https:\/\/api.w.org\/{rel}","templated":true}]}}