{"id":118816,"date":"2021-06-18T06:38:16","date_gmt":"2021-06-18T10:38:16","guid":{"rendered":"https:\/\/linitiative.ca\/International\/ma-these-en-180-secondes-un-concours-pas-comme-les-autres\/"},"modified":"2021-06-18T06:38:16","modified_gmt":"2021-06-18T10:38:16","slug":"ma-these-en-180-secondes-un-concours-pas-comme-les-autres","status":"publish","type":"post","link":"https:\/\/linitiative.ca\/International\/ma-these-en-180-secondes-un-concours-pas-comme-les-autres\/","title":{"rendered":"Ma th\u00e8se en 180 secondes : un concours pas comme les autres"},"content":{"rendered":"<div>\n<p><strong>En partenariat avec l\u2019institut fran\u00e7ais, et l\u2019Agence Universitaire de la Francophonie (AUF), l\u2019universit\u00e9 de Kairouan, a organis\u00e9 le samedi 12 juin dernier, au si\u00e8ge de l\u2019Institut sup\u00e9rieur des sciences appliqu\u00e9es et des technologies de Kairouan (ISSAT), les demi-finales nationales de la sixi\u00e8me \u00e9dition du concours international \u00ab\u00a0ma th\u00e8se en 180 secondes\u00a0\u00bb. <\/strong><\/p>\n<p>Le concours Ma th\u00e8se en 180 secondes (d\u00e9nomm\u00e9 MT180) est un \u00e9v\u00e8nement qui se d\u00e9roule sur sc\u00e8ne et devant le public. C\u2019est une comp\u00e9tition francophone ayant pour principales missions :<\/p>\n<ul>\n<li>de mettre en lumi\u00e8re les doctorants dans toutes les disciplines ;<\/li>\n<li>d\u2019encourager les jeunes chercheurs \u00e0 vulgariser leurs travaux de recherche ;<\/li>\n<li>de les sensibiliser \u00e0 l\u2019importance du dialogue entre les sciences et la soci\u00e9t\u00e9 ;<\/li>\n<li>de leur offrir un contact direct avec le public ;<\/li>\n<li>de leur permettre de resauter avec des chercheurs d\u2019autres disciplines, tout en valorisant la langue fran\u00e7aise ainsi que de favoriser l\u2019ouverture \u00e0 d\u2019autres publics, d\u2019autres rencontres, d\u2019autres cultures.<\/li>\n<\/ul>\n<p>Ce concours permet aux \u00e9tudiants en doctorat ou nouveaux docteurs de pr\u00e9senter leurs sujets de recherche en termes simples \u00e0 un auditoire profane et diversifi\u00e9. Chaque \u00e9tudiant doit faire, en trois minutes, un expos\u00e9 en fran\u00e7ais, clair, concis et n\u00e9anmoins convaincant sur son projet de recherche.<\/p>\n<p>Le concours Ma th\u00e8se en 180 secondes offre une occasion unique aux participants de parfaire leurs aptitudes en communication, tout en leur donnant la possibilit\u00e9 de diffuser leurs recherches dans l\u2019espace public.<\/p>\n<p>Les demi-finales nationales de de la MT180 ont a \u00e9t\u00e9 ouverts par Monsieur Hamadi Messaoudi, le recteur de l\u2019universit\u00e9 de Kairouan, qui a mentionn\u00e9\u00a0 que parmi les demandes re\u00e7ues pour participer \u00e0 un premier tour \u00e9liminatoire du concours, 24 candidats ont \u00e9t\u00e9 s\u00e9lectionn\u00e9s pour ces demi-finales , et \u00a0l\u2019universit\u00e9 de Kairouan s\u2019engagera encore \u00e0 mettre en place des formations sp\u00e9cifiques en prise de parole en public et en Art sc\u00e9nique, et ce pour les 12 candidats qui seront accept\u00e9s pour la finale nationale pr\u00e9vue le 3 juillet prochain \u00e0 Kairouan, ainsi que pour le laur\u00e9at de l\u2019\u00e9dition qui va repr\u00e9senter la Tunisie \u00e0 la finale internationale pr\u00e9vue le 30 Septembre 2021 \u00e0 Paris (France)..<\/p>\n<p>Madame Jihene Fouzayi, pr\u00e9sentatrice \u00e0 l\u2019AUF a pour sa part rappel\u00e9e que Ma th\u00e8se en 180 secondes est inspir\u00e9 du concours Three minute thesis (3MTMD) qui a eu lieu pour la premi\u00e8re fois en 1008 \u00e0 l\u2019Universit\u00e9 du Queensland, en Australie. En 2015, la Tunisie a rejoint ce concours et elle a organis\u00e9 pour la premi\u00e8re fois la finale nationale, et ce avec le soutien de l\u2019Institut Fran\u00e7ais de Tunisie (IFT, Ambassade de France) et l\u2019Agence Universitaire de la Francophonie\u2013 Direction R\u00e9gionale Maghreb (AUF-DRM).<\/p>\n<p>Les demi-finales nationales de de la MT180 ont \u00e9t\u00e9 marqu\u00e9 par la pr\u00e9sence \u00e9loquente de l\u2019animatrice Sihem Dheya, professeur de langue francaise \u00e0 l\u2019institut sup\u00e9rieur des \u00e9tudes appliqu\u00e9es en humanit\u00e9s de Sbeitla.<\/p>\n<p><strong>\u00a0Belaid Douggui<\/strong><\/p>\n<\/div>\n<p>Auteur: L&rsquo;expert<br \/>\n<a href=\"http:\/\/lexpertjournal.net\/fr\/?p=20418\">Cliquez ici pour lire l&rsquo;article depuis sa source.<\/a><\/p>\n","protected":false},"excerpt":{"rendered":"<p>En partenariat avec l\u2019institut fran\u00e7ais, et l\u2019Agence Universitaire de la Francophonie (AUF), l\u2019universit\u00e9 de Kairouan, a organis\u00e9 le samedi 12 juin dernier, au si\u00e8ge de l\u2019Institut sup\u00e9rieur des sciences appliqu\u00e9es et des technologies de Kairouan (ISSAT), les demi-finales nationales de la sixi\u00e8me \u00e9dition du concours international \u00ab\u00a0ma th\u00e8se en 180 secondes\u00a0\u00bb. Le concours Ma th\u00e8se [&hellip;]<\/p>\n","protected":false},"author":1775,"featured_media":0,"comment_status":"closed","ping_status":"closed","sticky":false,"template":"","format":"standard","meta":{"fifu_image_url":"","fifu_image_alt":"","footnotes":""},"categories":[78,55],"tags":[],"class_list":["post-118816","post","type-post","status-publish","format-standard","hentry","category-economie","category-tunisie"],"_links":{"self":[{"href":"https:\/\/linitiative.ca\/International\/wp-json\/wp\/v2\/posts\/118816","targetHints":{"allow":["GET"]}}],"collection":[{"href":"https:\/\/linitiative.ca\/International\/wp-json\/wp\/v2\/posts"}],"about":[{"href":"https:\/\/linitiative.ca\/International\/wp-json\/wp\/v2\/types\/post"}],"author":[{"embeddable":true,"href":"https:\/\/linitiative.ca\/International\/wp-json\/wp\/v2\/users\/1775"}],"replies":[{"embeddable":true,"href":"https:\/\/linitiative.ca\/International\/wp-json\/wp\/v2\/comments?post=118816"}],"version-history":[{"count":0,"href":"https:\/\/linitiative.ca\/International\/wp-json\/wp\/v2\/posts\/118816\/revisions"}],"wp:attachment":[{"href":"https:\/\/linitiative.ca\/International\/wp-json\/wp\/v2\/media?parent=118816"}],"wp:term":[{"taxonomy":"category","embeddable":true,"href":"https:\/\/linitiative.ca\/International\/wp-json\/wp\/v2\/categories?post=118816"},{"taxonomy":"post_tag","embeddable":true,"href":"https:\/\/linitiative.ca\/International\/wp-json\/wp\/v2\/tags?post=118816"}],"curies":[{"name":"wp","href":"https:\/\/api.w.org\/{rel}","templated":true}]}}