{"id":118819,"date":"2021-06-18T06:29:57","date_gmt":"2021-06-18T10:29:57","guid":{"rendered":"https:\/\/linitiative.ca\/International\/linitiative-royale-au-profit-des-mre-fondamentalement-humaine\/"},"modified":"2021-06-18T06:29:57","modified_gmt":"2021-06-18T10:29:57","slug":"linitiative-royale-au-profit-des-mre-fondamentalement-humaine","status":"publish","type":"post","link":"https:\/\/linitiative.ca\/International\/linitiative-royale-au-profit-des-mre-fondamentalement-humaine\/","title":{"rendered":"L\u2019initiative Royale au profit des MRE fondamentalement humaine"},"content":{"rendered":"<div>\n<div style=\"margin-bottom:20px;\"><img loading=\"lazy\" decoding=\"async\" width=\"750\" height=\"430\" src=\"http:\/\/www.mapmarrakech.ma\/map\/uploads\/2021\/06\/UCAM-1.jpg\" class=\"attachment-post-thumbnail size-post-thumbnail wp-post-image\" alt=\"\" srcset=\"http:\/\/www.mapmarrakech.ma\/map\/uploads\/2021\/06\/UCAM-1.jpg 750w, http:\/\/www.mapmarrakech.ma\/map\/uploads\/2021\/06\/UCAM-1-300x172.jpg 300w\" sizes=\"auto, (max-width: 750px) 100vw, 750px\"><\/div>\n<p>Ce geste Royal se distingue par sa g\u00e9n\u00e9rosit\u00e9 humaine ainsi que par sa clairvoyance, montrant qu\u2019un Etat peut distiller une dose d\u2019humanisme dans sa gestion des affaires publiques dans un monde o\u00f9, l\u2019ultralib\u00e9ralisme des prix tente d\u2019en prendre le dessus, transformant ainsi le monde en un march\u00e9 \u00e0 ciel ouvert, a ajout\u00e9 M. Belgourch, dans une d\u00e9claration \u00e0 la MAP.<br \/>\nCette d\u00e9cision de r\u00e9gulation est l\u2019apanage des grands hommes d\u2019Etats qui dans les moments de crises aig\u00fces montrent la bonne voie, en assurant qu\u2019il n\u2019y a pas d\u2019\u00e9conomie qui vaille sans une dose sociale, voire humaniste, laquelle \u00e0 son tour impulse l\u2019\u00e9conomie dans ses dimensions marchande et financi\u00e8re, a expliqu\u00e9, M. Belgourch, \u00e9galement directeur du Groupe de Recherche en G\u00e9opolitique et Strat\u00e9gie Globale (GSG) relevant de ladite facult\u00e9.<br \/>\nPar cette d\u00e9cision, SM le Roi Mohammed VI montre que l\u2019\u00e9conomie et le social sont \u00e9troitement imbriqu\u00e9s, a-t-il dit.<br \/>\n\u00ab\u00a0En dehors de l\u2019aspect humain, la facilitation de l\u2019acc\u00e8s des MRE \u00e0 leurs pays, est de nature \u00e0 relancer immanquablement l\u2019\u00e9conomie locale notamment en termes de promotion touristique, d\u2019essor socioculturel, ainsi que des secteurs connexes, sans oublier toute la dimension politico-\u00e9conomique d\u2019une telle d\u00e9cision, mat\u00e9rialis\u00e9e par une autonomie accrue vis-\u00e0-vis du voisin du nord, ainsi que par les nouvelles opportunit\u00e9s de coop\u00e9ration dans les domaines de transport a\u00e9rien et maritime que cette initiative g\u00e9n\u00e8re, a-t-il estim\u00e9.<br \/>\nEt de poursuivre que \u00ab s\u2019il se trouve une le\u00e7on aussi \u00e0 tirer de cette d\u00e9cision, elle serait aussi de ne pas n\u00e9gliger nos forces endog\u00e8nes \u00bb.<br \/>\nCompte tenu de l\u2019attachement l\u00e9gendaire et constant des Marocains ou ceux issus de l\u2019immigration marocaine \u00e0 leur pays d\u2019origine, les autorit\u00e9s marocaines ne pouvaient rester sans donner un signal fort pour faciliter ces retrouvailles apr\u00e8s presque une ann\u00e9e et demi \u00e0 cause d\u2019une pand\u00e9mie sans pr\u00e9c\u00e9dent, a poursuivi le Professeur Belgourch.<br \/>\nEt c\u2019est par la voix de son Chef d\u2019Etat, Sa Majest\u00e9 le Roi Mohammed VI, qu\u2019est venue la d\u00e9cision humaine d\u2019aller au del\u00e0 de la facilitation logistique, \u00e0 celle financi\u00e8re par la r\u00e9gulation des prix de transport qui connaissent une flamb\u00e9e r\u00e9dhibitoire, a-t-il conclu.<\/p>\n<p>The post <a rel=\"nofollow\" href=\"http:\/\/www.mapmarrakech.ma\/fr\/linitiative-royale-au-profit-des-mre-fondamentalement-humaine\/\">L\u2019initiative Royale au profit des MRE fondamentalement humaine<\/a> appeared first on <a rel=\"nofollow\" href=\"http:\/\/www.mapmarrakech.ma\/fr\">MapMarrakech<\/a>.<\/p>\n<\/div>\n<p>Auteur: Meriem IGASS<br \/>\n<a href=\"http:\/\/www.mapmarrakech.ma\/fr\/linitiative-royale-au-profit-des-mre-fondamentalement-humaine\/\">Cliquez ici pour lire l&rsquo;article depuis sa source.<\/a><\/p>\n","protected":false},"excerpt":{"rendered":"<p>Ce geste Royal se distingue par sa g\u00e9n\u00e9rosit\u00e9 humaine ainsi que par sa clairvoyance, montrant qu\u2019un Etat peut distiller une dose d\u2019humanisme dans sa gestion des affaires publiques dans un monde o\u00f9, l\u2019ultralib\u00e9ralisme des prix tente d\u2019en prendre le dessus, transformant ainsi le monde en un march\u00e9 \u00e0 ciel ouvert, a ajout\u00e9 M. Belgourch, dans [&hellip;]<\/p>\n","protected":false},"author":1788,"featured_media":0,"comment_status":"closed","ping_status":"closed","sticky":false,"template":"","format":"standard","meta":{"fifu_image_url":"http:\/\/www.mapmarrakech.ma\/map\/uploads\/2021\/06\/UCAM-1.jpg","fifu_image_alt":"L\u2019initiative Royale au profit des MRE fondamentalement humaine","footnotes":""},"categories":[54,76],"tags":[],"class_list":["post-118819","post","type-post","status-publish","format-standard","hentry","category-maroc","category-regions"],"_links":{"self":[{"href":"https:\/\/linitiative.ca\/International\/wp-json\/wp\/v2\/posts\/118819","targetHints":{"allow":["GET"]}}],"collection":[{"href":"https:\/\/linitiative.ca\/International\/wp-json\/wp\/v2\/posts"}],"about":[{"href":"https:\/\/linitiative.ca\/International\/wp-json\/wp\/v2\/types\/post"}],"author":[{"embeddable":true,"href":"https:\/\/linitiative.ca\/International\/wp-json\/wp\/v2\/users\/1788"}],"replies":[{"embeddable":true,"href":"https:\/\/linitiative.ca\/International\/wp-json\/wp\/v2\/comments?post=118819"}],"version-history":[{"count":0,"href":"https:\/\/linitiative.ca\/International\/wp-json\/wp\/v2\/posts\/118819\/revisions"}],"wp:attachment":[{"href":"https:\/\/linitiative.ca\/International\/wp-json\/wp\/v2\/media?parent=118819"}],"wp:term":[{"taxonomy":"category","embeddable":true,"href":"https:\/\/linitiative.ca\/International\/wp-json\/wp\/v2\/categories?post=118819"},{"taxonomy":"post_tag","embeddable":true,"href":"https:\/\/linitiative.ca\/International\/wp-json\/wp\/v2\/tags?post=118819"}],"curies":[{"name":"wp","href":"https:\/\/api.w.org\/{rel}","templated":true}]}}