{"id":118821,"date":"2021-06-18T10:20:22","date_gmt":"2021-06-18T14:20:22","guid":{"rendered":"https:\/\/linitiative.ca\/International\/des-artistes-francais-de-renom-pour-la-fete-de-la-chanson-orientale\/"},"modified":"2021-06-18T10:20:22","modified_gmt":"2021-06-18T14:20:22","slug":"des-artistes-francais-de-renom-pour-la-fete-de-la-chanson-orientale","status":"publish","type":"post","link":"https:\/\/linitiative.ca\/International\/des-artistes-francais-de-renom-pour-la-fete-de-la-chanson-orientale\/","title":{"rendered":"Des artistes fran\u00e7ais de renom, pour \u00ab\u00a0La F\u00eate de la Chanson Orientale\u00a0\u00bb"},"content":{"rendered":"<div>\n<div style=\"margin-bottom:20px;\"><img loading=\"lazy\" decoding=\"async\" width=\"750\" height=\"430\" src=\"http:\/\/www.mapmarrakech.ma\/map\/uploads\/2021\/06\/jamaalafna-copier-1.jpg\" class=\"attachment-post-thumbnail size-post-thumbnail wp-post-image\" alt=\"\" srcset=\"http:\/\/www.mapmarrakech.ma\/map\/uploads\/2021\/06\/jamaalafna-copier-1.jpg 750w, http:\/\/www.mapmarrakech.ma\/map\/uploads\/2021\/06\/jamaalafna-copier-1-300x172.jpg 300w\" sizes=\"auto, (max-width: 750px) 100vw, 750px\"><\/div>\n<p>Cet \u00e9v\u00e9nement, dont l\u2019Office National Marocain du Tourisme (ONMT) est le partenaire au Maroc, sera diffus\u00e9 sur les chaines de t\u00e9l\u00e9vision fran\u00e7aises :\u00a0 \u00ab\u00a0France2\u00a0\u00bb et \u00ab\u00a0TV5 MONDE\u00a0\u00bb, indique un communiqu\u00e9 de l\u2019ONMT.<\/p>\n<p>Il r\u00e9unira les artistes Maitre GIMS, Carla Bruni, Enrico Macias, Vitaa, Slimane, Amel Bent, AMIR, DADJU, ABU, Claudio Cap\u00e9o, Dany Brillant, Vincent Niqlo, Farah El Dibany, Camille Schneyders, Nicoletta, Barbara Pravi, Camelia Jordana, Les Fr\u00e8res Nacash, Chico &amp; les Gipsies, qui ont tous r\u00e9pondu pr\u00e9sents et sont actuellement \u00e0 Marrakech pour le tournage de cette \u00e9mission.<\/p>\n<p>\u00ab\u00a0La F\u00eate de la Chanson Orientale\u00a0\u00bb pr\u00e9sentera les chansons fran\u00e7aises et orientales les plus connues, revisit\u00e9es et interpr\u00e9t\u00e9es par une vingtaine d\u2019artistes de la sc\u00e8ne fran\u00e7aise et orientale, accompagn\u00e9s par l\u2019Orchestre Philharmonique du Maroc, dans un lieu f\u00e9erique \u00e0 Marrakech, pr\u00e9cise-t-on de m\u00eame source.<\/p>\n<p>Le 15 juin 2021, le Maroc rouvrait ses fronti\u00e8res. C\u2019est aussi cette date qui a \u00e9t\u00e9 choisie par Degel Prod, producteur de l\u2019\u00e9mission de vari\u00e9t\u00e9 \u00ab\u00a0La F\u00eate de la Chanson Orientale\u00a0\u00bb pour venir \u00e0 Marrakech pour le tournage des plateaux.<\/p>\n<p>Le choix de Marrakech n\u2019est pas le fruit du hasard. En effet, l\u2019ONMT a planch\u00e9 pendant plusieurs mois aupr\u00e8s des producteurs de l\u2019\u00e9mission pour assurer le choix de la cit\u00e9 ocre, et tout organiser pour que le tournage se tienne le lendemain de la reprise des vols vers le Maroc.<\/p>\n<p>L\u2019ONMT s\u2019est aussi occup\u00e9 de tout l\u2019encadrement n\u00e9cessaire et de la logistique pour faciliter l\u2019arriv\u00e9e de tous ces artistes et des \u00e9quipes techniques.<\/p>\n<p>La pr\u00e9sence de ces stars fortement suivies par des communaut\u00e9s consid\u00e9rables engendre, d\u2019ores et d\u00e9j\u00e0, de fortes retomb\u00e9es sur les r\u00e9seaux sociaux, tient \u00e0 expliquer l\u2019ONMT.<\/p>\n<p>Une promotion sans pareil sur laquelle mise l\u2019ONMT pour accompagner la relance et contribuer au rayonnement du Maroc aupr\u00e8s du public fran\u00e7ais et qui sera d\u00e9cupl\u00e9e lors de la diffusion de l\u2019\u00e9mission sur les cha\u00eenes fran\u00e7aises : \u00ab\u00a0France 2\u00a0\u00bb et \u00ab\u00a0TV5\u00a0\u00bb, pr\u00e9vue dans les prochaines semaines.<\/p>\n<p>\u00c0 travers cette \u00e9mission, l\u2019ONMT contribue une nouvelle fois \u00e0 la relance de la destination aupr\u00e8s des touristes fran\u00e7ais et assure la pr\u00e9sence \u00e0 leur esprit afin de stimuler les d\u00e9parts des fran\u00e7ais vers le Maroc, conclut la m\u00eame source.<\/p>\n<p>The post <a rel=\"nofollow\" href=\"http:\/\/www.mapmarrakech.ma\/fr\/des-artistes-francais-de-renom-pour-la-fete-de-la-chanson-orientale\/\">Des artistes fran\u00e7ais de renom, pour \u00ab\u00a0La F\u00eate de la Chanson Orientale\u00a0\u00bb<\/a> appeared first on <a rel=\"nofollow\" href=\"http:\/\/www.mapmarrakech.ma\/fr\">MapMarrakech<\/a>.<\/p>\n<\/div>\n<p>Auteur: Meriem IGASS<br \/>\n<a href=\"http:\/\/www.mapmarrakech.ma\/fr\/des-artistes-francais-de-renom-pour-la-fete-de-la-chanson-orientale\/\">Cliquez ici pour lire l&rsquo;article depuis sa source.<\/a><\/p>\n","protected":false},"excerpt":{"rendered":"<p>Cet \u00e9v\u00e9nement, dont l\u2019Office National Marocain du Tourisme (ONMT) est le partenaire au Maroc, sera diffus\u00e9 sur les chaines de t\u00e9l\u00e9vision fran\u00e7aises :\u00a0 \u00ab\u00a0France2\u00a0\u00bb et \u00ab\u00a0TV5 MONDE\u00a0\u00bb, indique un communiqu\u00e9 de l\u2019ONMT. Il r\u00e9unira les artistes Maitre GIMS, Carla Bruni, Enrico Macias, Vitaa, Slimane, Amel Bent, AMIR, DADJU, ABU, Claudio Cap\u00e9o, Dany Brillant, Vincent Niqlo, [&hellip;]<\/p>\n","protected":false},"author":1788,"featured_media":0,"comment_status":"closed","ping_status":"closed","sticky":false,"template":"","format":"standard","meta":{"fifu_image_url":"http:\/\/www.mapmarrakech.ma\/map\/uploads\/2021\/06\/jamaalafna-copier-1.jpg","fifu_image_alt":"Des artistes fran\u00e7ais de renom, pour \u00ab\u00a0La F\u00eate de la Chanson Orientale\u00a0\u00bb","footnotes":""},"categories":[54,76],"tags":[],"class_list":["post-118821","post","type-post","status-publish","format-standard","hentry","category-maroc","category-regions"],"_links":{"self":[{"href":"https:\/\/linitiative.ca\/International\/wp-json\/wp\/v2\/posts\/118821","targetHints":{"allow":["GET"]}}],"collection":[{"href":"https:\/\/linitiative.ca\/International\/wp-json\/wp\/v2\/posts"}],"about":[{"href":"https:\/\/linitiative.ca\/International\/wp-json\/wp\/v2\/types\/post"}],"author":[{"embeddable":true,"href":"https:\/\/linitiative.ca\/International\/wp-json\/wp\/v2\/users\/1788"}],"replies":[{"embeddable":true,"href":"https:\/\/linitiative.ca\/International\/wp-json\/wp\/v2\/comments?post=118821"}],"version-history":[{"count":0,"href":"https:\/\/linitiative.ca\/International\/wp-json\/wp\/v2\/posts\/118821\/revisions"}],"wp:attachment":[{"href":"https:\/\/linitiative.ca\/International\/wp-json\/wp\/v2\/media?parent=118821"}],"wp:term":[{"taxonomy":"category","embeddable":true,"href":"https:\/\/linitiative.ca\/International\/wp-json\/wp\/v2\/categories?post=118821"},{"taxonomy":"post_tag","embeddable":true,"href":"https:\/\/linitiative.ca\/International\/wp-json\/wp\/v2\/tags?post=118821"}],"curies":[{"name":"wp","href":"https:\/\/api.w.org\/{rel}","templated":true}]}}