{"id":118824,"date":"2021-06-18T08:43:45","date_gmt":"2021-06-18T12:43:45","guid":{"rendered":"https:\/\/linitiative.ca\/International\/rif-inno-une-solution-daccompagnement-des-deficients-visuels-primee\/"},"modified":"2021-06-18T08:43:45","modified_gmt":"2021-06-18T12:43:45","slug":"rif-inno-une-solution-daccompagnement-des-deficients-visuels-primee","status":"publish","type":"post","link":"https:\/\/linitiative.ca\/International\/rif-inno-une-solution-daccompagnement-des-deficients-visuels-primee\/","title":{"rendered":"Rif-Inno : Une solution d\u2019accompagnement des d\u00e9ficients visuels prim\u00e9e"},"content":{"rendered":"<div>\n<div style=\"margin-bottom:20px;\"><img loading=\"lazy\" decoding=\"async\" width=\"750\" height=\"430\" src=\"http:\/\/www.mapoujda.ma\/map\/uploads\/2021\/06\/Affiche-enactus-750x430.jpg\" class=\"attachment-post-thumbnail size-post-thumbnail wp-post-image\" alt=\"\" srcset=\"http:\/\/www.mapoujda.ma\/map\/uploads\/2021\/06\/Affiche-enactus-750x430.jpg 750w, http:\/\/www.mapoujda.ma\/map\/uploads\/2021\/06\/Affiche-enactus-750x430-300x172.jpg 300w\" sizes=\"auto, (max-width: 750px) 100vw, 750px\"><\/div>\n<p style=\"text-align: justify;\">Le 2\u00e8me sommet r\u00e9gional du programme Rif-Inno, organis\u00e9 r\u00e9cemment \u00e0 Oujda par l\u2019association Enactus Morocco, a d\u00e9cern\u00e9 le premier prix de son concours d\u2019innovation \u00e0 une solution d\u2019accompagnement des d\u00e9ficients visuels.<\/p>\n<p style=\"text-align: justify;\">D\u00e9velopp\u00e9 par le club Enactus de la Facult\u00e9 pluridisciplinaire de Nador, ce dispositif, baptis\u00e9 \u00abB-Eye\u00bb, est un outil d\u2019accompagnement \u00e0 la mobilit\u00e9 ind\u00e9pendante des d\u00e9ficients visuels gr\u00e2ce \u00e0 l\u2019utilisation de lunettes multifonctions et d\u2019autres gadgets connect\u00e9s, indique un communiqu\u00e9 des organisateurs.<\/p>\n<p style=\"text-align: justify;\">La deuxi\u00e8me place est all\u00e9e au club Enactus de l\u2019Ecole nationale des sciences appliqu\u00e9es (ENSA) d\u2019Al Hoceima, pour avoir cr\u00e9\u00e9 \u00abkrilia.ma\u00bb une plateforme de location immobili\u00e8re destin\u00e9e uniquement aux \u00e9tudiants et jeunes actifs au Maroc, qui sont \u00e0 la recherche d\u2019un logement adapt\u00e9 \u00e0 leurs besoins.<\/p>\n<p style=\"text-align: justify;\">De son c\u00f4t\u00e9, le club Enactus de l\u2019Ecole sup\u00e9rieure de technologie (EST) d\u2019Oujda est arriv\u00e9 \u00e0 la troisi\u00e8me position apr\u00e8s avoir mis en place \u00abNaiptus\u00bb, une gamme de produits cosm\u00e9tiques et m\u00e9dicaux \u00e0 base de l\u2019eucalyptus de la r\u00e9gion de Naima.<\/p>\n<p style=\"text-align: justify;\">Organis\u00e9 en partenariat avec l\u2019Ambassade des Pays-Bas et l\u2019Universit\u00e9 Mohammed Premier d\u2019Oujda, le 2\u00e8me Sommet r\u00e9gional du programme Rif-Inno a connu la participation d\u2019une centaine de jeunes afin de mettre en avant leurs initiatives entrepreneuriales, b\u00e9n\u00e9ficiaires dudit programme.<\/p>\n<p style=\"text-align: justify;\">Rif-Inno a pour but de promouvoir l\u2019esprit d\u2019entrepreneuriat chez les jeunes et accompagner et soutenir leurs initiatives entrepreneuriales au niveau des r\u00e9gions de Tanger-T\u00e9touan-Al Hoceima et de l\u2019Oriental. Il ambitionne d\u2019encadrer quelque 600 jeunes et cr\u00e9er 20 entreprises sociales et 40 emplois.<\/p>\n<p style=\"text-align: justify;\">Ce programme a pour objectifs de former et d\u2019accompagner les jeunes dans la cr\u00e9ation et l\u2019impl\u00e9mentation des projets d\u2019entrepreneuriat r\u00e9pondant aux besoins sociaux.<\/p>\n<p style=\"text-align: justify;\">Il repr\u00e9sente une opportunit\u00e9 pour les jeunes des deux r\u00e9gions cibles pour d\u00e9velopper leurs comp\u00e9tences telles que la cr\u00e9ativit\u00e9, le leadership, la prise d\u2019initiative, la gestion de projet et d\u2019\u00e9quipe, et le business modeling tout en les connectant \u00e0 des mentors et opportunit\u00e9s de d\u00e9veloppement.<\/p>\n<p style=\"text-align: justify;\">A noter que le premier sommet r\u00e9gional du programme Rif-Inno s\u2019est tenu en mars dernier \u00e0 Tanger.<\/p>\n<p style=\"text-align: justify;\">Cr\u00e9\u00e9e en 2003, Enactus Morocco est une association qui compte actuellement plus de 120 \u00e9tablissements d\u2019enseignement sup\u00e9rieur dans son r\u00e9seau, et plus de 6.000 jeunes \u00e9tudiants qui d\u00e9veloppent et impl\u00e9mentent au niveau de leurs communaut\u00e9s en moyenne pr\u00e8s de 200 projets durables par an.<\/p>\n<p>L\u2019article <a rel=\"nofollow\" href=\"http:\/\/www.mapoujda.ma\/fr\/rif-inno-une-solution-daccompagnement-des-deficients-visuels-primee\/\">Rif-Inno : Une solution d\u2019accompagnement des d\u00e9ficients visuels prim\u00e9e<\/a> est apparu en premier sur <a rel=\"nofollow\" href=\"http:\/\/www.mapoujda.ma\/fr\">MapOujda<\/a>.<\/p>\n<\/div>\n<p>Auteur: Soufiane ELAHMAR<br \/>\n<a href=\"http:\/\/www.mapoujda.ma\/fr\/rif-inno-une-solution-daccompagnement-des-deficients-visuels-primee\/\">Cliquez ici pour lire l&rsquo;article depuis sa source.<\/a><\/p>\n","protected":false},"excerpt":{"rendered":"<p>Le 2\u00e8me sommet r\u00e9gional du programme Rif-Inno, organis\u00e9 r\u00e9cemment \u00e0 Oujda par l\u2019association Enactus Morocco, a d\u00e9cern\u00e9 le premier prix de son concours d\u2019innovation \u00e0 une solution d\u2019accompagnement des d\u00e9ficients visuels. D\u00e9velopp\u00e9 par le club Enactus de la Facult\u00e9 pluridisciplinaire de Nador, ce dispositif, baptis\u00e9 \u00abB-Eye\u00bb, est un outil d\u2019accompagnement \u00e0 la mobilit\u00e9 ind\u00e9pendante des [&hellip;]<\/p>\n","protected":false},"author":1788,"featured_media":0,"comment_status":"closed","ping_status":"closed","sticky":false,"template":"","format":"standard","meta":{"fifu_image_url":"http:\/\/www.mapoujda.ma\/map\/uploads\/2021\/06\/Affiche-enactus-750x430.jpg","fifu_image_alt":"Rif-Inno : Une solution d\u2019accompagnement des d\u00e9ficients visuels prim\u00e9e","footnotes":""},"categories":[54,76],"tags":[],"class_list":["post-118824","post","type-post","status-publish","format-standard","hentry","category-maroc","category-regions"],"_links":{"self":[{"href":"https:\/\/linitiative.ca\/International\/wp-json\/wp\/v2\/posts\/118824","targetHints":{"allow":["GET"]}}],"collection":[{"href":"https:\/\/linitiative.ca\/International\/wp-json\/wp\/v2\/posts"}],"about":[{"href":"https:\/\/linitiative.ca\/International\/wp-json\/wp\/v2\/types\/post"}],"author":[{"embeddable":true,"href":"https:\/\/linitiative.ca\/International\/wp-json\/wp\/v2\/users\/1788"}],"replies":[{"embeddable":true,"href":"https:\/\/linitiative.ca\/International\/wp-json\/wp\/v2\/comments?post=118824"}],"version-history":[{"count":0,"href":"https:\/\/linitiative.ca\/International\/wp-json\/wp\/v2\/posts\/118824\/revisions"}],"wp:attachment":[{"href":"https:\/\/linitiative.ca\/International\/wp-json\/wp\/v2\/media?parent=118824"}],"wp:term":[{"taxonomy":"category","embeddable":true,"href":"https:\/\/linitiative.ca\/International\/wp-json\/wp\/v2\/categories?post=118824"},{"taxonomy":"post_tag","embeddable":true,"href":"https:\/\/linitiative.ca\/International\/wp-json\/wp\/v2\/tags?post=118824"}],"curies":[{"name":"wp","href":"https:\/\/api.w.org\/{rel}","templated":true}]}}