{"id":118825,"date":"2021-06-18T09:26:51","date_gmt":"2021-06-18T13:26:51","guid":{"rendered":"https:\/\/linitiative.ca\/International\/oujda-accueille-le-3eme-atelier-national-des-dechets-et-de-la-biomasse\/"},"modified":"2021-06-18T09:26:51","modified_gmt":"2021-06-18T13:26:51","slug":"oujda-accueille-le-3eme-atelier-national-des-dechets-et-de-la-biomasse","status":"publish","type":"post","link":"https:\/\/linitiative.ca\/International\/oujda-accueille-le-3eme-atelier-national-des-dechets-et-de-la-biomasse\/","title":{"rendered":"Oujda accueille le 3\u00e8me Atelier national des d\u00e9chets et de la biomasse"},"content":{"rendered":"<div>\n<div style=\"margin-bottom:20px;\"><img loading=\"lazy\" decoding=\"async\" width=\"750\" height=\"430\" src=\"http:\/\/www.mapoujda.ma\/map\/uploads\/2021\/06\/un-participant-\u00e0-une-rencontre-750\u00d7430-MAP.jpg\" class=\"attachment-post-thumbnail size-post-thumbnail wp-post-image\" alt=\"\" srcset=\"http:\/\/www.mapoujda.ma\/map\/uploads\/2021\/06\/un-participant-\u00e0-une-rencontre-750\u00d7430-MAP.jpg 750w, http:\/\/www.mapoujda.ma\/map\/uploads\/2021\/06\/un-participant-\u00e0-une-rencontre-750\u00d7430-MAP-300x172.jpg 300w\" sizes=\"auto, (max-width: 750px) 100vw, 750px\"><\/div>\n<div>\n<p style=\"text-align: justify;\">Le Campus du Savoir d\u2019Oujda accueille, vendredi et samedi, la 3\u00e8me \u00e9dition de l\u2019Atelier national des d\u00e9chets et de la biomasse, visant \u00e0 promouvoir des solutions innovantes pour d\u00e9velopper le secteur de valorisation des d\u00e9chets au Maroc.<\/p>\n<p style=\"text-align: justify;\">Cet \u00e9v\u00e8nement, organis\u00e9 par l\u2019association Cluster Valbiom Maroc, connait la participation de nombreux chercheurs et experts du Maroc et de l\u2019\u00e9tranger, en pr\u00e9sentiel et en distanciel, en vue d\u2019\u00e9changer les exp\u00e9riences et les expertises et proposer aux d\u00e9cideurs et aux entreprises des solutions en mati\u00e8re de gestion, de traitement et de valorisation et de recyclage des d\u00e9chets, \u00e0 l\u2019\u00e9chelle nationale et dans la r\u00e9gion de l\u2019Oriental en particulier.<\/p>\n<p style=\"text-align: justify;\">Dans une d\u00e9claration \u00e0 la cha\u00eene d\u2019information M24, Zakaria Madani, directeur g\u00e9n\u00e9ral du Cluster Valbiom Maroc, a indiqu\u00e9 que cette rencontre scientifique permettra \u00e0 diff\u00e9rents acteurs d\u2019\u00e9changer les recherches et les exp\u00e9riences et concr\u00e9tiser des projets collaboratifs innovants dans le domaine des d\u00e9chets.<\/p>\n<p style=\"text-align: justify;\">Cette initiative s\u2019inscrit dans le cadre des axes strat\u00e9giques du Cluster Valbiom Maroc, qui compte pour membres des entreprises, des universit\u00e9s et instituts de recherche et des institutions, et sert aussi les objectifs strat\u00e9giques du Maroc en mati\u00e8re de promotion de l\u2019\u00e9conomie verte et du d\u00e9veloppement durable, a-t-il relev\u00e9.<\/p>\n<p style=\"text-align: justify;\">La deuxi\u00e8me journ\u00e9e de cet \u00e9v\u00e8nement sera marqu\u00e9e par l\u2019organisation de la phase finale de la premi\u00e8re \u00e9dition du \u00abValbiom Innov\u2019Days\u00bb, un concours pour start-ups visant \u00e0 soutenir les projets innovants \u00e0 fort potentiel de d\u00e9veloppement et d\u2019impact environnemental et socio-\u00e9conomique.<\/p>\n<p style=\"text-align: justify;\">La comp\u00e9tition, lanc\u00e9e avec le soutien du minist\u00e8re de l\u2019Industrie, du commerce, de l\u2019\u00e9conomie verte et num\u00e9rique, s\u2019inscrit dans le cadre du plan d\u2019action 2020-2021 du cluster Valbiom pour l\u2019accompagnement des acteurs industriels nationaux et le soutien \u00e0 l\u2019innovation.<\/p>\n<p style=\"text-align: justify;\">Neuf finalistes, sur un total de 80 startups participantes, ont \u00e9t\u00e9 s\u00e9lectionn\u00e9es et doivent \u00eatre d\u00e9partag\u00e9es par un grand jury pour choisir les meilleurs projets, qui auront notamment acc\u00e8s \u00e0 la Plateforme d\u2019innovation mutualis\u00e9e du cluster et de ses partenaires.<\/p>\n<p style=\"text-align: justify;\">Trois th\u00e9matiques ont \u00e9t\u00e9 cibl\u00e9es par ce concours, \u00e0 savoir \u00abEnergie, d\u00e9chets, biomasse, environnement\u00bb, \u00abTechnologies, industrie, m\u00e9catronique\u00bb et \u00abEcoconstruction et b\u00e2timent durable\u00bb.<\/p>\n<p style=\"text-align: justify;\">Le programme de cette rencontre pr\u00e9voit des conf\u00e9rences pl\u00e9ni\u00e8res, notamment sur la Strat\u00e9gie nationale de r\u00e9duction et de valorisation des d\u00e9chets et le projet r\u00e9gional de valorisation et de recyclage des d\u00e9chets et des ateliers sur les th\u00e9matiques \u00abD\u00e9chets, \u00e9nergie, environnement\u00bb, \u00abTechnologies vertes\u00bb et \u00abEcoconstruction\u00bb.<\/p>\n<\/div>\n<p>L\u2019article <a rel=\"nofollow\" href=\"http:\/\/www.mapoujda.ma\/fr\/oujda-accueille-le-3eme-atelier-national-des-dechets-et-de-la-biomasse\/\">Oujda accueille le 3\u00e8me Atelier national des d\u00e9chets et de la biomasse<\/a> est apparu en premier sur <a rel=\"nofollow\" href=\"http:\/\/www.mapoujda.ma\/fr\">MapOujda<\/a>.<\/p>\n<\/div>\n<p>Auteur: Soufiane ELAHMAR<br \/>\n<a href=\"http:\/\/www.mapoujda.ma\/fr\/oujda-accueille-le-3eme-atelier-national-des-dechets-et-de-la-biomasse\/\">Cliquez ici pour lire l&rsquo;article depuis sa source.<\/a><\/p>\n","protected":false},"excerpt":{"rendered":"<p>Le Campus du Savoir d\u2019Oujda accueille, vendredi et samedi, la 3\u00e8me \u00e9dition de l\u2019Atelier national des d\u00e9chets et de la biomasse, visant \u00e0 promouvoir des solutions innovantes pour d\u00e9velopper le secteur de valorisation des d\u00e9chets au Maroc. Cet \u00e9v\u00e8nement, organis\u00e9 par l\u2019association Cluster Valbiom Maroc, connait la participation de nombreux chercheurs et experts du Maroc [&hellip;]<\/p>\n","protected":false},"author":1788,"featured_media":0,"comment_status":"closed","ping_status":"closed","sticky":false,"template":"","format":"standard","meta":{"fifu_image_url":"http:\/\/www.mapoujda.ma\/map\/uploads\/2021\/06\/un-participant-\u00e0-une-rencontre-750\u00d7430-MAP.jpg","fifu_image_alt":"Oujda accueille le 3\u00e8me Atelier national des d\u00e9chets et de la biomasse","footnotes":""},"categories":[54,76],"tags":[],"class_list":["post-118825","post","type-post","status-publish","format-standard","hentry","category-maroc","category-regions"],"_links":{"self":[{"href":"https:\/\/linitiative.ca\/International\/wp-json\/wp\/v2\/posts\/118825","targetHints":{"allow":["GET"]}}],"collection":[{"href":"https:\/\/linitiative.ca\/International\/wp-json\/wp\/v2\/posts"}],"about":[{"href":"https:\/\/linitiative.ca\/International\/wp-json\/wp\/v2\/types\/post"}],"author":[{"embeddable":true,"href":"https:\/\/linitiative.ca\/International\/wp-json\/wp\/v2\/users\/1788"}],"replies":[{"embeddable":true,"href":"https:\/\/linitiative.ca\/International\/wp-json\/wp\/v2\/comments?post=118825"}],"version-history":[{"count":0,"href":"https:\/\/linitiative.ca\/International\/wp-json\/wp\/v2\/posts\/118825\/revisions"}],"wp:attachment":[{"href":"https:\/\/linitiative.ca\/International\/wp-json\/wp\/v2\/media?parent=118825"}],"wp:term":[{"taxonomy":"category","embeddable":true,"href":"https:\/\/linitiative.ca\/International\/wp-json\/wp\/v2\/categories?post=118825"},{"taxonomy":"post_tag","embeddable":true,"href":"https:\/\/linitiative.ca\/International\/wp-json\/wp\/v2\/tags?post=118825"}],"curies":[{"name":"wp","href":"https:\/\/api.w.org\/{rel}","templated":true}]}}