{"id":118826,"date":"2021-06-18T11:08:53","date_gmt":"2021-06-18T15:08:53","guid":{"rendered":"https:\/\/linitiative.ca\/International\/la-dgapr-continuera-dorganiser-les-visites-familiales\/"},"modified":"2021-06-18T11:08:53","modified_gmt":"2021-06-18T15:08:53","slug":"la-dgapr-continuera-dorganiser-les-visites-familiales","status":"publish","type":"post","link":"https:\/\/linitiative.ca\/International\/la-dgapr-continuera-dorganiser-les-visites-familiales\/","title":{"rendered":"La DGAPR continuera d\u2019organiser les visites familiales"},"content":{"rendered":"<div>\n<div style=\"margin-bottom:20px;\"><img loading=\"lazy\" decoding=\"async\" width=\"750\" height=\"430\" src=\"http:\/\/www.mapoujda.ma\/map\/uploads\/2020\/10\/Si\u00e8ge-de-la-DGAPR-M750\u00d7430-MAP.jpg\" class=\"attachment-post-thumbnail size-post-thumbnail wp-post-image\" alt=\"\" srcset=\"http:\/\/www.mapoujda.ma\/map\/uploads\/2020\/10\/Si\u00e8ge-de-la-DGAPR-M750\u00d7430-MAP.jpg 750w, http:\/\/www.mapoujda.ma\/map\/uploads\/2020\/10\/Si\u00e8ge-de-la-DGAPR-M750\u00d7430-MAP-300x172.jpg 300w\" sizes=\"auto, (max-width: 750px) 100vw, 750px\"><\/div>\n<div>\n<p style=\"text-align: justify;\">La D\u00e9l\u00e9gation g\u00e9n\u00e9rale \u00e0 l\u2019Administration p\u00e9nitentiaire et \u00e0 la r\u00e9insertion (DGAPR) a annonc\u00e9, vendredi, la poursuite de l\u2019organisation des visites familiales au profit des d\u00e9tenus dans l\u2019ensemble des \u00e9tablissements p\u00e9nitentiaires, conform\u00e9ment aux conditions en vigueur.<\/p>\n<p style=\"text-align: justify;\">Dans un communiqu\u00e9, la DGAPR rel\u00e8ve \u00ab\u00a0qu\u2019il a \u00e9t\u00e9 d\u00e9cid\u00e9 de continuer \u00e0 organiser les visites familiales\u00a0dans l\u2019ensemble des \u00e9tablissements p\u00e9nitentiaires, conform\u00e9ment aux conditions en vigueur, tout en accordant les facilit\u00e9s n\u00e9cessaires aux membres de la communaut\u00e9 marocaine \u00e0 l\u2019\u00e9tranger et aux visiteurs \u00e9trangers, pour pouvoir visiter leurs proches d\u00e9tenus plus d\u2019une fois et pour une dur\u00e9e suffisante, avec l\u2019obligation de respecter strictement les mesures pr\u00e9ventives et de pr\u00e9caution\u00a0\u00bb.<\/p>\n<p style=\"text-align: justify;\">Cette d\u00e9cision intervient suite \u00e0 l\u2019am\u00e9lioration constante de la situation \u00e9pid\u00e9miologique au niveau de toutes les r\u00e9gions du Royaume et \u00e0 l\u2019absence de cas d\u2019infection au Covid-19 dans les \u00e9tablissements p\u00e9nitentiaires, outre l\u2019augmentation du nombre de vaccin\u00e9s, conclut le communiqu\u00e9.<\/p>\n<\/div>\n<p>L\u2019article <a rel=\"nofollow\" href=\"http:\/\/www.mapoujda.ma\/fr\/la-dgapr-continuera-dorganiser-les-visites-familiales\/\">La DGAPR continuera d\u2019organiser les visites familiales<\/a> est apparu en premier sur <a rel=\"nofollow\" href=\"http:\/\/www.mapoujda.ma\/fr\">MapOujda<\/a>.<\/p>\n<\/div>\n<p>Auteur: Soufiane ELAHMAR<br \/>\n<a href=\"http:\/\/www.mapoujda.ma\/fr\/la-dgapr-continuera-dorganiser-les-visites-familiales\/\">Cliquez ici pour lire l&rsquo;article depuis sa source.<\/a><\/p>\n","protected":false},"excerpt":{"rendered":"<p>La D\u00e9l\u00e9gation g\u00e9n\u00e9rale \u00e0 l\u2019Administration p\u00e9nitentiaire et \u00e0 la r\u00e9insertion (DGAPR) a annonc\u00e9, vendredi, la poursuite de l\u2019organisation des visites familiales au profit des d\u00e9tenus dans l\u2019ensemble des \u00e9tablissements p\u00e9nitentiaires, conform\u00e9ment aux conditions en vigueur. Dans un communiqu\u00e9, la DGAPR rel\u00e8ve \u00ab\u00a0qu\u2019il a \u00e9t\u00e9 d\u00e9cid\u00e9 de continuer \u00e0 organiser les visites familiales\u00a0dans l\u2019ensemble des \u00e9tablissements [&hellip;]<\/p>\n","protected":false},"author":1788,"featured_media":0,"comment_status":"closed","ping_status":"closed","sticky":false,"template":"","format":"standard","meta":{"fifu_image_url":"http:\/\/www.mapoujda.ma\/map\/uploads\/2020\/10\/Si\u00e8ge-de-la-DGAPR-M750\u00d7430-MAP.jpg","fifu_image_alt":"La DGAPR continuera d\u2019organiser les visites familiales","footnotes":""},"categories":[54,76],"tags":[],"class_list":["post-118826","post","type-post","status-publish","format-standard","hentry","category-maroc","category-regions"],"_links":{"self":[{"href":"https:\/\/linitiative.ca\/International\/wp-json\/wp\/v2\/posts\/118826","targetHints":{"allow":["GET"]}}],"collection":[{"href":"https:\/\/linitiative.ca\/International\/wp-json\/wp\/v2\/posts"}],"about":[{"href":"https:\/\/linitiative.ca\/International\/wp-json\/wp\/v2\/types\/post"}],"author":[{"embeddable":true,"href":"https:\/\/linitiative.ca\/International\/wp-json\/wp\/v2\/users\/1788"}],"replies":[{"embeddable":true,"href":"https:\/\/linitiative.ca\/International\/wp-json\/wp\/v2\/comments?post=118826"}],"version-history":[{"count":0,"href":"https:\/\/linitiative.ca\/International\/wp-json\/wp\/v2\/posts\/118826\/revisions"}],"wp:attachment":[{"href":"https:\/\/linitiative.ca\/International\/wp-json\/wp\/v2\/media?parent=118826"}],"wp:term":[{"taxonomy":"category","embeddable":true,"href":"https:\/\/linitiative.ca\/International\/wp-json\/wp\/v2\/categories?post=118826"},{"taxonomy":"post_tag","embeddable":true,"href":"https:\/\/linitiative.ca\/International\/wp-json\/wp\/v2\/tags?post=118826"}],"curies":[{"name":"wp","href":"https:\/\/api.w.org\/{rel}","templated":true}]}}