{"id":118829,"date":"2021-06-18T09:52:35","date_gmt":"2021-06-18T13:52:35","guid":{"rendered":"https:\/\/linitiative.ca\/International\/antonio-guterres-nomme-pour-un-second-mandat-a-la-tete-de-lonu\/"},"modified":"2021-06-18T09:52:35","modified_gmt":"2021-06-18T13:52:35","slug":"antonio-guterres-nomme-pour-un-second-mandat-a-la-tete-de-lonu","status":"publish","type":"post","link":"https:\/\/linitiative.ca\/International\/antonio-guterres-nomme-pour-un-second-mandat-a-la-tete-de-lonu\/","title":{"rendered":"Antonio Guterres nomm\u00e9 pour un second mandat \u00e0 la t\u00eate de l&rsquo;ONU"},"content":{"rendered":"<div>\n<div class=\"field field-name-body field-type-text-with-summary field-label-hidden\">\n<div class=\"field-items\">\n<div class=\"field-item even\" property=\"content:encoded\">\n<p class=\"rtejustify\">Antonio Guterres, l\u2019actuel Secr\u00e9taire g\u00e9n\u00e9ral de l\u2019organisation des Nations-Unies, a \u00e9t\u00e9 reconduit, vendredi par les 193 Etats membres de l\u2019Assembl\u00e9e g\u00e9n\u00e9rale, pour un second mandat de cinq ans \u00e0 la t\u00eate de cette organisation mondiale dont le si\u00e8ge principal est \u00e0 New York.<\/p>\n<\/div>\n<\/div>\n<\/div>\n<\/div>\n<p>Auteur: mbasraoui<br \/>\n<a href=\"https:\/\/www.leconomiste.com\/flash-infos\/antonio-guterres-nomme-pour-un-second-mandat-la-tete-de-l-onu\">Cliquez ici pour lire l&rsquo;article depuis sa source.<\/a><\/p>\n","protected":false},"excerpt":{"rendered":"<p>Antonio Guterres, l\u2019actuel Secr\u00e9taire g\u00e9n\u00e9ral de l\u2019organisation des Nations-Unies, a \u00e9t\u00e9 reconduit, vendredi par les 193 Etats membres de l\u2019Assembl\u00e9e g\u00e9n\u00e9rale, pour un second mandat de cinq ans \u00e0 la t\u00eate de cette organisation mondiale dont le si\u00e8ge principal est \u00e0 New York. Auteur: mbasraoui Cliquez ici pour lire l&rsquo;article depuis sa source.<\/p>\n","protected":false},"author":1763,"featured_media":0,"comment_status":"closed","ping_status":"closed","sticky":false,"template":"","format":"standard","meta":{"fifu_image_url":"","fifu_image_alt":"","footnotes":""},"categories":[78,54],"tags":[],"class_list":["post-118829","post","type-post","status-publish","format-standard","hentry","category-economie","category-maroc"],"_links":{"self":[{"href":"https:\/\/linitiative.ca\/International\/wp-json\/wp\/v2\/posts\/118829","targetHints":{"allow":["GET"]}}],"collection":[{"href":"https:\/\/linitiative.ca\/International\/wp-json\/wp\/v2\/posts"}],"about":[{"href":"https:\/\/linitiative.ca\/International\/wp-json\/wp\/v2\/types\/post"}],"author":[{"embeddable":true,"href":"https:\/\/linitiative.ca\/International\/wp-json\/wp\/v2\/users\/1763"}],"replies":[{"embeddable":true,"href":"https:\/\/linitiative.ca\/International\/wp-json\/wp\/v2\/comments?post=118829"}],"version-history":[{"count":0,"href":"https:\/\/linitiative.ca\/International\/wp-json\/wp\/v2\/posts\/118829\/revisions"}],"wp:attachment":[{"href":"https:\/\/linitiative.ca\/International\/wp-json\/wp\/v2\/media?parent=118829"}],"wp:term":[{"taxonomy":"category","embeddable":true,"href":"https:\/\/linitiative.ca\/International\/wp-json\/wp\/v2\/categories?post=118829"},{"taxonomy":"post_tag","embeddable":true,"href":"https:\/\/linitiative.ca\/International\/wp-json\/wp\/v2\/tags?post=118829"}],"curies":[{"name":"wp","href":"https:\/\/api.w.org\/{rel}","templated":true}]}}