{"id":118831,"date":"2021-06-18T09:59:18","date_gmt":"2021-06-18T13:59:18","guid":{"rendered":"https:\/\/linitiative.ca\/International\/inclusion-numerique-et-financiere-pret-de-la-bm-au-maroc\/"},"modified":"2021-06-18T09:59:18","modified_gmt":"2021-06-18T13:59:18","slug":"inclusion-numerique-et-financiere-pret-de-la-bm-au-maroc","status":"publish","type":"post","link":"https:\/\/linitiative.ca\/International\/inclusion-numerique-et-financiere-pret-de-la-bm-au-maroc\/","title":{"rendered":"Inclusion num\u00e9rique et financi\u00e8re: Pr\u00eat de la BM au Maroc"},"content":{"rendered":"<div>\n<div class=\"field field-name-body field-type-text-with-summary field-label-hidden\">\n<div class=\"field-items\">\n<div class=\"field-item even\" property=\"content:encoded\">\n<p class=\"rtejustify\">La Banque mondiale vient d&rsquo;approuver un pr\u00eat de 450 millions de dollars pour soutenir l&rsquo;\u00e9lan des r\u00e9formes entreprises par le Maroc pour accro\u00eetre l&rsquo;acc\u00e8s du public aux services financiers et num\u00e9riques.<\/p>\n<\/div>\n<\/div>\n<\/div>\n<\/div>\n<p>Auteur: mbasraoui<br \/>\n<a href=\"https:\/\/www.leconomiste.com\/flash-infos\/inclusion-numerique-et-financiere-pret-de-la-bm-au-maroc\">Cliquez ici pour lire l&rsquo;article depuis sa source.<\/a><\/p>\n","protected":false},"excerpt":{"rendered":"<p>La Banque mondiale vient d&rsquo;approuver un pr\u00eat de 450 millions de dollars pour soutenir l&rsquo;\u00e9lan des r\u00e9formes entreprises par le Maroc pour accro\u00eetre l&rsquo;acc\u00e8s du public aux services financiers et num\u00e9riques. Auteur: mbasraoui Cliquez ici pour lire l&rsquo;article depuis sa source.<\/p>\n","protected":false},"author":1763,"featured_media":0,"comment_status":"closed","ping_status":"closed","sticky":false,"template":"","format":"standard","meta":{"fifu_image_url":"","fifu_image_alt":"","footnotes":""},"categories":[78,54],"tags":[],"class_list":["post-118831","post","type-post","status-publish","format-standard","hentry","category-economie","category-maroc"],"_links":{"self":[{"href":"https:\/\/linitiative.ca\/International\/wp-json\/wp\/v2\/posts\/118831","targetHints":{"allow":["GET"]}}],"collection":[{"href":"https:\/\/linitiative.ca\/International\/wp-json\/wp\/v2\/posts"}],"about":[{"href":"https:\/\/linitiative.ca\/International\/wp-json\/wp\/v2\/types\/post"}],"author":[{"embeddable":true,"href":"https:\/\/linitiative.ca\/International\/wp-json\/wp\/v2\/users\/1763"}],"replies":[{"embeddable":true,"href":"https:\/\/linitiative.ca\/International\/wp-json\/wp\/v2\/comments?post=118831"}],"version-history":[{"count":0,"href":"https:\/\/linitiative.ca\/International\/wp-json\/wp\/v2\/posts\/118831\/revisions"}],"wp:attachment":[{"href":"https:\/\/linitiative.ca\/International\/wp-json\/wp\/v2\/media?parent=118831"}],"wp:term":[{"taxonomy":"category","embeddable":true,"href":"https:\/\/linitiative.ca\/International\/wp-json\/wp\/v2\/categories?post=118831"},{"taxonomy":"post_tag","embeddable":true,"href":"https:\/\/linitiative.ca\/International\/wp-json\/wp\/v2\/tags?post=118831"}],"curies":[{"name":"wp","href":"https:\/\/api.w.org\/{rel}","templated":true}]}}