{"id":118832,"date":"2021-06-18T10:03:47","date_gmt":"2021-06-18T14:03:47","guid":{"rendered":"https:\/\/linitiative.ca\/International\/union-arabe-de-football-lekjaa-membre-du-conseil-executif-de\/"},"modified":"2021-06-18T10:03:47","modified_gmt":"2021-06-18T14:03:47","slug":"union-arabe-de-football-lekjaa-membre-du-conseil-executif-de","status":"publish","type":"post","link":"https:\/\/linitiative.ca\/International\/union-arabe-de-football-lekjaa-membre-du-conseil-executif-de\/","title":{"rendered":"Union arabe de football: Lekja\u00e2 membre du Conseil ex\u00e9cutif de"},"content":{"rendered":"<div>\n<div class=\"field field-name-body field-type-text-with-summary field-label-hidden\">\n<div class=\"field-items\">\n<div class=\"field-item even\" property=\"content:encoded\">\n<p class=\"rtejustify\">Le pr\u00e9sident de la F\u00e9d\u00e9ration Royale Marocaine de Football (FRMF), Fouzi Lekjaa, a \u00e9t\u00e9 \u00e9lu jeudi membre du Conseil ex\u00e9cutif de l\u2019Union arabe de football (UAF) pour 2021-2025.<\/p>\n<p class=\"rtejustify\">Cette \u00e9lection a eu lieu lors de la 26\u00e8me session de l\u2019Assembl\u00e9e g\u00e9n\u00e9rale de cette instance qui s\u2019est tenue \u00e0 Djeddah, en Arabie Saoudite. Au cours de cette Assembl\u00e9e, le Prince Abdelaziz Ben Turki al-Fay\u00e7al a \u00e9t\u00e9 r\u00e9\u00e9lu par acclamation \u00e0 la t\u00eate du Conseil pour un nouveau mandat de quatre ans.<\/p>\n<\/div>\n<\/div>\n<\/div>\n<\/div>\n<p>Auteur: mbasraoui<br \/>\n<a href=\"https:\/\/www.leconomiste.com\/flash-infos\/union-arabe-de-football-lekjaa-membre-du-conseil-executif-de\">Cliquez ici pour lire l&rsquo;article depuis sa source.<\/a><\/p>\n","protected":false},"excerpt":{"rendered":"<p>Le pr\u00e9sident de la F\u00e9d\u00e9ration Royale Marocaine de Football (FRMF), Fouzi Lekjaa, a \u00e9t\u00e9 \u00e9lu jeudi membre du Conseil ex\u00e9cutif de l\u2019Union arabe de football (UAF) pour 2021-2025. Cette \u00e9lection a eu lieu lors de la 26\u00e8me session de l\u2019Assembl\u00e9e g\u00e9n\u00e9rale de cette instance qui s\u2019est tenue \u00e0 Djeddah, en Arabie Saoudite. Au cours de [&hellip;]<\/p>\n","protected":false},"author":1763,"featured_media":0,"comment_status":"closed","ping_status":"closed","sticky":false,"template":"","format":"standard","meta":{"fifu_image_url":"","fifu_image_alt":"","footnotes":""},"categories":[78,54],"tags":[],"class_list":["post-118832","post","type-post","status-publish","format-standard","hentry","category-economie","category-maroc"],"_links":{"self":[{"href":"https:\/\/linitiative.ca\/International\/wp-json\/wp\/v2\/posts\/118832","targetHints":{"allow":["GET"]}}],"collection":[{"href":"https:\/\/linitiative.ca\/International\/wp-json\/wp\/v2\/posts"}],"about":[{"href":"https:\/\/linitiative.ca\/International\/wp-json\/wp\/v2\/types\/post"}],"author":[{"embeddable":true,"href":"https:\/\/linitiative.ca\/International\/wp-json\/wp\/v2\/users\/1763"}],"replies":[{"embeddable":true,"href":"https:\/\/linitiative.ca\/International\/wp-json\/wp\/v2\/comments?post=118832"}],"version-history":[{"count":0,"href":"https:\/\/linitiative.ca\/International\/wp-json\/wp\/v2\/posts\/118832\/revisions"}],"wp:attachment":[{"href":"https:\/\/linitiative.ca\/International\/wp-json\/wp\/v2\/media?parent=118832"}],"wp:term":[{"taxonomy":"category","embeddable":true,"href":"https:\/\/linitiative.ca\/International\/wp-json\/wp\/v2\/categories?post=118832"},{"taxonomy":"post_tag","embeddable":true,"href":"https:\/\/linitiative.ca\/International\/wp-json\/wp\/v2\/tags?post=118832"}],"curies":[{"name":"wp","href":"https:\/\/api.w.org\/{rel}","templated":true}]}}