{"id":118839,"date":"2021-06-18T06:19:00","date_gmt":"2021-06-18T10:19:00","guid":{"rendered":"https:\/\/linitiative.ca\/International\/stb-bank-amel-jebari-mdini-presidente-du-conseil-dadministration-et-mohamed-chouikha-directeur-general\/"},"modified":"2021-06-18T06:19:00","modified_gmt":"2021-06-18T10:19:00","slug":"stb-bank-amel-jebari-mdini-presidente-du-conseil-dadministration-et-mohamed-chouikha-directeur-general","status":"publish","type":"post","link":"https:\/\/linitiative.ca\/International\/stb-bank-amel-jebari-mdini-presidente-du-conseil-dadministration-et-mohamed-chouikha-directeur-general\/","title":{"rendered":"STB Bank: Amel Jebari Mdini Pr\u00e9sidente du conseil d\u2019administration et Mohamed Chouikha Directeur g\u00e9n\u00e9ral"},"content":{"rendered":"<div><img decoding=\"async\" src=\"https:\/\/linitiative.ca\/International\/wp-content\/uploads\/sites\/23\/2021\/06\/1624010355_article.jpg\" alt=\"STB Bank: Amel Jebari Mdini Pr\u00e9sidente du conseil d\u2019administration et Mohamed Chouikha Directeur g\u00e9n\u00e9ral\" align=\"left\">Amel Jebari Mdini: Pr\u00e9sidente du conseil d\u2019administration<br \/>\nAncienne secr\u00e9taire g\u00e9n\u00e9rale du minist\u00e8re des Finances (2009 -2012), puis DGA de la CDC (2012- 2015) et DGA de CDC Gestion (2015 -2019), Amel Jebari Mdini est bien plac\u00e9e pour pr\u00e9sider le conseil d\u2019administration d\u2019une banque. C\u2019est ainsi qu\u2019elle a assum\u00e9 jusque-l\u00e0 ces fonctions \u00e0 la t\u00eate de la BH o\u00f9 d\u2019ailleurs elle a \u00e9t\u00e9 en plus directeur g\u00e9n\u00e9ral par int\u00e9rim en juillet-ao\u00fbt 2019, apr\u00e8s le d\u00e9part d\u2019Ahmed Rjiba pour l\u2019ATB et avant l\u2019arriv\u00e9e de Hichem Rebai.<br \/>\nEnarque de formation (cycle sup\u00e9rieur, 1985), Mme Mdini a partag\u00e9 la premi\u00e8re partie de sa brillante\u00a0 carri\u00e8re entre le Contr\u00f4le &#8230;<\/p>\n<\/div>\n<p>Auteur:<br \/>\n<a href=\"https:\/\/www.leaders.com.tn\/article\/32047-stb-bank-amel-jebari-mdini-presidente-du-conseil-d-administration-et-mohamed-chouikha-directeur-general\">Cliquez ici pour lire l&rsquo;article depuis sa source.<\/a><\/p>\n","protected":false},"excerpt":{"rendered":"<p>Amel Jebari Mdini: Pr\u00e9sidente du conseil d\u2019administration Ancienne secr\u00e9taire g\u00e9n\u00e9rale du minist\u00e8re des Finances (2009 -2012), puis DGA de la CDC (2012- 2015) et DGA de CDC Gestion (2015 -2019), Amel Jebari Mdini est bien plac\u00e9e pour pr\u00e9sider le conseil d\u2019administration d\u2019une banque. C\u2019est ainsi qu\u2019elle a assum\u00e9 jusque-l\u00e0 ces fonctions \u00e0 la t\u00eate de [&hellip;]<\/p>\n","protected":false},"author":1772,"featured_media":0,"comment_status":"closed","ping_status":"closed","sticky":false,"template":"","format":"standard","meta":{"fifu_image_url":"http:\/\/www.leaders.com.tn\/uploads\/content\/thumbnails_small\/1624010355_article.jpg","fifu_image_alt":"STB Bank: Amel Jebari Mdini Pr\u00e9sidente du conseil d\u2019administration et Mohamed Chouikha Directeur g\u00e9n\u00e9ral","footnotes":""},"categories":[73,55],"tags":[],"class_list":["post-118839","post","type-post","status-publish","format-standard","hentry","category-actualite","category-tunisie"],"_links":{"self":[{"href":"https:\/\/linitiative.ca\/International\/wp-json\/wp\/v2\/posts\/118839","targetHints":{"allow":["GET"]}}],"collection":[{"href":"https:\/\/linitiative.ca\/International\/wp-json\/wp\/v2\/posts"}],"about":[{"href":"https:\/\/linitiative.ca\/International\/wp-json\/wp\/v2\/types\/post"}],"author":[{"embeddable":true,"href":"https:\/\/linitiative.ca\/International\/wp-json\/wp\/v2\/users\/1772"}],"replies":[{"embeddable":true,"href":"https:\/\/linitiative.ca\/International\/wp-json\/wp\/v2\/comments?post=118839"}],"version-history":[{"count":0,"href":"https:\/\/linitiative.ca\/International\/wp-json\/wp\/v2\/posts\/118839\/revisions"}],"wp:attachment":[{"href":"https:\/\/linitiative.ca\/International\/wp-json\/wp\/v2\/media?parent=118839"}],"wp:term":[{"taxonomy":"category","embeddable":true,"href":"https:\/\/linitiative.ca\/International\/wp-json\/wp\/v2\/categories?post=118839"},{"taxonomy":"post_tag","embeddable":true,"href":"https:\/\/linitiative.ca\/International\/wp-json\/wp\/v2\/tags?post=118839"}],"curies":[{"name":"wp","href":"https:\/\/api.w.org\/{rel}","templated":true}]}}