{"id":118843,"date":"2021-06-18T07:30:00","date_gmt":"2021-06-18T11:30:00","guid":{"rendered":"https:\/\/linitiative.ca\/International\/mohamed-ennaceur-hote-ce-samedi-de-la-foire-du-livre-tunisien\/"},"modified":"2021-06-18T07:30:00","modified_gmt":"2021-06-18T11:30:00","slug":"mohamed-ennaceur-hote-ce-samedi-de-la-foire-du-livre-tunisien","status":"publish","type":"post","link":"https:\/\/linitiative.ca\/International\/mohamed-ennaceur-hote-ce-samedi-de-la-foire-du-livre-tunisien\/","title":{"rendered":"Mohamed Ennaceur, h\u00f4te ce samedi de la Foire du livre tunisien"},"content":{"rendered":"<div><img decoding=\"async\" src=\"https:\/\/linitiative.ca\/International\/wp-content\/uploads\/sites\/23\/2021\/06\/1624012258_article.jpg\" alt=\"Mohamed Ennaceur, h\u00f4te ce samedi de la Foire du livre tunisien\" align=\"left\">D\u00e9battre avec le pr\u00e9sident Mohamed Ennaceur de ses m\u00e9moires, r\u00e9cemment publi\u00e9es, et en obtenir un exemplaire d\u00e9dicac\u00e9 sera possible aux visiteurs de la Foire du livre tunisien qui se tient \u00e0 la Cit\u00e9 de la Culture, du 17 au 27 juin courant. L\u2019ancien pr\u00e9sident de la R\u00e9publique par int\u00e9rim sera en effet l\u2019h\u00f4te d\u2019une s\u00e9ance de pr\u00e9sentation et de signature de son ouvrage \u00ab Deux R\u00e9publiques, une Tunisie \u00bb, qui aura lieu ce samedi 19 juin, \u00e0 partir de 17 heures.<br \/>\nLe livre du pr\u00e9sident Ennaceur est \u00e0 l\u2019honneur au stand des \u00e9ditions Leaders, en t\u00eate d\u2019une riche collection. Il s\u2019agit d\u2019ouvrages r\u00e9cents par d\u2019illustres auteurs notamment Mansour Moalla, Taieb &#8230;<\/p>\n<\/div>\n<p>Auteur:<br \/>\n<a href=\"https:\/\/www.leaders.com.tn\/article\/32050-mohamed-ennaceur-hote-ce-samedi-de-la-foire-du-livre-tunisien\">Cliquez ici pour lire l&rsquo;article depuis sa source.<\/a><\/p>\n","protected":false},"excerpt":{"rendered":"<p>D\u00e9battre avec le pr\u00e9sident Mohamed Ennaceur de ses m\u00e9moires, r\u00e9cemment publi\u00e9es, et en obtenir un exemplaire d\u00e9dicac\u00e9 sera possible aux visiteurs de la Foire du livre tunisien qui se tient \u00e0 la Cit\u00e9 de la Culture, du 17 au 27 juin courant. L\u2019ancien pr\u00e9sident de la R\u00e9publique par int\u00e9rim sera en effet l\u2019h\u00f4te d\u2019une s\u00e9ance [&hellip;]<\/p>\n","protected":false},"author":1772,"featured_media":0,"comment_status":"closed","ping_status":"closed","sticky":false,"template":"","format":"standard","meta":{"fifu_image_url":"http:\/\/www.leaders.com.tn\/uploads\/content\/thumbnails_small\/1624012258_article.jpg","fifu_image_alt":"Mohamed Ennaceur, h\u00f4te ce samedi de la Foire du livre tunisien","footnotes":""},"categories":[73,55],"tags":[],"class_list":["post-118843","post","type-post","status-publish","format-standard","hentry","category-actualite","category-tunisie"],"_links":{"self":[{"href":"https:\/\/linitiative.ca\/International\/wp-json\/wp\/v2\/posts\/118843","targetHints":{"allow":["GET"]}}],"collection":[{"href":"https:\/\/linitiative.ca\/International\/wp-json\/wp\/v2\/posts"}],"about":[{"href":"https:\/\/linitiative.ca\/International\/wp-json\/wp\/v2\/types\/post"}],"author":[{"embeddable":true,"href":"https:\/\/linitiative.ca\/International\/wp-json\/wp\/v2\/users\/1772"}],"replies":[{"embeddable":true,"href":"https:\/\/linitiative.ca\/International\/wp-json\/wp\/v2\/comments?post=118843"}],"version-history":[{"count":0,"href":"https:\/\/linitiative.ca\/International\/wp-json\/wp\/v2\/posts\/118843\/revisions"}],"wp:attachment":[{"href":"https:\/\/linitiative.ca\/International\/wp-json\/wp\/v2\/media?parent=118843"}],"wp:term":[{"taxonomy":"category","embeddable":true,"href":"https:\/\/linitiative.ca\/International\/wp-json\/wp\/v2\/categories?post=118843"},{"taxonomy":"post_tag","embeddable":true,"href":"https:\/\/linitiative.ca\/International\/wp-json\/wp\/v2\/tags?post=118843"}],"curies":[{"name":"wp","href":"https:\/\/api.w.org\/{rel}","templated":true}]}}