{"id":118849,"date":"2021-06-18T06:38:27","date_gmt":"2021-06-18T10:38:27","guid":{"rendered":"https:\/\/linitiative.ca\/International\/la-ram-inaugure-le-premier-vol-direct-reliant-le-continent-europeen-a-dakhla\/"},"modified":"2021-06-18T06:38:27","modified_gmt":"2021-06-18T10:38:27","slug":"la-ram-inaugure-le-premier-vol-direct-reliant-le-continent-europeen-a-dakhla","status":"publish","type":"post","link":"https:\/\/linitiative.ca\/International\/la-ram-inaugure-le-premier-vol-direct-reliant-le-continent-europeen-a-dakhla\/","title":{"rendered":"La RAM inaugure le premier vol direct reliant le continent europ\u00e9en \u00e0 Dakhla"},"content":{"rendered":"<div><img decoding=\"async\" width=\"875\" height=\"583\" src=\"https:\/\/linitiative.ca\/International\/wp-content\/uploads\/sites\/23\/2021\/06\/ram-4-2.png\" class=\"attachment-post-thumbnail size-post-thumbnail wp-post-image\" alt=\"\" loading=\"lazy\" srcset=\"https:\/\/linitiative.ca\/International\/wp-content\/uploads\/sites\/23\/2021\/06\/ram-4-2.png 875w, https:\/\/www.challenge.ma\/wp-content\/uploads\/2021\/06\/ram-4-2-300x200.png 300w, https:\/\/www.challenge.ma\/wp-content\/uploads\/2021\/06\/ram-4-2-768x512.png 768w, https:\/\/www.challenge.ma\/wp-content\/uploads\/2021\/06\/ram-4-2-360x240.png 360w, https:\/\/www.challenge.ma\/wp-content\/uploads\/2021\/06\/ram-4-2-750x500.png 750w\" sizes=\"auto, (max-width: 875px) 100vw, 875px\" itemprop=\"image\">La ligne Royal Air Maroc (RAM) Dakhla-Paris a \u00e9t\u00e9 ouverte, vendredi matin, pour \u00eatre la premi\u00e8re route a\u00e9rienne directe entre Dakhla et le continent europ\u00e9en, annonce la compagnie nationale. \u00ab\u00a0Le vol AT623 de Royal Air Maroc a quitt\u00e9 Paris Orly ce matin vendredi 18 juin 2021 \u00e0 9h25 (heure locale).<\/div>\n<p>Auteur: challenge<br \/>\n<a href=\"https:\/\/www.challenge.ma\/la-ram-inaugure-le-premier-vol-direct-reliant-le-continent-europeen-a-dakhla-188965\/\">Cliquez ici pour lire l&rsquo;article depuis sa source.<\/a><\/p>\n","protected":false},"excerpt":{"rendered":"<p>La ligne Royal Air Maroc (RAM) Dakhla-Paris a \u00e9t\u00e9 ouverte, vendredi matin, pour \u00eatre la premi\u00e8re route a\u00e9rienne directe entre Dakhla et le continent europ\u00e9en, annonce la compagnie nationale. \u00ab\u00a0Le vol AT623 de Royal Air Maroc a quitt\u00e9 Paris Orly ce matin vendredi 18 juin 2021 \u00e0 9h25 (heure locale). Auteur: challenge Cliquez ici pour [&hellip;]<\/p>\n","protected":false},"author":1787,"featured_media":0,"comment_status":"closed","ping_status":"closed","sticky":false,"template":"","format":"standard","meta":{"fifu_image_url":"https:\/\/www.challenge.ma\/wp-content\/uploads\/2021\/06\/ram-4-2.png","fifu_image_alt":"La RAM inaugure le premier vol direct reliant le continent europ\u00e9en \u00e0 Dakhla","footnotes":""},"categories":[78,54],"tags":[],"class_list":["post-118849","post","type-post","status-publish","format-standard","hentry","category-economie","category-maroc"],"_links":{"self":[{"href":"https:\/\/linitiative.ca\/International\/wp-json\/wp\/v2\/posts\/118849","targetHints":{"allow":["GET"]}}],"collection":[{"href":"https:\/\/linitiative.ca\/International\/wp-json\/wp\/v2\/posts"}],"about":[{"href":"https:\/\/linitiative.ca\/International\/wp-json\/wp\/v2\/types\/post"}],"author":[{"embeddable":true,"href":"https:\/\/linitiative.ca\/International\/wp-json\/wp\/v2\/users\/1787"}],"replies":[{"embeddable":true,"href":"https:\/\/linitiative.ca\/International\/wp-json\/wp\/v2\/comments?post=118849"}],"version-history":[{"count":0,"href":"https:\/\/linitiative.ca\/International\/wp-json\/wp\/v2\/posts\/118849\/revisions"}],"wp:attachment":[{"href":"https:\/\/linitiative.ca\/International\/wp-json\/wp\/v2\/media?parent=118849"}],"wp:term":[{"taxonomy":"category","embeddable":true,"href":"https:\/\/linitiative.ca\/International\/wp-json\/wp\/v2\/categories?post=118849"},{"taxonomy":"post_tag","embeddable":true,"href":"https:\/\/linitiative.ca\/International\/wp-json\/wp\/v2\/tags?post=118849"}],"curies":[{"name":"wp","href":"https:\/\/api.w.org\/{rel}","templated":true}]}}