{"id":118853,"date":"2021-06-18T07:30:33","date_gmt":"2021-06-18T11:30:33","guid":{"rendered":"https:\/\/linitiative.ca\/International\/ressources-humaines-dans-la-sante-le-maroc-peut-il-gagner-la-bataille-dossier\/"},"modified":"2021-06-18T07:30:33","modified_gmt":"2021-06-18T11:30:33","slug":"ressources-humaines-dans-la-sante-le-maroc-peut-il-gagner-la-bataille-dossier","status":"publish","type":"post","link":"https:\/\/linitiative.ca\/International\/ressources-humaines-dans-la-sante-le-maroc-peut-il-gagner-la-bataille-dossier\/","title":{"rendered":"Ressources humaines dans la sant\u00e9 :  Le Maroc peut-il gagner la bataille ? [Dossier]"},"content":{"rendered":"<div><img decoding=\"async\" width=\"1410\" height=\"941\" src=\"https:\/\/linitiative.ca\/International\/wp-content\/uploads\/sites\/23\/2021\/06\/medecins-tenue-min.jpg\" class=\"attachment-post-thumbnail size-post-thumbnail wp-post-image\" alt=\"\" loading=\"lazy\" srcset=\"https:\/\/linitiative.ca\/International\/wp-content\/uploads\/sites\/23\/2021\/06\/medecins-tenue-min.jpg 1410w, https:\/\/www.challenge.ma\/wp-content\/uploads\/2021\/06\/medecins-tenue-min-300x200.jpg 300w, https:\/\/www.challenge.ma\/wp-content\/uploads\/2021\/06\/medecins-tenue-min-1024x683.jpg 1024w, https:\/\/www.challenge.ma\/wp-content\/uploads\/2021\/06\/medecins-tenue-min-768x513.jpg 768w, https:\/\/www.challenge.ma\/wp-content\/uploads\/2021\/06\/medecins-tenue-min-360x240.jpg 360w, https:\/\/www.challenge.ma\/wp-content\/uploads\/2021\/06\/medecins-tenue-min-750x501.jpg 750w\" sizes=\"auto, (max-width: 1410px) 100vw, 1410px\" itemprop=\"image\">Le syst\u00e8me marocain de sant\u00e9 souffre d\u2019un manque cruel en ressources humaines et d\u2019un d\u00e9s\u00e9quilibre r\u00e9gional dans leur r\u00e9partition.\u00a0 Le Maroc qui ne dispose que de 8.442 m\u00e9decins g\u00e9n\u00e9ralistes et 14.932 sp\u00e9cialistes, a besoin aujourd\u2019hui de 97.566 professionnels, dont 32.522 m\u00e9decins et 65.044 infirmiers. Le taux d\u2019occupation des postes (m\u00e9decins,<\/div>\n<p>Auteur: challenge<br \/>\n<a href=\"https:\/\/www.challenge.ma\/ressources-humaines-dans-la-sante-le-maroc-peut-il-gagner-la-bataille-dossier-189005\/\">Cliquez ici pour lire l&rsquo;article depuis sa source.<\/a><\/p>\n","protected":false},"excerpt":{"rendered":"<p>Le syst\u00e8me marocain de sant\u00e9 souffre d\u2019un manque cruel en ressources humaines et d\u2019un d\u00e9s\u00e9quilibre r\u00e9gional dans leur r\u00e9partition.\u00a0 Le Maroc qui ne dispose que de 8.442 m\u00e9decins g\u00e9n\u00e9ralistes et 14.932 sp\u00e9cialistes, a besoin aujourd\u2019hui de 97.566 professionnels, dont 32.522 m\u00e9decins et 65.044 infirmiers. Le taux d\u2019occupation des postes (m\u00e9decins, Auteur: challenge Cliquez ici pour [&hellip;]<\/p>\n","protected":false},"author":1787,"featured_media":0,"comment_status":"closed","ping_status":"closed","sticky":false,"template":"","format":"standard","meta":{"fifu_image_url":"https:\/\/www.challenge.ma\/wp-content\/uploads\/2021\/06\/medecins-tenue-min.jpg","fifu_image_alt":"Ressources humaines dans la sant\u00e9 :  Le Maroc peut-il gagner la bataille ? [Dossier]","footnotes":""},"categories":[78,54],"tags":[],"class_list":["post-118853","post","type-post","status-publish","format-standard","hentry","category-economie","category-maroc"],"_links":{"self":[{"href":"https:\/\/linitiative.ca\/International\/wp-json\/wp\/v2\/posts\/118853","targetHints":{"allow":["GET"]}}],"collection":[{"href":"https:\/\/linitiative.ca\/International\/wp-json\/wp\/v2\/posts"}],"about":[{"href":"https:\/\/linitiative.ca\/International\/wp-json\/wp\/v2\/types\/post"}],"author":[{"embeddable":true,"href":"https:\/\/linitiative.ca\/International\/wp-json\/wp\/v2\/users\/1787"}],"replies":[{"embeddable":true,"href":"https:\/\/linitiative.ca\/International\/wp-json\/wp\/v2\/comments?post=118853"}],"version-history":[{"count":0,"href":"https:\/\/linitiative.ca\/International\/wp-json\/wp\/v2\/posts\/118853\/revisions"}],"wp:attachment":[{"href":"https:\/\/linitiative.ca\/International\/wp-json\/wp\/v2\/media?parent=118853"}],"wp:term":[{"taxonomy":"category","embeddable":true,"href":"https:\/\/linitiative.ca\/International\/wp-json\/wp\/v2\/categories?post=118853"},{"taxonomy":"post_tag","embeddable":true,"href":"https:\/\/linitiative.ca\/International\/wp-json\/wp\/v2\/tags?post=118853"}],"curies":[{"name":"wp","href":"https:\/\/api.w.org\/{rel}","templated":true}]}}