{"id":118857,"date":"2021-06-18T15:48:20","date_gmt":"2021-06-18T19:48:20","guid":{"rendered":"https:\/\/linitiative.ca\/International\/urgent-beja-nouvelles-mesures-pour-limiter-la-propagation-du-coronavirus\/"},"modified":"2021-06-18T15:48:20","modified_gmt":"2021-06-18T19:48:20","slug":"urgent-beja-nouvelles-mesures-pour-limiter-la-propagation-du-coronavirus","status":"publish","type":"post","link":"https:\/\/linitiative.ca\/International\/urgent-beja-nouvelles-mesures-pour-limiter-la-propagation-du-coronavirus\/","title":{"rendered":"Urgent-B\u00e9ja: Nouvelles mesures pour limiter la propagation du Coronavirus"},"content":{"rendered":"<div>\n<p>Le Gouverneur de B\u00e9ja, Mohsen Moez Mili a confirm\u00e9 dans une d\u00e9claration au correspondant de Tunisienumrique le 18 juin 2021, que des mesures exceptionnelles ont \u00e9t\u00e9 prises suite \u00e0 l\u2019enregistrement d\u2019une augmentation exponentielle du nombre d\u2019infections quotidiennes au Coronavirus. Les d\u00e9cisions sont les suivantes\u00a0: Lev\u00e9e des march\u00e9s \u00e0 14H00 Poursuite de l\u2019application stricte des mesures [\u2026]<\/p>\n<p>L\u2019article <a href=\"https:\/\/www.tunisienumerique.com\/urgent-beja-nouvelles-mesures-pour-limiter-la-propagation-du-coronavirus\/\">Urgent-B\u00e9ja: Nouvelles mesures pour limiter la propagation du Coronavirus<\/a> est apparu en premier sur <a href=\"https:\/\/www.tunisienumerique.com\/\">Tunisie<\/a>.<\/p>\n<\/div>\n<p>Auteur: rania ben slimane<br \/>\n<a href=\"https:\/\/www.tunisienumerique.com\/urgent-beja-nouvelles-mesures-pour-limiter-la-propagation-du-coronavirus\/\">Cliquez ici pour lire l&rsquo;article depuis sa source.<\/a><\/p>\n","protected":false},"excerpt":{"rendered":"<p>Le Gouverneur de B\u00e9ja, Mohsen Moez Mili a confirm\u00e9 dans une d\u00e9claration au correspondant de Tunisienumrique le 18 juin 2021, que des mesures exceptionnelles ont \u00e9t\u00e9 prises suite \u00e0 l\u2019enregistrement d\u2019une augmentation exponentielle du nombre d\u2019infections quotidiennes au Coronavirus. Les d\u00e9cisions sont les suivantes\u00a0: Lev\u00e9e des march\u00e9s \u00e0 14H00 Poursuite de l\u2019application stricte des mesures [&hellip;]<\/p>\n","protected":false},"author":1789,"featured_media":0,"comment_status":"closed","ping_status":"closed","sticky":false,"template":"","format":"standard","meta":{"fifu_image_url":"","fifu_image_alt":"","footnotes":""},"categories":[73,55],"tags":[],"class_list":["post-118857","post","type-post","status-publish","format-standard","hentry","category-actualite","category-tunisie"],"_links":{"self":[{"href":"https:\/\/linitiative.ca\/International\/wp-json\/wp\/v2\/posts\/118857","targetHints":{"allow":["GET"]}}],"collection":[{"href":"https:\/\/linitiative.ca\/International\/wp-json\/wp\/v2\/posts"}],"about":[{"href":"https:\/\/linitiative.ca\/International\/wp-json\/wp\/v2\/types\/post"}],"author":[{"embeddable":true,"href":"https:\/\/linitiative.ca\/International\/wp-json\/wp\/v2\/users\/1789"}],"replies":[{"embeddable":true,"href":"https:\/\/linitiative.ca\/International\/wp-json\/wp\/v2\/comments?post=118857"}],"version-history":[{"count":0,"href":"https:\/\/linitiative.ca\/International\/wp-json\/wp\/v2\/posts\/118857\/revisions"}],"wp:attachment":[{"href":"https:\/\/linitiative.ca\/International\/wp-json\/wp\/v2\/media?parent=118857"}],"wp:term":[{"taxonomy":"category","embeddable":true,"href":"https:\/\/linitiative.ca\/International\/wp-json\/wp\/v2\/categories?post=118857"},{"taxonomy":"post_tag","embeddable":true,"href":"https:\/\/linitiative.ca\/International\/wp-json\/wp\/v2\/tags?post=118857"}],"curies":[{"name":"wp","href":"https:\/\/api.w.org\/{rel}","templated":true}]}}