{"id":118861,"date":"2021-06-18T16:48:17","date_gmt":"2021-06-18T20:48:17","guid":{"rendered":"https:\/\/linitiative.ca\/International\/imed-ben-halima-audio-kais-saied-est-plus-dangereux-que\/"},"modified":"2021-06-18T16:48:17","modified_gmt":"2021-06-18T20:48:17","slug":"imed-ben-halima-audio-kais-saied-est-plus-dangereux-que","status":"publish","type":"post","link":"https:\/\/linitiative.ca\/International\/imed-ben-halima-audio-kais-saied-est-plus-dangereux-que\/","title":{"rendered":"Imed Ben Halima [AUDIO] : \u00abKais Saied est plus dangereux que\u2026 \u00bb"},"content":{"rendered":"<div>\n<p>L\u2019avocat par ailleurs activiste politique, Imed Ben Halima a d\u00e9clar\u00e9 le 18 juin 2021, que les d\u00e9clarations du pr\u00e9sident Kais Saied n\u2019ont pas \u00e9t\u00e9 accueillies au sein de l\u2019UGTT qui les a qualifi\u00e9es \u00ab\u00a0d\u2019irresponsables\u00a0\u00bb. Me. Ben Halima a ajout\u00e9, dans une d\u00e9claration \u00e0 Tunisienumerique, que Kais Saied \u00ab\u00a0s\u2019agite et parle sans r\u00e9fl\u00e9chir\u00a0\u00bb et qu\u2019il veut [\u2026]<\/p>\n<p>L\u2019article <a href=\"https:\/\/www.tunisienumerique.com\/imed-ben-halima-audio-kais-saied-est-plus-dangereux-que\/\">Imed Ben Halima [AUDIO] : \u00abKais Saied est plus dangereux que\u2026 \u00bb<\/a> est apparu en premier sur <a href=\"https:\/\/www.tunisienumerique.com\/\">Tunisie<\/a>.<\/p>\n<\/div>\n<p>Auteur: rania ben slimane<br \/>\n<a href=\"https:\/\/www.tunisienumerique.com\/imed-ben-halima-audio-kais-saied-est-plus-dangereux-que\/\">Cliquez ici pour lire l&rsquo;article depuis sa source.<\/a><\/p>\n","protected":false},"excerpt":{"rendered":"<p>L\u2019avocat par ailleurs activiste politique, Imed Ben Halima a d\u00e9clar\u00e9 le 18 juin 2021, que les d\u00e9clarations du pr\u00e9sident Kais Saied n\u2019ont pas \u00e9t\u00e9 accueillies au sein de l\u2019UGTT qui les a qualifi\u00e9es \u00ab\u00a0d\u2019irresponsables\u00a0\u00bb. Me. Ben Halima a ajout\u00e9, dans une d\u00e9claration \u00e0 Tunisienumerique, que Kais Saied \u00ab\u00a0s\u2019agite et parle sans r\u00e9fl\u00e9chir\u00a0\u00bb et qu\u2019il veut [&hellip;]<\/p>\n","protected":false},"author":1789,"featured_media":0,"comment_status":"closed","ping_status":"closed","sticky":false,"template":"","format":"standard","meta":{"fifu_image_url":"","fifu_image_alt":"","footnotes":""},"categories":[73,55],"tags":[],"class_list":["post-118861","post","type-post","status-publish","format-standard","hentry","category-actualite","category-tunisie"],"_links":{"self":[{"href":"https:\/\/linitiative.ca\/International\/wp-json\/wp\/v2\/posts\/118861","targetHints":{"allow":["GET"]}}],"collection":[{"href":"https:\/\/linitiative.ca\/International\/wp-json\/wp\/v2\/posts"}],"about":[{"href":"https:\/\/linitiative.ca\/International\/wp-json\/wp\/v2\/types\/post"}],"author":[{"embeddable":true,"href":"https:\/\/linitiative.ca\/International\/wp-json\/wp\/v2\/users\/1789"}],"replies":[{"embeddable":true,"href":"https:\/\/linitiative.ca\/International\/wp-json\/wp\/v2\/comments?post=118861"}],"version-history":[{"count":1,"href":"https:\/\/linitiative.ca\/International\/wp-json\/wp\/v2\/posts\/118861\/revisions"}],"predecessor-version":[{"id":118862,"href":"https:\/\/linitiative.ca\/International\/wp-json\/wp\/v2\/posts\/118861\/revisions\/118862"}],"wp:attachment":[{"href":"https:\/\/linitiative.ca\/International\/wp-json\/wp\/v2\/media?parent=118861"}],"wp:term":[{"taxonomy":"category","embeddable":true,"href":"https:\/\/linitiative.ca\/International\/wp-json\/wp\/v2\/categories?post=118861"},{"taxonomy":"post_tag","embeddable":true,"href":"https:\/\/linitiative.ca\/International\/wp-json\/wp\/v2\/tags?post=118861"}],"curies":[{"name":"wp","href":"https:\/\/api.w.org\/{rel}","templated":true}]}}