{"id":118866,"date":"2021-06-18T14:28:59","date_gmt":"2021-06-18T18:28:59","guid":{"rendered":"https:\/\/linitiative.ca\/International\/loi-de-finances-rectificative-le-minfi-sexplique-sur-laugmentation-du-prix-du-passeport\/"},"modified":"2021-06-18T14:28:59","modified_gmt":"2021-06-18T18:28:59","slug":"loi-de-finances-rectificative-le-minfi-sexplique-sur-laugmentation-du-prix-du-passeport","status":"publish","type":"post","link":"https:\/\/linitiative.ca\/International\/loi-de-finances-rectificative-le-minfi-sexplique-sur-laugmentation-du-prix-du-passeport\/","title":{"rendered":"Loi de Finances rectificative: le Minfi s\u2019explique sur l\u2019augmentation du prix du passeport"},"content":{"rendered":"<div>\n<p>Le passage du prix du passeport de 75000\u00a0\u00a0\u00e0 110\u00a0000 F Cfa fait grincer des dents.\u00a0\u00a0\u00ab\u00a0Le droit de timbre sur les passeports nationaux est fix\u00e9, \u00e0 compter du 1er juillet 2021 ainsi qu\u2019il suit : d\u00e9livrance, renouvellement et prorogation des passeports ordinaires : 110 000 FCFA ; le reste sans changement \u00bb\u00a0pr\u00e9voit\u00a0\u00a0l\u2019Ordonnance du 7 juin dernier. Le texte qui est d\u00e9sormais\u00a0\u00a0\u00e0 l\u2019Assembl\u00e9e nationale a \u00e9t\u00e9 d\u00e9fendu ce jour par le ministre des Finances devant la Commission des Finances et du budget. Un passage qui a conduit le Minfi \u00e0 se prononcer sur les raisons de ce grand changement.<\/p>\n<p>Selon Louis Paul Motaze, cette hausse r\u00e9sulte du changement de r\u00e9gime dans la prise en charge des d\u00e9penses li\u00e9es \u00e0 la confection des passeports au Cameroun. \u00ab\u00a0Le probl\u00e8me du passeport\u2026 je crois que la chose la plus importante est de\u00a0\u00a0dire que le Passeport va se faire sous un nouveau r\u00e9gime. Le r\u00e9gime du partenariat public-priv\u00e9. C\u2019est-\u00e0-dire que vous avez un prestataire qui va engager des d\u00e9penses pour la production du passeport. Personne ne va venir faire des d\u00e9penses pour vos beaux yeux. Donc ce prestataire a besoin d\u2019\u00eatre r\u00e9mun\u00e9r\u00e9 sur la base du travail qu\u2019il a fait et du fait qu\u2019il a engag\u00e9 ses propres d\u00e9penses. Donc ce n\u2019est plus l\u2019Etat qui d\u00e9pense, c\u2019est le prestataire qui d\u00e9pense son argent et qui a besoin d\u2019\u00eatre r\u00e9mun\u00e9r\u00e9\u00a0\u00bb<em>\u00a0<\/em>assure le Minfi.<\/p>\n<p>Cette hausse intervient 5 ans apr\u00e8s la deuxi\u00e8me modification op\u00e9r\u00e9e sur le prix du passeport. En effet en 2016, le gouvernement d\u00e9cidait de faire passer de 50.000 F Cfa \u00e0 75000 le prix de cette pi\u00e8ce. Le gouvernement \u00e9voquait alors la n\u00e9cessit\u00e9 de s\u00e9curiser ce document.<\/p>\n<p><strong>Augmentation du budget<\/strong><\/p>\n<p>Le ministre des Finances est \u00e9galement revenu sur les raisons li\u00e9es \u00e0 l\u2019augmentation du budget de l\u2019Etat. Pour ce dernier, la hausse des recettes serait \u00e0 l\u2019origine de ce nouveau passage devant le Parlement. \u00ab\u00a0L\u2019ordonnance du Chef de l\u2019Etat vise \u00e0 constater qu\u2019il y a eu des changements entre les pr\u00e9visions qui ont \u00e9t\u00e9 faites en d\u00e9cembre lorsque nous pr\u00e9sentions le budget (budget qui a \u00e9t\u00e9 vot\u00e9 et promulgu\u00e9) et ce qui se passe maintenant. Je prends juste un exemple. Nous avons travaill\u00e9 sur la base d\u2019un baril de p\u00e9trole \u00e0 un certain prix et on se rend compte que le prix du baril est all\u00e9 vers la hausse. Ca entraine des ressources suppl\u00e9mentaires et comme nous travaillons sur la base de la transparence, il est normal que nous venions devant les parlementaires pour leur dire\u00a0: voil\u00e0 ce que nous allons recevoir en plus de ce que vous avez vot\u00e9. Mais ressources suppl\u00e9mentaires entra\u00eenent des d\u00e9penses suppl\u00e9mentaires.\u00a0\u00a0Donc il est normal que cette Ordonnance que le pr\u00e9sident a prise,\u00a0\u00a0qu\u2019on la pr\u00e9sente devant les parlementaires pour dire que voil\u00e0 ce qui justifie l\u2019augmentation du budget\u00a0\u00bb<em>\u00a0<\/em>assure le Minfi.<\/p>\n<p>En rappel, le gouvernement justifie \u00e9galement cette r\u00e9vision \u00e0 la hausse du budget par des modifications telles que\u00a0\u00a0\u00ab\u00a0les budgets d\u2019urgence contre la r\u00e9surgence de la pand\u00e9mie du Covid-19 qui va engendrer des besoins dont ceux li\u00e9s \u00e0 la vaccination, de suspendre le m\u00e9canisme de d\u00e9caissement et de remboursement des fonds C2D avec la France, de pr\u00e9ciser dans le cadre des n\u00e9gociations en cours d\u2019un nouveau programme \u00e9conomique et financier (Pef) avec le FMI, les appuis budg\u00e9taires attendus, de relever de 100 milliards\u00a0\u00a0F Cfa \u00e0 160 milliards F Cfa,\u00a0\u00a0le niveau de l\u2019all\u00e8gement de la dette ext\u00e9rieure du Cameroun vis-\u00e0-vis du G20, d\u2019assurer la s\u00e9curit\u00e9 aux fronti\u00e8res et \u00e0 l\u2019int\u00e9rieur du pays \u00bb<em>.<\/em><\/p>\n<p><strong>R\u00e9n\u00e9 Ombala<\/strong><\/p>\n<p>L\u2019article <a rel=\"nofollow\" href=\"https:\/\/ecomatin.net\/loi-de-financess-rectificative-le-minfi-sexplique-sur-laugmentation-du-prix-du-passeport\/\">Loi de Finances rectificative: le Minfi s\u2019explique sur l\u2019augmentation du prix du passeport<\/a> est apparu en premier sur <a rel=\"nofollow\" href=\"https:\/\/ecomatin.net\/\">EcoMatin<\/a>.<\/p>\n<\/div>\n<p>Auteur: EcoMatin<br \/>\n<a href=\"https:\/\/ecomatin.net\/loi-de-financess-rectificative-le-minfi-sexplique-sur-laugmentation-du-prix-du-passeport\/\">Cliquez ici pour lire l&rsquo;article depuis sa source.<\/a><\/p>\n","protected":false},"excerpt":{"rendered":"<p>Le passage du prix du passeport de 75000\u00a0\u00a0\u00e0 110\u00a0000 F Cfa fait grincer des dents.\u00a0\u00a0\u00ab\u00a0Le droit de timbre sur les passeports nationaux est fix\u00e9, \u00e0 compter du 1er juillet 2021 ainsi qu\u2019il suit : d\u00e9livrance, renouvellement et prorogation des passeports ordinaires : 110 000 FCFA ; le reste sans changement \u00bb\u00a0pr\u00e9voit\u00a0\u00a0l\u2019Ordonnance du 7 juin dernier. [&hellip;]<\/p>\n","protected":false},"author":1969,"featured_media":0,"comment_status":"closed","ping_status":"closed","sticky":false,"template":"","format":"standard","meta":{"fifu_image_url":"","fifu_image_alt":"","footnotes":""},"categories":[82,78],"tags":[],"class_list":["post-118866","post","type-post","status-publish","format-standard","hentry","category-cameroun","category-economie"],"_links":{"self":[{"href":"https:\/\/linitiative.ca\/International\/wp-json\/wp\/v2\/posts\/118866","targetHints":{"allow":["GET"]}}],"collection":[{"href":"https:\/\/linitiative.ca\/International\/wp-json\/wp\/v2\/posts"}],"about":[{"href":"https:\/\/linitiative.ca\/International\/wp-json\/wp\/v2\/types\/post"}],"author":[{"embeddable":true,"href":"https:\/\/linitiative.ca\/International\/wp-json\/wp\/v2\/users\/1969"}],"replies":[{"embeddable":true,"href":"https:\/\/linitiative.ca\/International\/wp-json\/wp\/v2\/comments?post=118866"}],"version-history":[{"count":0,"href":"https:\/\/linitiative.ca\/International\/wp-json\/wp\/v2\/posts\/118866\/revisions"}],"wp:attachment":[{"href":"https:\/\/linitiative.ca\/International\/wp-json\/wp\/v2\/media?parent=118866"}],"wp:term":[{"taxonomy":"category","embeddable":true,"href":"https:\/\/linitiative.ca\/International\/wp-json\/wp\/v2\/categories?post=118866"},{"taxonomy":"post_tag","embeddable":true,"href":"https:\/\/linitiative.ca\/International\/wp-json\/wp\/v2\/tags?post=118866"}],"curies":[{"name":"wp","href":"https:\/\/api.w.org\/{rel}","templated":true}]}}