{"id":118867,"date":"2021-06-18T14:41:58","date_gmt":"2021-06-18T18:41:58","guid":{"rendered":"https:\/\/linitiative.ca\/International\/attaques-de-la-bas-le-cameroun-rejette-la-faute-sur-la-belgique\/"},"modified":"2021-06-18T14:41:58","modified_gmt":"2021-06-18T18:41:58","slug":"attaques-de-la-bas-le-cameroun-rejette-la-faute-sur-la-belgique","status":"publish","type":"post","link":"https:\/\/linitiative.ca\/International\/attaques-de-la-bas-le-cameroun-rejette-la-faute-sur-la-belgique\/","title":{"rendered":"Attaques de la BAS : le Cameroun rejette la faute sur la Belgique"},"content":{"rendered":"<div>\n<p>Le ministre des Relations ext\u00e9rieures a \u00e9t\u00e9 appel\u00e9 \u00e0 s\u2019expliquer sur les \u00e9v\u00e8nements qui ont eu lieu \u00e0 l\u2019ambassade du Cameroun en Belgique en d\u00e9but de semaine. C\u2019est-\u00e0-dire l\u2019attaque de la repr\u00e9sentation diplomatique camerounaise par des \u00e9l\u00e9ments de la Brigade Anti-sadinards (Bas) le lundi 14 juin 2021. Selon le ministre d\u00e9l\u00e9gu\u00e9 aupr\u00e8s du ministre des Relations ext\u00e9rieures charg\u00e9 de la coop\u00e9ration avec le Commonwealth, Felix Mbayu, l\u2019entr\u00e9e desdits individus au sein de la mission r\u00e9sulte\u00a0\u00a0d\u2019un d\u00e9faut de s\u00e9curit\u00e9 relevant du dispositif mis en place part le pays h\u00f4te. C\u2019est-\u00e0-dire la Belgique. \u00ab\u00a0Cette situation est d\u00e9plorable. La s\u00e9curit\u00e9 des missions diplomatiques rel\u00e8ve du pays h\u00f4te. Dans le cas du Cameroun nous prenons cette responsabilit\u00e9 tr\u00e8s au s\u00e9rieux. C\u2019est pourquoi, vous n\u2019avez jamais entendu qu\u2019une repr\u00e9sentation diplomatique a \u00e9t\u00e9 viol\u00e9e. Notre pays a mis en place une unit\u00e9 sp\u00e9ciale pour la protection des diplomates\u2026Ces pays ont la responsabilit\u00e9 d\u2019appliquer la l\u00e9gislation. Les gouvernements ont pris des mesures pour prot\u00e9ger nos repr\u00e9sentations diplomatiques\u00a0\u00bb\u00a0a-t-il assur\u00e9 devant les d\u00e9put\u00e9s<em>.\u00a0\u00a0<\/em><\/p>\n<p>Une d\u00e9claration\u00a0\u00a0qui reste fid\u00e8le \u00e0 la ligne de d\u00e9fense du gouvernement depuis les \u00e9v\u00e8nements de lundi dernier. Le Cameroun avait en effet interpel\u00e9 ses partenaires sur la n\u00e9cessit\u00e9 de respecter les engagements relatifs \u00e0 la protection des locaux des missions diplomatiques et consulaires. La Belgique quant \u00e0 elle s\u2019\u00e9tait d\u00e9fendue via son ambassadeur au Cameroun en arguant que les \u00e9l\u00e9ments de la BAS avaient d\u00e9jou\u00e9 la s\u00e9curit\u00e9 en se faisant passer pour des demandeurs de visa.<\/p>\n<p><strong>Exemption de visa<\/strong><\/p>\n<p>Cette d\u00e9claration de Felix Mbayu a eu pour cadre la pl\u00e9ni\u00e8re de discussion g\u00e9n\u00e9rale au sujet du projet de loi autorisant le pr\u00e9sident de la R\u00e9publique \u00e0 ratifier l\u2019Accord entre le Cameroun et le Conseil f\u00e9d\u00e9ral Suisse relatif \u00e0 la suppression r\u00e9ciproque de visa pour les d\u00e9tenteurs de passeports diplomatiques ou\u00a0\u00a0de service. Un texte qui n\u2019a pas suscit\u00e9 de d\u00e9bat et est pass\u00e9 comme une lettre \u00e0 la poste. Seuls les membres de la commission des Affaires \u00e9trang\u00e8res ont interpel\u00e9 le Minrex notamment sur le discr\u00e9dit du passeport camerounais \u00e0 l\u2019international. Si ce dernier ne partage pas le m\u00eame avis que les parlementaires, il a tout de m\u00eame assur\u00e9 que la Direction g\u00e9n\u00e9rale \u00e0 la S\u00fbret\u00e9 nationale (Dgsn) se\u00a0\u00a0charge de traquer\u00a0\u00a0les personnes qui \u00e9tablissent les faux passeports.<\/p>\n<p>Un autre point abord\u00e9 par les d\u00e9put\u00e9s de la Commission des Affaires \u00e9trang\u00e8res est la prise en compte des d\u00e9tenteurs des passeports ordinaires dans l\u2019Accord conclu entre le Cameroun et le Conseil f\u00e9d\u00e9ral\u00a0\u00a0Suisse. Le Minrex a assur\u00e9 que les personnes qui pourraient b\u00e9n\u00e9ficier d\u2019\u00e9ventuelles n\u00e9gociations dans ce sens, sont les d\u00e9tenteurs de passeport ayant des profils de partenaires aux investissements \u00e9trangers.\u00a0<\/p>\n<p>En rappel, ledit accord supprime les demandes de visa des d\u00e9tenteurs de passeports diplomatiques ou de service et les membres de leur famille. Ce texte a \u00e9t\u00e9\u00a0\u00a0d\u00e9pos\u00e9 alors que l\u2019exemption de visa est toutefois d\u00e9j\u00e0 entr\u00e9e en vigueur au Cameroun.<\/p>\n<p><strong>R\u00e9n\u00e9 Ombala<\/strong><\/p>\n<p>L\u2019article <a rel=\"nofollow\" href=\"https:\/\/ecomatin.net\/attaques-de-la-bass-le-cameroun-rejette-la-faute-sur-la-belgique\/\">Attaques de la BAS : le Cameroun rejette la faute sur la Belgique<\/a> est apparu en premier sur <a rel=\"nofollow\" href=\"https:\/\/ecomatin.net\/\">EcoMatin<\/a>.<\/p>\n<\/div>\n<p>Auteur: EcoMatin<br \/>\n<a href=\"https:\/\/ecomatin.net\/attaques-de-la-bass-le-cameroun-rejette-la-faute-sur-la-belgique\/\">Cliquez ici pour lire l&rsquo;article depuis sa source.<\/a><\/p>\n","protected":false},"excerpt":{"rendered":"<p>Le ministre des Relations ext\u00e9rieures a \u00e9t\u00e9 appel\u00e9 \u00e0 s\u2019expliquer sur les \u00e9v\u00e8nements qui ont eu lieu \u00e0 l\u2019ambassade du Cameroun en Belgique en d\u00e9but de semaine. C\u2019est-\u00e0-dire l\u2019attaque de la repr\u00e9sentation diplomatique camerounaise par des \u00e9l\u00e9ments de la Brigade Anti-sadinards (Bas) le lundi 14 juin 2021. Selon le ministre d\u00e9l\u00e9gu\u00e9 aupr\u00e8s du ministre des [&hellip;]<\/p>\n","protected":false},"author":1969,"featured_media":0,"comment_status":"closed","ping_status":"closed","sticky":false,"template":"","format":"standard","meta":{"fifu_image_url":"","fifu_image_alt":"","footnotes":""},"categories":[82,78],"tags":[],"class_list":["post-118867","post","type-post","status-publish","format-standard","hentry","category-cameroun","category-economie"],"_links":{"self":[{"href":"https:\/\/linitiative.ca\/International\/wp-json\/wp\/v2\/posts\/118867","targetHints":{"allow":["GET"]}}],"collection":[{"href":"https:\/\/linitiative.ca\/International\/wp-json\/wp\/v2\/posts"}],"about":[{"href":"https:\/\/linitiative.ca\/International\/wp-json\/wp\/v2\/types\/post"}],"author":[{"embeddable":true,"href":"https:\/\/linitiative.ca\/International\/wp-json\/wp\/v2\/users\/1969"}],"replies":[{"embeddable":true,"href":"https:\/\/linitiative.ca\/International\/wp-json\/wp\/v2\/comments?post=118867"}],"version-history":[{"count":0,"href":"https:\/\/linitiative.ca\/International\/wp-json\/wp\/v2\/posts\/118867\/revisions"}],"wp:attachment":[{"href":"https:\/\/linitiative.ca\/International\/wp-json\/wp\/v2\/media?parent=118867"}],"wp:term":[{"taxonomy":"category","embeddable":true,"href":"https:\/\/linitiative.ca\/International\/wp-json\/wp\/v2\/categories?post=118867"},{"taxonomy":"post_tag","embeddable":true,"href":"https:\/\/linitiative.ca\/International\/wp-json\/wp\/v2\/tags?post=118867"}],"curies":[{"name":"wp","href":"https:\/\/api.w.org\/{rel}","templated":true}]}}