{"id":118868,"date":"2021-06-17T19:39:53","date_gmt":"2021-06-17T23:39:53","guid":{"rendered":"https:\/\/linitiative.ca\/International\/securite-alimentaire-et-nutritionnelle-un-repas-equilibre-servi-aux-ecoliers\/"},"modified":"2021-06-17T19:39:53","modified_gmt":"2021-06-17T23:39:53","slug":"securite-alimentaire-et-nutritionnelle-un-repas-equilibre-servi-aux-ecoliers","status":"publish","type":"post","link":"https:\/\/linitiative.ca\/International\/securite-alimentaire-et-nutritionnelle-un-repas-equilibre-servi-aux-ecoliers\/","title":{"rendered":"S\u00e9curit\u00e9 alimentaire et nutritionnelle : Un \u00ab repas \u00e9quilibr\u00e9 \u00bb servi aux \u00e9coliers"},"content":{"rendered":"<div>\n<p><strong>Le Pr\u00e9sident du Faso, Roch Marc Christian Kabor\u00e9, a lanc\u00e9, le jeudi 17 juin 2021, \u00e0 Lemnogo, commune de Zitenga, dans la province de l\u2019Oubritenga, son Initiative : \u00ab Assurer \u00e0 chaque enfant en \u00e2ge scolaire au moins un repas \u00e9quilibr\u00e9 par jour \u00bb.<\/strong><\/p>\n<p>Les \u00e9coliers burkinab\u00e8 mangeront d\u00e9sormais \u00ab au moins un repas \u00e9quilibr\u00e9 par jour \u00bb, gr\u00e2ce \u00e0 une initiative du Chef de l\u2019Etat, Roch Marc Christian Kabor\u00e9. Intitul\u00e9e \u00ab Assurer \u00e0 chaque enfant en \u00e2ge scolaire au moins un repas \u00e9quilibr\u00e9 par jour \u00bb, elle a d\u00e9but\u00e9 officiellement, le jeudi 17 juin 2021, dans le village de Lemnogo, dans la province de l\u2019Oubritenga. L\u2019objectif du projet est de contribuer \u00e0 l\u2019am\u00e9lioration de la s\u00e9curit\u00e9 alimentaire et nutritionnelle des enfants en \u00e2ge scolaire et des m\u00e9nages ruraux les plus vuln\u00e9rables. L\u2019initiative va am\u00e9liorer la disponibilit\u00e9 des denr\u00e9es alimentaires pour un approvisionnement optimal des cantines scolaires, les revenus des m\u00e9nages en \u00e9tat de pr\u00e9carit\u00e9 alimentaire, la valeur nutritionnelle des menus par la diversification des aliments et la gouvernance des cantines scolaires.<\/p>\n<p>Le ministre en charge de l\u2019\u00e9ducation nationale, Pr Stanislas Ouaro, a expliqu\u00e9 que la trouvaille du pr\u00e9sident du Faso va permettre de lutter contre l\u2019ins\u00e9curit\u00e9 alimentaire et la malnutrition par le renforcement de la disponibilit\u00e9 et l\u2019accessibilit\u00e9 \u00e0 une alimentation \u00e9quilibr\u00e9e et d\u2019assurer l\u2019autosuffisance alimentaire des enfants en \u00e2ge scolaire. \u00ab La malnutrition influe n\u00e9gativement sur l\u2019assiduit\u00e9 et la r\u00e9ussite scolaires de nos enfants, compromettant ainsi la r\u00e9alisation de nos objectifs en mati\u00e8re d\u2019\u00e9ducation.<\/p>\n<p>En ciblant singuli\u00e8rement les enfants en \u00e2ge scolaire, nous avons la certitude que la satisfaction de leurs besoins nutritionnels va rejaillir sur celle de la population dans son ensemble \u00bb, a soutenu le ministre. La repr\u00e9sentante des b\u00e9n\u00e9ficiaires directs notamment les \u00e9l\u00e8ves, Afsata Conseibo, a salu\u00e9 la volont\u00e9 de Roch Marc Christian Kabor\u00e9 de rendre effectif leur droit \u00e0 l\u2019alimentation. \u00ab Cette initiative va donner \u00e0 tous les enfants, les m\u00eames chances. Certains d\u2019entre nous ne penseront plus \u00e0 comment et o\u00f9 manger, pendant les cours. Un \u00e9l\u00e8ve qui a faim ne peut pas venir tous les jours et \u00e0 l\u2019heure \u00e0 l\u2019\u00e9cole \u00bb, a-t-elle insist\u00e9.<\/p>\n<h3>Plus de 20 millions de b\u00e9n\u00e9ficiaires<\/h3>\n<p>Elle a dit \u00eatre convaincue qu\u2019une alimentation vari\u00e9e et suffisante \u00e9loigne les enfants des maladies et participe \u00e0 une bonne formation scolaire. Afsata Conseibo s\u2019est r\u00e9jouie d\u2019autant plus que l\u2019initiative du pr\u00e9sident Kabor\u00e9, permettra aux \u00e9l\u00e8ves d\u2019apprendre de bonnes pratiques culturelles, d\u2019acqu\u00e9rir des connaissances en agriculture : jardinage, et \u00e9levage. \u00ab Nous nous engageons \u00e0 mieux travailler \u00e0 l\u2019\u00e9cole et \u00e0 am\u00e9liorer nos r\u00e9sultats scolaires et les examens de fin d\u2019ann\u00e9e \u00bb, a promis Mlle Conseibo.<\/p>\n<p>En cinq ans (2021-2025) d\u2019impl\u00e9mentation, 20 145 000 scolaires, de 3 \u00e0 18 ans, b\u00e9n\u00e9ficieront de l\u2019initiative pr\u00e9sidentielle. Elle co\u00fbtera plus de 488 milliards FCFA et est financ\u00e9e \u00e0 hauteur de 52% par le budget de l\u2019Etat et 47 % par les Partenaires techniques et financiers (PTF). Le chef de la coop\u00e9ration suisse au Burkina, Piras Thomas, par ailleurs chef de file des PTF, a rassur\u00e9 le pr\u00e9sident du Faso, de leur disponibilit\u00e9 \u00e0 accompagner le pays. Il a plaid\u00e9 pour l\u2019implication des organisations professionnelles des fili\u00e8res agro-sylvo-pastorales et halieutiques qui peinent \u00e0 \u00e9couler leurs productions et \u00e0 la promotion du secteur priv\u00e9.<\/p>\n<p>\u00ab La r\u00e9ussite de la mise en \u0153uvre de la pr\u00e9sente initiative n\u00e9cessite la mise en commun de nos efforts pour plus de synergie dans nos actions (\u2026), afin d\u2019am\u00e9liorer la sant\u00e9 et l\u2019\u00e9ducation des enfants \u00bb, a laiss\u00e9 entendre Piras Thomas.<br \/>\nLe lancement officiel de l\u2019initiative pr\u00e9sidentielle a \u00e9t\u00e9 coupl\u00e9 \u00e0 la c\u00e9l\u00e9bration,<br \/>\nen diff\u00e9r\u00e9, de la Journ\u00e9e mondiale du lait, sous le th\u00e8me : \u00abLait et produits locaux dans le menu des cantines scolaires : quelles strat\u00e9gies pour accompagner l\u2019initiative du pr\u00e9sident du Faso \u00bb.<\/p>\n<p>Aux dires du pr\u00e9sident de l\u2019Interprofession lait du Burkina Faso, Nour<br \/>\nAl-Ayatt Ou\u00e9draogo, le th\u00e8me retenu r\u00e9sume le soutien de sa structure au projet de Roch Marc Christian Kabor\u00e9. Pour l\u2019accompagner, l\u2019interprofession lait compte mieux organiser la collecte et la transformation du lait local et le mettre, en qualit\u00e9 et en quantit\u00e9, \u00e0 la disposition des cantines scolaires au profit des \u00e9l\u00e8ves.<\/p>\n<p style=\"text-align: right\"><strong>Djakaridia SIRIBIE <\/strong><br \/>\n<strong>&amp; Elodie NIKIEMA<\/strong><br \/>\n(Stagiaire)<\/p>\n<hr>\n<p><strong>Roch Marc Christian Kabor\u00e9 : \u00ab Un repas \u00e9quilibr\u00e9 ne doit plus \u00eatre un luxe \u00bb<\/strong><\/p>\n<p>\u00ab En termes de valeur ajout\u00e9e, c\u2019est qu\u2019\u00ab assurer \u00e0 chaque enfant en \u00e2ge scolaire au moins un repas \u00e9quilibr\u00e9 par jour \u00bb ne doit plus \u00eatre un luxe. Cela doit \u00eatre une n\u00e9cessit\u00e9 pour l\u2019Etat de le faire en associant en m\u00eame temps, les cantines, les producteurs locaux et faire en sorte qu\u2019il y ait un d\u00e9veloppement des valeurs dans chaque zone. C\u2019est une initiative strat\u00e9gique en terme de renforcement du capital humain, parce que la jeunesse et les enfants, c\u2019est notre avenir. Deuxi\u00e8mement, cette initiative va renforcer les capacit\u00e9s de production en mati\u00e8re agricole, de l\u00e9gumes, de lait dans nos diff\u00e9rentes r\u00e9gions (\u2026). C\u2019est une initiative importante pour nous.<\/p>\n<p>Puisque nous avons remis le document de strat\u00e9gie \u00e0 chaque gouverneur, je souhaite que, dans chaque zone, chacun puisse se l\u2019approprier et faire en sorte que cette initiative soit une r\u00e9alit\u00e9. Ce programme est accompagn\u00e9 \u00e9galement par des minist\u00e8res sectoriels, comme celui de l\u2019agriculture, des ressources animales, etc. Cela, pour permettre \u00e0 l\u2019ensemble des productions que nous d\u00e9veloppons dans des zones puissent \u00eatre faites. En mati\u00e8re d\u2019agriculture et de productions, nous aurons des champs qui seront sous contr\u00f4le hydraulique. Nous aurons de l\u2019eau en permanence, tir\u00e9e du sous sol, pour faire de l\u2019irrigation, pour produire \u00e0 tout moment, dans ces diff\u00e9rentes zones. Chaque commune b\u00e9n\u00e9ficiera de cet investissement pour d\u00e9velopper les activit\u00e9s agricoles, animales et halieutiques et cela va contribuer \u00e0 aider \u00e0 la gestion de ce programme. C\u2019est de la valeur ajout\u00e9e que nous apportons avec cette initiative, en mati\u00e8re de formation du capital humain, de renforcement de la pr\u00e9sence des \u00e9l\u00e8ves \u00e0 l\u2019\u00e9cole et de soulagement aux parents les plus d\u00e9munis dans nos diff\u00e9rentes provinces \u00bb.<\/p>\n<p style=\"text-align: right\"><strong>Propos recueillis par D. S.<\/strong><\/p>\n<p>L\u2019article <a rel=\"nofollow\" href=\"https:\/\/www.sidwaya.info\/blog\/2021\/06\/17\/securite-alimentaire-et-nutritionnelle-un-repas-equilibre-servi-aux-ecoliers\/\">S\u00e9curit\u00e9 alimentaire et nutritionnelle : Un \u00ab repas \u00e9quilibr\u00e9 \u00bb servi aux \u00e9coliers<\/a> est apparu en premier sur <a rel=\"nofollow\" href=\"https:\/\/www.sidwaya.info\/\">Quotidien Sidwaya<\/a>.<\/p>\n<\/div>\n<p>Auteur: JK. Sidwaya<br \/>\n<a href=\"https:\/\/www.sidwaya.info\/blog\/2021\/06\/17\/securite-alimentaire-et-nutritionnelle-un-repas-equilibre-servi-aux-ecoliers\/\">Cliquez ici pour lire l&rsquo;article depuis sa source.<\/a><\/p>\n","protected":false},"excerpt":{"rendered":"<p>Le Pr\u00e9sident du Faso, Roch Marc Christian Kabor\u00e9, a lanc\u00e9, le jeudi 17 juin 2021, \u00e0 Lemnogo, commune de Zitenga, dans la province de l\u2019Oubritenga, son Initiative : \u00ab Assurer \u00e0 chaque enfant en \u00e2ge scolaire au moins un repas \u00e9quilibr\u00e9 par jour \u00bb. Les \u00e9coliers burkinab\u00e8 mangeront d\u00e9sormais \u00ab au moins un repas \u00e9quilibr\u00e9 [&hellip;]<\/p>\n","protected":false},"author":1816,"featured_media":0,"comment_status":"closed","ping_status":"closed","sticky":false,"template":"","format":"standard","meta":{"fifu_image_url":"","fifu_image_alt":"","footnotes":""},"categories":[73,81],"tags":[],"class_list":["post-118868","post","type-post","status-publish","format-standard","hentry","category-actualite","category-burkina-faso"],"_links":{"self":[{"href":"https:\/\/linitiative.ca\/International\/wp-json\/wp\/v2\/posts\/118868","targetHints":{"allow":["GET"]}}],"collection":[{"href":"https:\/\/linitiative.ca\/International\/wp-json\/wp\/v2\/posts"}],"about":[{"href":"https:\/\/linitiative.ca\/International\/wp-json\/wp\/v2\/types\/post"}],"author":[{"embeddable":true,"href":"https:\/\/linitiative.ca\/International\/wp-json\/wp\/v2\/users\/1816"}],"replies":[{"embeddable":true,"href":"https:\/\/linitiative.ca\/International\/wp-json\/wp\/v2\/comments?post=118868"}],"version-history":[{"count":0,"href":"https:\/\/linitiative.ca\/International\/wp-json\/wp\/v2\/posts\/118868\/revisions"}],"wp:attachment":[{"href":"https:\/\/linitiative.ca\/International\/wp-json\/wp\/v2\/media?parent=118868"}],"wp:term":[{"taxonomy":"category","embeddable":true,"href":"https:\/\/linitiative.ca\/International\/wp-json\/wp\/v2\/categories?post=118868"},{"taxonomy":"post_tag","embeddable":true,"href":"https:\/\/linitiative.ca\/International\/wp-json\/wp\/v2\/tags?post=118868"}],"curies":[{"name":"wp","href":"https:\/\/api.w.org\/{rel}","templated":true}]}}