{"id":118869,"date":"2021-06-17T19:43:15","date_gmt":"2021-06-17T23:43:15","guid":{"rendered":"https:\/\/linitiative.ca\/International\/affaire-chefferie-de-guenon-39-accuses-a-la-barre-a-manga\/"},"modified":"2021-06-17T19:43:15","modified_gmt":"2021-06-17T23:43:15","slug":"affaire-chefferie-de-guenon-39-accuses-a-la-barre-a-manga","status":"publish","type":"post","link":"https:\/\/linitiative.ca\/International\/affaire-chefferie-de-guenon-39-accuses-a-la-barre-a-manga\/","title":{"rendered":"Affaire \u00ab chefferie de Guenon \u00bb : 39 accus\u00e9s \u00e0 la barre \u00e0 Manga"},"content":{"rendered":"<div>\n<p><strong>La Chambre criminelle de la Cour d\u2019appel de Ouagadougou a d\u00e9but\u00e9, le jeudi 17 juin 2021, \u00e0 Manga, ses assises criminelles d\u00e9localis\u00e9es, consacr\u00e9es \u00e0 l\u2019affaire \u00abGuenon \u00bb du nom du dossier relatif \u00e0 l\u2019affrontement arm\u00e9, en 2012, entre deux familles de la localit\u00e9, \u00e0 la suite d\u2019une crise de chefferie. 39 accus\u00e9s et une quarantaine de t\u00e9moins sont appel\u00e9s \u00e0 la barre pour ce jugement pr\u00e9vu durer, en principe, jusqu\u2019au 6 juillet 2021.<\/strong><\/p>\n<p>L\u2019affaire \u00ab Guenon \u00bb vient d\u2019amorcer une phase importante dans la proc\u00e9dure judiciaire. Le jugement de ce dossier li\u00e9 \u00e0 un affrontement arm\u00e9<br \/>\n\u00e0 la suite d\u2019une crise de chefferie, en 2012, entre deux familles, \u00e0 Guenon dans la commune de Ti\u00e9b\u00e9l\u00e9 (province du Nahouri), ayant fait, entre autres, une dizaine de morts, est entam\u00e9, hier jeudi 17 juin 2021, \u00e0 Manga. L\u2019affaire \u00ab Guenon \u00bb fait, en effet, l\u2019objet des assises criminelles d\u00e9localis\u00e9es de la Cour d\u2019appel de Ouagadougou qui se tiennent, en principe, du 17 juin au 6 juillet 2021.<\/p>\n<p>Selon le substitut g\u00e9n\u00e9ral pr\u00e8s la Cour d\u2019appel de Ouagadougou, Dieudonn\u00e9 Bonkoungou, le d\u00e9placement de la session dans \u00abLa Cit\u00e9 de l\u2019\u00e9pervier \u00bb vise principalement \u00e0 rapprocher le jugement, de la ville qui est le ressort du lieu de commission des faits et par ricochet, des t\u00e9moins des diff\u00e9rentes violences. L\u2019initiative rev\u00eat \u00e9galement un aspect p\u00e9dagogique, a-t-il fait savoir. \u00ab Cela participe \u00e0 la sensibilisation des personnes qui assistent \u00e0 l\u2019audience pour leur permettre de comprendre les tenants et les aboutissants de la loi et \u00e9viter qu\u2019\u00e0 l\u2019avenir, de tels affrontements ne se produisent\u00bb, a relev\u00e9 le substitut g\u00e9n\u00e9ral pr\u00e8s la Cour d\u2019appel de Ouagadougou.<\/p>\n<p>Si la session se tient neuf ans apr\u00e8s le d\u00e9roulement des \u00e9v\u00e8nements, c\u2019est en raison, a pr\u00e9cis\u00e9 Dieudonn\u00e9 Bonkoungou, de la complexit\u00e9 du dossier qui exige une enqu\u00eate approfondie, des investigations pouss\u00e9es et une instruction approfondie. \u00ab C\u2019est la proc\u00e9dure criminelle qui le veut pour r\u00e9unir tous les \u00e9l\u00e9ments n\u00e9cessaires \u00e0 la tenue d\u2019un proc\u00e8s \u00e9quitable \u00bb, a-t-il indiqu\u00e9. Outre cela, les contraintes, selon le substitut g\u00e9n\u00e9ral, \u00e9taient aussi d\u2019ordre logistique. Toutefois, ces difficult\u00e9s ont \u00e9t\u00e9 surmont\u00e9es, a-t-il dit, gr\u00e2ce au concours du gouvernement qui a mis \u00e0 la disposition de la justice, les moyens pratiques pour tenir l\u2019audience.<\/p>\n<h3>Des accus\u00e9s risquent la perp\u00e9tuit\u00e9<\/h3>\n<figure id=\"attachment_36575\" aria-describedby=\"caption-attachment-36575\" style=\"width: 300px\" class=\"wp-caption alignright\"><img decoding=\"async\" loading=\"lazy\" class=\"size-medium wp-image-36575\" src=\"https:\/\/linitiative.ca\/International\/wp-content\/uploads\/sites\/23\/2021\/06\/manga2-300x201-1.jpg\" alt=\"\" width=\"300\" height=\"201\" srcset=\"https:\/\/linitiative.ca\/International\/wp-content\/uploads\/sites\/23\/2021\/06\/manga2-300x201-1.jpg 300w, https:\/\/www.sidwaya.info\/wp-content\/uploads\/2021\/06\/manga2-768x514.jpg 768w, https:\/\/www.sidwaya.info\/wp-content\/uploads\/2021\/06\/manga2-150x100.jpg 150w, https:\/\/www.sidwaya.info\/wp-content\/uploads\/2021\/06\/manga2-696x466.jpg 696w, https:\/\/www.sidwaya.info\/wp-content\/uploads\/2021\/06\/manga2-628x420.jpg 628w, https:\/\/www.sidwaya.info\/wp-content\/uploads\/2021\/06\/manga2.jpg 780w\" sizes=\"auto, (max-width: 300px) 100vw, 300px\"><figcaption id=\"caption-attachment-36575\" class=\"wp-caption-text\">Le substitut g\u00e9n\u00e9ral pr\u00e8s la Cour d\u2019appel de Ouagadougou, Dieudonn\u00e9 Bonkoungou, a invit\u00e9 l\u2019assistance \u00e0 observer<br \/>les proc\u00e9dures pour un bon d\u00e9roulement du jugement.<\/figcaption><\/figure>\n<p>Au pr\u00e9toire, 39 accus\u00e9s en tout seront entendus sur les faits qui leur sont reproch\u00e9s dans l\u2019affaire \u00ab Guenon \u00bb. Ils sont, entre autres, poursuivis pour fait d\u2019assassinat, coups et blessures volontaires, vols, destruction volontaire de biens mobiliers et immobiliers, abattage d\u2019animaux et s\u00e9questration. Environ 150 victimes dont une trentaine d\u00e9j\u00e0 auditionn\u00e9es et une quarantaine de t\u00e9moins vont \u00eatre \u00e9galement appel\u00e9s \u00e0 ce jugement, a pr\u00e9cis\u00e9 le substitut g\u00e9n\u00e9ral pr\u00e8s la Cour d\u2019appel de Ouagadougou, Dieudonn\u00e9 Bonkoungou.<\/p>\n<p>Pour les peines, les sanctions maximales peuvent aller, selon lui, jusqu\u2019\u00e0 l\u2019emprisonnement \u00e0 perp\u00e9tuit\u00e9 tel que pr\u00e9vu pour certaines infractions criminelles dans le Code p\u00e9nal. A l\u2019\u00e9couter, la peine de mort \u00e9tant abolie au Burkina Faso, ladite sanction a \u00e9t\u00e9 ray\u00e9e des options. Pour un bon d\u00e9roulement de la session, Dieudonn\u00e9 Bonkoungou a appel\u00e9 l\u2019assistance \u00e0 la retenue et \u00e0 l\u2019observation des diff\u00e9rentes r\u00e8gles. \u00ab Neuf ans apr\u00e8s, ce n\u2019est pas s\u00fbr que les plaies se soient cicatris\u00e9es, il y a certainement des vell\u00e9it\u00e9s mais nous appelons les uns et les autres au calme et au respect des proc\u00e9dures pour que l\u2019audience se d\u00e9roule dans un climat d\u2019apaisement et qu\u2019\u00e0 l\u2019issue de la session nous soyons tous satisfaits de son d\u00e9roulement \u00bb, a-t-il confi\u00e9. Au demeurant, il a appel\u00e9 de ses v\u0153ux qu\u2019aux termes des assises qui situeront les responsabilit\u00e9s des uns et des autres, le verdict soit un pas vers la r\u00e9conciliation des filles et des fils de la localit\u00e9.<\/p>\n<p>\u00a0<\/p>\n<p style=\"text-align: right\"><strong>Mamady ZANGO<\/strong><br \/>\nmzango18@gmail.com<\/p>\n<p>L\u2019article <a rel=\"nofollow\" href=\"https:\/\/www.sidwaya.info\/blog\/2021\/06\/17\/affaire-chefferie-de-guenon-39-accuses-a-la-barre-a-manga\/\">Affaire \u00ab chefferie de Guenon \u00bb : 39 accus\u00e9s \u00e0 la barre \u00e0 Manga<\/a> est apparu en premier sur <a rel=\"nofollow\" href=\"https:\/\/www.sidwaya.info\/\">Quotidien Sidwaya<\/a>.<\/p>\n<\/div>\n<p>Auteur: JK. Sidwaya<br \/>\n<a href=\"https:\/\/www.sidwaya.info\/blog\/2021\/06\/17\/affaire-chefferie-de-guenon-39-accuses-a-la-barre-a-manga\/\">Cliquez ici pour lire l&rsquo;article depuis sa source.<\/a><\/p>\n","protected":false},"excerpt":{"rendered":"<p>La Chambre criminelle de la Cour d\u2019appel de Ouagadougou a d\u00e9but\u00e9, le jeudi 17 juin 2021, \u00e0 Manga, ses assises criminelles d\u00e9localis\u00e9es, consacr\u00e9es \u00e0 l\u2019affaire \u00abGuenon \u00bb du nom du dossier relatif \u00e0 l\u2019affrontement arm\u00e9, en 2012, entre deux familles de la localit\u00e9, \u00e0 la suite d\u2019une crise de chefferie. 39 accus\u00e9s et une quarantaine [&hellip;]<\/p>\n","protected":false},"author":1816,"featured_media":0,"comment_status":"closed","ping_status":"closed","sticky":false,"template":"","format":"standard","meta":{"fifu_image_url":"https:\/\/www.sidwaya.info\/wp-content\/uploads\/2021\/06\/manga2-300x201.jpg","fifu_image_alt":"Affaire \u00ab chefferie de Guenon \u00bb : 39 accus\u00e9s \u00e0 la barre \u00e0 Manga","footnotes":""},"categories":[73,81],"tags":[],"class_list":["post-118869","post","type-post","status-publish","format-standard","hentry","category-actualite","category-burkina-faso"],"_links":{"self":[{"href":"https:\/\/linitiative.ca\/International\/wp-json\/wp\/v2\/posts\/118869","targetHints":{"allow":["GET"]}}],"collection":[{"href":"https:\/\/linitiative.ca\/International\/wp-json\/wp\/v2\/posts"}],"about":[{"href":"https:\/\/linitiative.ca\/International\/wp-json\/wp\/v2\/types\/post"}],"author":[{"embeddable":true,"href":"https:\/\/linitiative.ca\/International\/wp-json\/wp\/v2\/users\/1816"}],"replies":[{"embeddable":true,"href":"https:\/\/linitiative.ca\/International\/wp-json\/wp\/v2\/comments?post=118869"}],"version-history":[{"count":0,"href":"https:\/\/linitiative.ca\/International\/wp-json\/wp\/v2\/posts\/118869\/revisions"}],"wp:attachment":[{"href":"https:\/\/linitiative.ca\/International\/wp-json\/wp\/v2\/media?parent=118869"}],"wp:term":[{"taxonomy":"category","embeddable":true,"href":"https:\/\/linitiative.ca\/International\/wp-json\/wp\/v2\/categories?post=118869"},{"taxonomy":"post_tag","embeddable":true,"href":"https:\/\/linitiative.ca\/International\/wp-json\/wp\/v2\/tags?post=118869"}],"curies":[{"name":"wp","href":"https:\/\/api.w.org\/{rel}","templated":true}]}}