{"id":118871,"date":"2021-06-17T20:45:49","date_gmt":"2021-06-18T00:45:49","guid":{"rendered":"https:\/\/linitiative.ca\/International\/enlevement-tardif-du-coton-des-marches-le-lit-des-poids-manquants\/"},"modified":"2021-06-17T20:45:49","modified_gmt":"2021-06-18T00:45:49","slug":"enlevement-tardif-du-coton-des-marches-le-lit-des-poids-manquants","status":"publish","type":"post","link":"https:\/\/linitiative.ca\/International\/enlevement-tardif-du-coton-des-marches-le-lit-des-poids-manquants\/","title":{"rendered":"Enl\u00e8vement tardif du coton des march\u00e9s : Le lit des poids manquants"},"content":{"rendered":"<div>\n<p><strong>Les retards dans l\u2019enl\u00e8vement du coton graine des silos constitue une \u00e9pine au pied des producteurs. Cette lenteur entra\u00eene parfois des incendies et des incoh\u00e9rences de poids \u00e0 l\u2019achat et au pesage \u00e0 l\u2019usine.<\/strong><\/p>\n<p>Un Groupement de producteurs coton (GPC) ne peut trouver un sommeil tranquille que lorsque son coton est \u00e9vacu\u00e9 dans une usine d\u2019\u00e9grainage.<br \/>\nMalheureusement cette ann\u00e9e encore et comme plusieurs ann\u00e9es, l\u2019or blanc est rest\u00e9 en d\u00e9cr\u00e9pitude sur des sites autog\u00e9r\u00e9s de la zone cotonni\u00e8re de la SOFITEX sous les effets n\u00e9fastes de la canicule, de l\u2019harmattan etc. En effet, ces r\u00e9coltes soigneusement gard\u00e9es par les producteurs se consument dans les champs au contact des feux de brousse. Dans les d\u00e9partements de Dissin dans la r\u00e9gion du Sud-Ouest, de Tch\u00e9riba dans la Boucle du Mouhoun, des incendies de coton ont ravag\u00e9 des dizaines de tonnes entre le mois de mars et avril. Malheureusement, ce vieux probl\u00e8me perdure et les paysans sont impuissants de trouver une alternative salutaire pour sauver le produit de leur labeur.<\/p>\n<p>A D\u00e9dougou, pr\u00e9cis\u00e9ment dans les d\u00e9partements de Tch\u00e9riba et de Safan\u00e9, les derniers silos ont \u00e9t\u00e9 vid\u00e9s de leur contenu dans la derni\u00e8re quinzaine du mois d\u2019avril. Evitant de tr\u00e8s peu les premi\u00e8res pr\u00e9cipitations annonciatrices de la saison humide. Las de vivre, ann\u00e9e apr\u00e8s ann\u00e9e, les m\u00eames difficult\u00e9s, des producteurs de l\u2019Ouest s\u2019\u00e9taient organis\u00e9s pour manifester leur m\u00e9contentement vis-\u00e0-vis de la SOFITEX. En effet, dans plusieurs localit\u00e9s de la zone SOFITEX, le coton graine vendu, pes\u00e9 et stock\u00e9 dans les march\u00e9s \u00e0 l\u2019air libre a \u00e9chapp\u00e9 de peu aux premi\u00e8res pluies qui se sont abattues dans la province le 27 avril 2021.<\/p>\n<p>Pour la campagne cotonni\u00e8re 2021-2022 en cours, si les producteurs se sont r\u00e9jouis de l\u2019augmentation-record du prix d\u2019achat du coton graine, il n\u2019en demeure pas moins qu\u2019ils soient inquiets du volet enl\u00e8vement.<br \/>\n\u00ab Nous allons emblaver des milliers d\u2019hectares cette ann\u00e9e. Peut-\u00eatre que les r\u00e9coltes seront tr\u00e8s bonnes mais Dieu seul sait comment la SOFITEX va organiser et planifier le processus de ramassage \u00bb, a d\u00e9clar\u00e9 Issouf Tour\u00e9 du Groupement de producteurs coton (GPC) de Tikan. Mais en quoi cela vous inqui\u00e8te-t-il ? A cette question, le producteur explique toute une batterie de travail d\u2019apr\u00e8s-vente que les groupements doivent mettre en place en attendant le ramassage.<\/p>\n<p>\u00ab Il faut un gardien de jour comme de nuit pour surveiller le coton, il faut le d\u00e9barrasser r\u00e9guli\u00e8rement des feuilles mortes et des herbes<br \/>\ns\u00e8ches\u2026 \u00bb, a-t-il cit\u00e9 entre autres. Karim Kon\u00e9, un autre producteur de coton bas\u00e9 \u00e0 Tchi\u00e9riba craint que le ramassage tardif du coton ne d\u00e9courage \u00e0 la longue les producteurs car selon lui, le gardiennage et l\u2019entretien du coton post-r\u00e9colte posent d\u2019\u00e9normes probl\u00e8mes aux GPC.<\/p>\n<h3>Incomp\u00e9tence des op\u00e9rateurs priv\u00e9s<\/h3>\n<p>Selon le pr\u00e9sident du GPC \u00ab S\u00e9nimi \u00bb (entraide en bwamou), Lassina Boni, chaque ann\u00e9e, les producteurs de coton font face au m\u00eame probl\u00e8me d\u2019enl\u00e8vement. De son analyse le ph\u00e9nom\u00e8ne d\u00e9range aussi bien les producteurs que des soci\u00e9t\u00e9s cotonni\u00e8res elles-m\u00eames, notamment \u00e0 cause de la cadence d\u2019enl\u00e8vement du coton dans les champs et des march\u00e9s de coton vers les unit\u00e9s d\u2019\u00e9grainage. Selon lui, plusieurs raisons peuvent expliquer ces situations. Il s\u2019agit entre autres, a-t-il pr\u00e9cis\u00e9, de la contre-performance de certains op\u00e9rateurs. \u00ab Les march\u00e9s sont parfois attribu\u00e9s \u00e0 des op\u00e9rateurs incomp\u00e9tents ou qui ne disposent pas de flotte assez \u00e9toff\u00e9e pour ramasser le coton des silos.<\/p>\n<p>C\u2019est ce qui entra\u00eene les retards et les soci\u00e9t\u00e9s cotonni\u00e8res doivent savoir faire le choix pour la passation de march\u00e9s d\u2019enl\u00e8vement de coton \u00bb, a indiqu\u00e9 M. Boni. Cependant, pour ne pas rester sous l\u2019emprise des op\u00e9rateurs priv\u00e9s, les cotonculteurs pensent que chacune des soci\u00e9t\u00e9s cotonni\u00e8res, doit constituer sa propre flotte pour l\u2019\u00e9vacuation \u00e0 temps du coton graine vers les diff\u00e9rentes usines d\u2019\u00e9grenages. Car selon M. Boni, certains prestataires de la SOFITEX accusent \u00e0 tort ou \u00e0 raison le mauvais \u00e9tat des pistes rurales qui desservent les march\u00e9s de coton.<\/p>\n<p>Et ce, malgr\u00e9 l\u2019op\u00e9rationnalisation du Projet de pistes rurales (PPR) d\u00e9fini pour contribuer \u00e0 relever le d\u00e9fi de l\u2019accessibilit\u00e9 rurale et en particulier le d\u00e9senclavement des zones de production agricole.<br \/>\nPour ces producteurs, la qualit\u00e9 des politiques de voirie et de l\u2019enl\u00e8vement du coton ne leur incombe pas et la SOFITEX doit prendre toutes ses responsabilit\u00e9s si elle est v\u00e9ritablement dans une dynamique de relance durable de la production cotonni\u00e8re au Burkina Faso.<\/p>\n<h3>Indemnisation en cas d\u2019incendies de coton<\/h3>\n<p>Plus le coton reste dormant dans les march\u00e9s, plus il est expos\u00e9 aux risques d\u2019incendies. Ainsi, raisonnent les producteurs. Motif premier de leur empressement de se d\u00e9barrasser du coton apr\u00e8s les ventes. Sur la question, le directeur g\u00e9n\u00e9ral de la SOFITEX, Wilfried Yam\u00e9ogo, a reconnu que ces derni\u00e8res ann\u00e9es, sa structure a assist\u00e9 dans certaines localit\u00e9s \u00e0 des incendies de coton.<\/p>\n<p>Selon lui, il urge de prendre des dispositions en vue de limiter ces d\u00e9g\u00e2ts aussi bien dans les champs de coton, que dans les march\u00e9s. \u00ab Devant ces situations malheureuses, nous interpellons les producteurs depuis toujours \u00e0 \u00e9loigner les cotons de tous risques d\u2019incendies. Pour ce faire, un certain nombre de dispositions ont \u00e9t\u00e9 prises. Le coton entrepos\u00e9 sur le march\u00e9 est assur\u00e9 de sorte qu\u2019en cas d\u2019incendie, des dispositions sont prises pour indemnisation, apr\u00e8s constat de l\u2019assureur \u00bb, a fait savoir le DG Yam\u00e9ogo. Quant au changement climatique qui peut \u00eatre sources de pr\u00e9cipitation pr\u00e9coces, les autorit\u00e9s cotonni\u00e8res rassurent que des outils de collecte d\u2019informations sur ces changements existent et permettent de prendre de l\u2019avance sur le temps.<\/p>\n<p>\u00ab Nous utilisons nos informations \u00e0 bon escient, afin d\u2019\u00e9viter les d\u00e9sagr\u00e9ments \u00bb, a dit le DG. L\u2019un dans l\u2019autre, les soci\u00e9t\u00e9s cotonni\u00e8res cherchent les moyens ad\u00e9quats et appropri\u00e9s pour convoyer, en temps r\u00e9el, la production cotonni\u00e8re qui, de plus en plus, est \u00e0 la hausse. On annonce d\u2019ailleurs plus de 680 mille tonnes pour la pr\u00e9sente campagne contre 492.000 tonnes la campagne cotonni\u00e8re pr\u00e9c\u00e9dente. Pour le pr\u00e9sident de l\u2019Union nationale des producteurs de coton (UNPCB) Bambou Bihoun, le mal est pernicieux certes, mais cela ne doit pas d\u00e9courager les producteurs de coton. Jouant au m\u00e9diateur, il a exhort\u00e9 ses pairs \u00e0 savoir raison garder et \u00e0 redoubler d\u2019efforts dans la production de coton.<\/p>\n<p>Mieux, a-t-il souhait\u00e9, que les producteurs prennent \u00e0 leur niveau toutes les mesures n\u00e9cessaires pour une bonne protection de leur r\u00e9colte. Bambou Bihoun a invit\u00e9 par ailleurs les \u00e9greneurs \u00e0 prendre \u00e0 bras-le-corps le probl\u00e8me de l\u2019enl\u00e8vement du coton et \u00e0 comprendre l\u2019amertume de certains producteurs qui peinent \u00e0 contenir leur d\u00e9ception.<\/p>\n<p style=\"text-align: right\"><strong>Wanl\u00e9 G\u00e9rard COULIBALY<\/strong><\/p>\n<p>L\u2019article <a rel=\"nofollow\" href=\"https:\/\/www.sidwaya.info\/blog\/2021\/06\/18\/enlevement-tardif-du-coton-des-marches-le-lit-des-poids-manquants\/\">Enl\u00e8vement tardif du coton des march\u00e9s : Le lit des poids manquants<\/a> est apparu en premier sur <a rel=\"nofollow\" href=\"https:\/\/www.sidwaya.info\/\">Quotidien Sidwaya<\/a>.<\/p>\n<\/div>\n<p>Auteur: JK. Sidwaya<br \/>\n<a href=\"https:\/\/www.sidwaya.info\/blog\/2021\/06\/18\/enlevement-tardif-du-coton-des-marches-le-lit-des-poids-manquants\/\">Cliquez ici pour lire l&rsquo;article depuis sa source.<\/a><\/p>\n","protected":false},"excerpt":{"rendered":"<p>Les retards dans l\u2019enl\u00e8vement du coton graine des silos constitue une \u00e9pine au pied des producteurs. Cette lenteur entra\u00eene parfois des incendies et des incoh\u00e9rences de poids \u00e0 l\u2019achat et au pesage \u00e0 l\u2019usine. Un Groupement de producteurs coton (GPC) ne peut trouver un sommeil tranquille que lorsque son coton est \u00e9vacu\u00e9 dans une usine [&hellip;]<\/p>\n","protected":false},"author":1816,"featured_media":0,"comment_status":"closed","ping_status":"closed","sticky":false,"template":"","format":"standard","meta":{"fifu_image_url":"","fifu_image_alt":"","footnotes":""},"categories":[73,81],"tags":[],"class_list":["post-118871","post","type-post","status-publish","format-standard","hentry","category-actualite","category-burkina-faso"],"_links":{"self":[{"href":"https:\/\/linitiative.ca\/International\/wp-json\/wp\/v2\/posts\/118871","targetHints":{"allow":["GET"]}}],"collection":[{"href":"https:\/\/linitiative.ca\/International\/wp-json\/wp\/v2\/posts"}],"about":[{"href":"https:\/\/linitiative.ca\/International\/wp-json\/wp\/v2\/types\/post"}],"author":[{"embeddable":true,"href":"https:\/\/linitiative.ca\/International\/wp-json\/wp\/v2\/users\/1816"}],"replies":[{"embeddable":true,"href":"https:\/\/linitiative.ca\/International\/wp-json\/wp\/v2\/comments?post=118871"}],"version-history":[{"count":0,"href":"https:\/\/linitiative.ca\/International\/wp-json\/wp\/v2\/posts\/118871\/revisions"}],"wp:attachment":[{"href":"https:\/\/linitiative.ca\/International\/wp-json\/wp\/v2\/media?parent=118871"}],"wp:term":[{"taxonomy":"category","embeddable":true,"href":"https:\/\/linitiative.ca\/International\/wp-json\/wp\/v2\/categories?post=118871"},{"taxonomy":"post_tag","embeddable":true,"href":"https:\/\/linitiative.ca\/International\/wp-json\/wp\/v2\/tags?post=118871"}],"curies":[{"name":"wp","href":"https:\/\/api.w.org\/{rel}","templated":true}]}}