{"id":118872,"date":"2021-06-18T09:04:19","date_gmt":"2021-06-18T13:04:19","guid":{"rendered":"https:\/\/linitiative.ca\/International\/hadj-2021-le-pelerinage-annule-pour-les-burkinabe\/"},"modified":"2021-06-18T09:04:19","modified_gmt":"2021-06-18T13:04:19","slug":"hadj-2021-le-pelerinage-annule-pour-les-burkinabe","status":"publish","type":"post","link":"https:\/\/linitiative.ca\/International\/hadj-2021-le-pelerinage-annule-pour-les-burkinabe\/","title":{"rendered":"Hadj 2021 : Le p\u00e8lerinage annul\u00e9 pour les Burkinab\u00e8."},"content":{"rendered":"<div>\n<p>Le comit\u00e9 d\u2019organisation a annonc\u00e9 au cours d\u2019une conf\u00e9rence de presse ce vendredi 18 juin 2021, l\u2019annulation du Hadj 2021 pour les non-r\u00e9sidents en Arabie Saoudite en g\u00e9n\u00e9ral et les Burkinab\u00e8 en particulier. Le ministre en charge de l\u2019administration territoriale, Cl\u00e9ment Sawadogo, a dit que cette d\u00e9cision fait suite \u00e0 une n\u00e9cessite de pr\u00e9server la s\u00e9curit\u00e9 et la sante des p\u00e8lerins mais aussi celle du monde entier. Le hadj 2021 devrait d\u00e9marrer le 17 juillet et prendre fin le 22 juillet, apr\u00e8s la c\u00e9l\u00e9bration de l\u2019A\u00efd El Kebir.<\/p>\n<p>L\u2019article <a rel=\"nofollow\" href=\"https:\/\/www.sidwaya.info\/blog\/2021\/06\/18\/hadj-2021-le-pelerinage-annule-pour-les-burkinabe\/\">Hadj 2021 : Le p\u00e8lerinage annul\u00e9 pour les Burkinab\u00e8.<\/a> est apparu en premier sur <a rel=\"nofollow\" href=\"https:\/\/www.sidwaya.info\/\">Quotidien Sidwaya<\/a>.<\/p>\n<\/div>\n<p>Auteur: Wamini SIDWAYA<br \/>\n<a href=\"https:\/\/www.sidwaya.info\/blog\/2021\/06\/18\/hadj-2021-le-pelerinage-annule-pour-les-burkinabe\/\">Cliquez ici pour lire l&rsquo;article depuis sa source.<\/a><\/p>\n","protected":false},"excerpt":{"rendered":"<p>Le comit\u00e9 d\u2019organisation a annonc\u00e9 au cours d\u2019une conf\u00e9rence de presse ce vendredi 18 juin 2021, l\u2019annulation du Hadj 2021 pour les non-r\u00e9sidents en Arabie Saoudite en g\u00e9n\u00e9ral et les Burkinab\u00e8 en particulier. Le ministre en charge de l\u2019administration territoriale, Cl\u00e9ment Sawadogo, a dit que cette d\u00e9cision fait suite \u00e0 une n\u00e9cessite de pr\u00e9server la [&hellip;]<\/p>\n","protected":false},"author":1816,"featured_media":0,"comment_status":"closed","ping_status":"closed","sticky":false,"template":"","format":"standard","meta":{"fifu_image_url":"","fifu_image_alt":"","footnotes":""},"categories":[73,81],"tags":[],"class_list":["post-118872","post","type-post","status-publish","format-standard","hentry","category-actualite","category-burkina-faso"],"_links":{"self":[{"href":"https:\/\/linitiative.ca\/International\/wp-json\/wp\/v2\/posts\/118872","targetHints":{"allow":["GET"]}}],"collection":[{"href":"https:\/\/linitiative.ca\/International\/wp-json\/wp\/v2\/posts"}],"about":[{"href":"https:\/\/linitiative.ca\/International\/wp-json\/wp\/v2\/types\/post"}],"author":[{"embeddable":true,"href":"https:\/\/linitiative.ca\/International\/wp-json\/wp\/v2\/users\/1816"}],"replies":[{"embeddable":true,"href":"https:\/\/linitiative.ca\/International\/wp-json\/wp\/v2\/comments?post=118872"}],"version-history":[{"count":0,"href":"https:\/\/linitiative.ca\/International\/wp-json\/wp\/v2\/posts\/118872\/revisions"}],"wp:attachment":[{"href":"https:\/\/linitiative.ca\/International\/wp-json\/wp\/v2\/media?parent=118872"}],"wp:term":[{"taxonomy":"category","embeddable":true,"href":"https:\/\/linitiative.ca\/International\/wp-json\/wp\/v2\/categories?post=118872"},{"taxonomy":"post_tag","embeddable":true,"href":"https:\/\/linitiative.ca\/International\/wp-json\/wp\/v2\/tags?post=118872"}],"curies":[{"name":"wp","href":"https:\/\/api.w.org\/{rel}","templated":true}]}}