{"id":118873,"date":"2021-06-18T11:24:12","date_gmt":"2021-06-18T15:24:12","guid":{"rendered":"https:\/\/linitiative.ca\/International\/gestion-de-leau-dans-le-sahel-une-table-ronde-pour-definir-lavenir-du-secteur-de-leau-dans-la-zone-des-trois-frontieres\/"},"modified":"2021-06-18T11:24:12","modified_gmt":"2021-06-18T15:24:12","slug":"gestion-de-leau-dans-le-sahel-une-table-ronde-pour-definir-lavenir-du-secteur-de-leau-dans-la-zone-des-trois-frontieres","status":"publish","type":"post","link":"https:\/\/linitiative.ca\/International\/gestion-de-leau-dans-le-sahel-une-table-ronde-pour-definir-lavenir-du-secteur-de-leau-dans-la-zone-des-trois-frontieres\/","title":{"rendered":"Gestion de l\u2019eau dans le Sahel\u00a0: Une table-ronde pour d\u00e9finir l\u2019avenir du secteur de l\u2019eau dans la zone des trois fronti\u00e8res"},"content":{"rendered":"<div>\n<p><strong>Eau Vive Internationale a organis\u00e9 conjointement avec l\u2019Autorit\u00e9 de d\u00e9veloppement int\u00e9gr\u00e9 des Etats du Liptako-Gourma, le P\u00f4le Eau de Gen\u00e8ve et l\u2019Observatoire citoyen sur la Gouvernance et la s\u00e9curit\u00e9 (OCGS), une table ronde des acteurs et leaders locaux sur l\u2019eau comme vecteur de paix au Sahel du 2 au 4 juin 2021 \u00e0 Ouagadougou.<\/strong><\/p>\n<p>Dans un contexte de crise s\u00e9curitaire dans la zone des trois fronti\u00e8res devenue source de pression sur les points d\u2019eau pour les hommes, les animaux, pour les productions agricoles, halieutiques, industrielles, exacerbant les tensions communautaires et donnant parfois lieu \u00e0 des affrontements entre populations, la question de la paix est plus que jamais essentielle. Une paix durable qui peut \u00eatre entretenue par une meilleure gestion des ressources en eau selon Eau vive internationale. Pour trouver des pistes de solutions et des propositions \u00e0 m\u00eame de contribuer \u00e0 une bonne utilisation de l\u2019eau, une table a \u00e9t\u00e9 co-organis\u00e9e par Eau vive internationale, l\u2019Autorit\u00e9 de d\u00e9veloppement int\u00e9gr\u00e9 des Etats du Liptako-Gourma, le P\u00f4le Eau de Gen\u00e8ve et l\u2019Observatoire citoyen sur la Gouvernance et la s\u00e9curit\u00e9 (OCGS), du 2 au 4 juin 2021 \u00e0 Ouagadougou.<\/p>\n<p>Les \u00e9changes \u00e0 b\u00e2tons-rompus entre les responsables et repr\u00e9sentants des communaut\u00e9s coutumi\u00e8res et religieuses et les repr\u00e9sentants des bailleurs de fonds ont permis \u00e0 tous les participants de faire sept principales recommandations.<\/p>\n<p>Il s\u2019agit d\u2019accorder plus d\u2019importance \u00e0 l\u2019eau, promouvoir le dialogue, le partage, la solidarit\u00e9, la bonne gouvernance autour des points d\u2019eau ou des am\u00e9nagements hydrauliques pour favoriser la paix, le d\u00e9veloppement et pr\u00e9venir les conflits d\u2019eau qui se multiplient \u00e0 la faveur de la crise s\u00e9curitaire, d\u2019assurer un meilleur accompagnement des communaut\u00e9s en les impliquant directement \u00e0 travers des m\u00e9canismes de financements souples et directs qui tiennent compte des sp\u00e9cificit\u00e9s des communaut\u00e9s afin que celles-ci continuent v\u00e9ritablement de jouer leur r\u00f4le d\u2019acteurs du d\u00e9veloppement local en cette p\u00e9riode de crise s\u00e9curitaire exacerb\u00e9e o\u00f9 les Etats \u00e9prouvent du mal \u00e0 assurer leurs missions r\u00e9galiennes du fait du terrorisme,\u00a0 de cr\u00e9er une meilleure coordination entre les diff\u00e9rents intervenants du secteur de l\u2019eau pour plus d\u2019efficacit\u00e9 dans les actions sur le terrain.<\/p>\n<p>Outre la n\u00e9cessit\u00e9 de prendre en compte les jeunes et les femmes dans les projets de d\u00e9veloppement au Sahel, les participants ont souhait\u00e9 que l\u2019on tienne compte de l\u2019aspect s\u00e9curitaire dans l\u2019\u00e9laboration et la planification des projets de d\u00e9veloppement pour \u00e9viter qu\u2019ils restent lettres mortes du fait de l\u2019ins\u00e9curit\u00e9 et qu\u2019il soit \u00e9labor\u00e9 et financ\u00e9 un projet global pour la stabilisation du Liptako Gourma.<\/p>\n<p>Selon le d\u00e9l\u00e9gu\u00e9 g\u00e9n\u00e9ral de Eau vive internationale, Jean Bosco Bazi\u00e9, la mise en commun des efforts et moyens des Etats pour r\u00e9aliser des infrastructures d\u2019eau peut favoriser la paix autour de ces ouvrages, \u00e0 l\u2019image du barrage de Manantali au Mali qui profite \u00e0 plusieurs pays voisins sans probl\u00e8mes. <em>\u00ab Quand on met ensemble nos ressources pour r\u00e9aliser une\u00a0infrastructure, les risques de crises sont minimis\u00e9s\u00a0\u00bb<\/em>, a-t-il dit.<\/p>\n<p>L\u2019Emir du Liptako Ousmane Amirou Dicko dans la r\u00e9gion du Sahel du Burkina Faso et le chef du Canton de Tera dans la r\u00e9gion de Tillaberi, Hamidou Niandou ont tous appr\u00e9ci\u00e9 positivement la tenue de cette table-ronde. Ils ont tous pr\u00f4n\u00e9 le dialogue \u00e0 tous les niveaux et entre les diff\u00e9rentes communaut\u00e9s, les \u00e9tats et les bailleurs de fonds. Ils ont par ailleurs souhait\u00e9 que le respect des valeurs culturelles comme la tol\u00e9rance, la compr\u00e9hension mutuelle, la solidarit\u00e9, le partage soient mis promus pour renforcer la paix et la s\u00e9curit\u00e9.<\/p>\n<p><em>\u00ab L\u2019eau ne provoque pas la guerre, mais ce sont les Hommes qui provoquent la guerre, qui polluent l\u2019eau, la gaspillent \u00bb<\/em>, a d\u00e9clar\u00e9 le conseiller du P\u00f4le Eau de Gen\u00e8ve, Ibrahim Ag Issoufou.<\/p>\n<p><img decoding=\"async\" loading=\"lazy\" class=\"alignleft  wp-image-36587\" src=\"https:\/\/linitiative.ca\/International\/wp-content\/uploads\/sites\/23\/2021\/06\/1-1.jpeg\" alt=\"\" width=\"527\" height=\"287\" srcset=\"https:\/\/linitiative.ca\/International\/wp-content\/uploads\/sites\/23\/2021\/06\/1-1.jpeg 650w, https:\/\/www.sidwaya.info\/wp-content\/uploads\/2021\/06\/1-1-300x163.jpeg 300w, https:\/\/www.sidwaya.info\/wp-content\/uploads\/2021\/06\/1-1-150x82.jpeg 150w\" sizes=\"auto, (max-width: 527px) 100vw, 527px\">Le Secr\u00e9taire ex\u00e9cutif de l\u2019Autorit\u00e9 de d\u00e9veloppement int\u00e9gr\u00e9 des Etats du Liptako-Gourma (ALG), Saidou Oua s\u2019est r\u00e9joui de la pertinence de toutes les interventions au cours des travaux. <em>\u00ab<\/em><em> Notre zone, la zone des 3 fronti\u00e8res est devenue l\u2019\u00e9picentre de l\u2019ins\u00e9curit\u00e9, mais nous ne devons pas abandonner les populations \u00e0 elles-m\u00eames. Nous devons leur redonner espoir<\/em><em>. Et en tant qu\u2019agence de proximit\u00e9, de d\u00e9veloppement, nous sommes ouverts \u00e0 ce genres\u00a0d\u2019initiatives qui permet de redonner espoir \u00e0 nos populations que nous devons abandonner \u00e0 elles-m\u00eames \u00bb<\/em>, a assur\u00e9 le Secr\u00e9taire ex\u00e9cutif.<\/p>\n<p><strong>Gaspard BAYALA<\/strong><\/p>\n<p>L\u2019article <a rel=\"nofollow\" href=\"https:\/\/www.sidwaya.info\/blog\/2021\/06\/18\/gestion-de-leau-dans-le-sahel-une-table-ronde-pour-definir-lavenir-du-secteur-de-leau-dans-la-zone-des-trois-frontieres\/\">Gestion de l\u2019eau dans le Sahel\u00a0: Une table-ronde pour d\u00e9finir l\u2019avenir du secteur de l\u2019eau dans la zone des trois fronti\u00e8res<\/a> est apparu en premier sur <a rel=\"nofollow\" href=\"https:\/\/www.sidwaya.info\/\">Quotidien Sidwaya<\/a>.<\/p>\n<\/div>\n<p>Auteur: BS. Sidwaya<br \/>\n<a href=\"https:\/\/www.sidwaya.info\/blog\/2021\/06\/18\/gestion-de-leau-dans-le-sahel-une-table-ronde-pour-definir-lavenir-du-secteur-de-leau-dans-la-zone-des-trois-frontieres\/\">Cliquez ici pour lire l&rsquo;article depuis sa source.<\/a><\/p>\n","protected":false},"excerpt":{"rendered":"<p>Eau Vive Internationale a organis\u00e9 conjointement avec l\u2019Autorit\u00e9 de d\u00e9veloppement int\u00e9gr\u00e9 des Etats du Liptako-Gourma, le P\u00f4le Eau de Gen\u00e8ve et l\u2019Observatoire citoyen sur la Gouvernance et la s\u00e9curit\u00e9 (OCGS), une table ronde des acteurs et leaders locaux sur l\u2019eau comme vecteur de paix au Sahel du 2 au 4 juin 2021 \u00e0 Ouagadougou. Dans [&hellip;]<\/p>\n","protected":false},"author":1816,"featured_media":0,"comment_status":"closed","ping_status":"closed","sticky":false,"template":"","format":"standard","meta":{"fifu_image_url":"https:\/\/www.sidwaya.info\/wp-content\/uploads\/2021\/06\/1-1.jpeg","fifu_image_alt":"Gestion de l\u2019eau dans le Sahel\u00a0: Une table-ronde pour d\u00e9finir l\u2019avenir du secteur de l\u2019eau dans la zone des trois fronti\u00e8res","footnotes":""},"categories":[73,81],"tags":[],"class_list":["post-118873","post","type-post","status-publish","format-standard","hentry","category-actualite","category-burkina-faso"],"_links":{"self":[{"href":"https:\/\/linitiative.ca\/International\/wp-json\/wp\/v2\/posts\/118873","targetHints":{"allow":["GET"]}}],"collection":[{"href":"https:\/\/linitiative.ca\/International\/wp-json\/wp\/v2\/posts"}],"about":[{"href":"https:\/\/linitiative.ca\/International\/wp-json\/wp\/v2\/types\/post"}],"author":[{"embeddable":true,"href":"https:\/\/linitiative.ca\/International\/wp-json\/wp\/v2\/users\/1816"}],"replies":[{"embeddable":true,"href":"https:\/\/linitiative.ca\/International\/wp-json\/wp\/v2\/comments?post=118873"}],"version-history":[{"count":0,"href":"https:\/\/linitiative.ca\/International\/wp-json\/wp\/v2\/posts\/118873\/revisions"}],"wp:attachment":[{"href":"https:\/\/linitiative.ca\/International\/wp-json\/wp\/v2\/media?parent=118873"}],"wp:term":[{"taxonomy":"category","embeddable":true,"href":"https:\/\/linitiative.ca\/International\/wp-json\/wp\/v2\/categories?post=118873"},{"taxonomy":"post_tag","embeddable":true,"href":"https:\/\/linitiative.ca\/International\/wp-json\/wp\/v2\/tags?post=118873"}],"curies":[{"name":"wp","href":"https:\/\/api.w.org\/{rel}","templated":true}]}}