{"id":118875,"date":"2021-06-18T11:18:02","date_gmt":"2021-06-18T15:18:02","guid":{"rendered":"https:\/\/linitiative.ca\/International\/lua-plaide-pour-lenregistrement-des-enfants-a-letat-civil\/"},"modified":"2021-06-18T11:18:02","modified_gmt":"2021-06-18T15:18:02","slug":"lua-plaide-pour-lenregistrement-des-enfants-a-letat-civil","status":"publish","type":"post","link":"https:\/\/linitiative.ca\/International\/lua-plaide-pour-lenregistrement-des-enfants-a-letat-civil\/","title":{"rendered":"L\u2019UA plaide pour l\u2019enregistrement des enfants \u00e0 l\u2019\u00e9tat civil"},"content":{"rendered":"<div>\n<p><img loading=\"lazy\" decoding=\"async\" width=\"250\" height=\"200\" src=\"https:\/\/linitiative.ca\/International\/wp-content\/uploads\/sites\/23\/2021\/06\/16240294827599.jpg\" class=\"attachment-post-thumbnail size-post-thumbnail wp-post-image\" alt=\"\"><\/p>\n<p>En Afrique, plus de la moiti\u00e9 des enfants sont \u00e9galement priv\u00e9s de la pleine jouissance de leurs droits fondamentaux, selon la Commission de l&rsquo;Union africaine.Les statistiques montrent que le continent a fait des progr\u00e8s en mati\u00e8re d&rsquo;enregistrement des naissances au cours des derni\u00e8res d\u00e9cennies. Cependant, avec la croissance rapide de la population, les projections montrent que le nombre d&rsquo;enfants non d\u00e9clar\u00e9s \u00e0 la naissance continuera \u00e0 augmenter pour atteindre plus de 100 millions d&rsquo;ici 2030.<\/p>\n<p>\u00ab Si des mesures imm\u00e9diates ne sont pas prises pour que chaque enfant ait une identit\u00e9 l\u00e9gale, cette situation bloquera l&rsquo;atteinte des Objectifs de d\u00e9veloppement durable (ODD) de l&rsquo;ONU qui visent \u00e0 atteindre l&rsquo;enregistrement universel d&rsquo;ici 2030\u00a0\u00bb, a d\u00e9clar\u00e9 l&rsquo;UA dans un communiqu\u00e9.<\/p>\n<p>Le droit \u00e0 l&rsquo;existence l\u00e9gale est le premier droit de tout \u00eatre humain sur la plan\u00e8te. Cette existence l\u00e9gale donne droit \u00e0 la sant\u00e9, \u00e0 l&rsquo;\u00e9ducation, \u00e0 la protection contre les abus et l&rsquo;exploitation. Le droit \u00e0 une identit\u00e9 l\u00e9gale s&rsquo;incarne concr\u00e8tement dans un document crucial, l&rsquo;acte de naissance, qui \u00e9tablit le nom et la filiation de l&rsquo;enfant.<\/p>\n<p>L&rsquo;existence l\u00e9gale n&rsquo;est pas seulement au c\u0153ur de tous les droits, elle est aussi la capacit\u00e9 d&rsquo;une nation et de son gouvernement \u00e0 concevoir et contr\u00f4ler tous les services de base.<\/p>\n<p>Toutefois, pour faire de cette situation une occasion de mettre enfin un terme \u00e0 l&rsquo;indignit\u00e9 des enfants en Afrique, d&rsquo;autres mesures doivent \u00eatre prises, estime l&rsquo;UA.<\/p>\n<p>C&rsquo;est pourquoi, elle invite ses Etats membres \u00e0 supprimer les frais qui s&rsquo;appliquent fr\u00e9quemment \u00e0 l&rsquo;enregistrement des naissances et qui constituent l&rsquo;un des principaux obstacles \u00e0 l&rsquo;acc\u00e8s des groupes de population vuln\u00e9rables, \u00e0 prolonger ou \u00e0 supprimer les d\u00e9lais en cas d&rsquo;enregistrement tardif, \u00e0 simplifier les proc\u00e9dures d&rsquo;enregistrement et \u00e0 \u00e9tablir des dispenses pour les documents manquants.<\/p>\n<p>A ce jour, seuls quelques pays d&rsquo;Afrique garantissent la gratuit\u00e9 de l&rsquo;enregistrement des d\u00e9clarations de naissance.<\/p>\n<p>Cet article <a rel=\"nofollow\" href=\"https:\/\/www.journalducameroun.com\/lua-plaide-pour-lenregistrement-des-enfants-a-letat-civil\/\">L\u2019UA plaide pour l\u2019enregistrement des enfants \u00e0 l\u2019\u00e9tat civil<\/a> est apparu en premier sur <a rel=\"nofollow\" href=\"https:\/\/www.journalducameroun.com\/\">Journal du Cameroun<\/a>.<\/p>\n<\/div>\n<p>Auteur: APA News<br \/>\n<a href=\"https:\/\/www.journalducameroun.com\/lua-plaide-pour-lenregistrement-des-enfants-a-letat-civil\/\">Cliquez ici pour lire l&rsquo;article depuis sa source.<\/a><\/p>\n","protected":false},"excerpt":{"rendered":"<p>En Afrique, plus de la moiti\u00e9 des enfants sont \u00e9galement priv\u00e9s de la pleine jouissance de leurs droits fondamentaux, selon la Commission de l&rsquo;Union africaine.Les statistiques montrent que le continent a fait des progr\u00e8s en mati\u00e8re d&rsquo;enregistrement des naissances au cours des derni\u00e8res d\u00e9cennies. Cependant, avec la croissance rapide de la population, les projections montrent [&hellip;]<\/p>\n","protected":false},"author":1965,"featured_media":0,"comment_status":"closed","ping_status":"closed","sticky":false,"template":"","format":"standard","meta":{"fifu_image_url":"https:\/\/www.journalducameroun.com\/wp-content\/uploads\/2021\/06\/16240294827599.jpg","fifu_image_alt":"L\u2019UA plaide pour l\u2019enregistrement des enfants \u00e0 l\u2019\u00e9tat civil","footnotes":""},"categories":[73,82],"tags":[],"class_list":["post-118875","post","type-post","status-publish","format-standard","hentry","category-actualite","category-cameroun"],"_links":{"self":[{"href":"https:\/\/linitiative.ca\/International\/wp-json\/wp\/v2\/posts\/118875","targetHints":{"allow":["GET"]}}],"collection":[{"href":"https:\/\/linitiative.ca\/International\/wp-json\/wp\/v2\/posts"}],"about":[{"href":"https:\/\/linitiative.ca\/International\/wp-json\/wp\/v2\/types\/post"}],"author":[{"embeddable":true,"href":"https:\/\/linitiative.ca\/International\/wp-json\/wp\/v2\/users\/1965"}],"replies":[{"embeddable":true,"href":"https:\/\/linitiative.ca\/International\/wp-json\/wp\/v2\/comments?post=118875"}],"version-history":[{"count":0,"href":"https:\/\/linitiative.ca\/International\/wp-json\/wp\/v2\/posts\/118875\/revisions"}],"wp:attachment":[{"href":"https:\/\/linitiative.ca\/International\/wp-json\/wp\/v2\/media?parent=118875"}],"wp:term":[{"taxonomy":"category","embeddable":true,"href":"https:\/\/linitiative.ca\/International\/wp-json\/wp\/v2\/categories?post=118875"},{"taxonomy":"post_tag","embeddable":true,"href":"https:\/\/linitiative.ca\/International\/wp-json\/wp\/v2\/tags?post=118875"}],"curies":[{"name":"wp","href":"https:\/\/api.w.org\/{rel}","templated":true}]}}