{"id":118879,"date":"2021-06-18T13:18:03","date_gmt":"2021-06-18T17:18:03","guid":{"rendered":"https:\/\/linitiative.ca\/International\/senegal-berlin-soutient-la-production-de-vaccins-anti-covid-19\/"},"modified":"2021-06-18T13:18:03","modified_gmt":"2021-06-18T17:18:03","slug":"senegal-berlin-soutient-la-production-de-vaccins-anti-covid-19","status":"publish","type":"post","link":"https:\/\/linitiative.ca\/International\/senegal-berlin-soutient-la-production-de-vaccins-anti-covid-19\/","title":{"rendered":"S\u00e9n\u00e9gal : Berlin soutient la production de vaccins anti-Covid-19"},"content":{"rendered":"<div>\n<p><img loading=\"lazy\" decoding=\"async\" width=\"1063\" height=\"750\" src=\"https:\/\/linitiative.ca\/International\/wp-content\/uploads\/sites\/23\/2021\/06\/16240366841344.jpg\" class=\"attachment-post-thumbnail size-post-thumbnail wp-post-image\" alt=\"\" srcset=\"https:\/\/linitiative.ca\/International\/wp-content\/uploads\/sites\/23\/2021\/06\/16240366841344.jpg 1063w, https:\/\/www.journalducameroun.com\/wp-content\/uploads\/2021\/06\/16240366841344-300x212.jpg 300w, https:\/\/www.journalducameroun.com\/wp-content\/uploads\/2021\/06\/16240366841344-768x542.jpg 768w, https:\/\/www.journalducameroun.com\/wp-content\/uploads\/2021\/06\/16240366841344-1024x722.jpg 1024w, https:\/\/www.journalducameroun.com\/wp-content\/uploads\/2021\/06\/16240366841344-624x440.jpg 624w, https:\/\/www.journalducameroun.com\/wp-content\/uploads\/2021\/06\/16240366841344-600x423.jpg 600w\" sizes=\"auto, (max-width: 1063px) 100vw, 1063px\"><\/p>\n<p>L&rsquo;Allemagne d\u00e9bloque une enveloppe de 13 milliards de FCfa pour accompagner l&rsquo;Institut Pasteur de Dakar dans son ambition de produire les premi\u00e8res doses de vaccin contre le coronavirus durant le premier trimestre de 2022.C&rsquo;est un appui de taille que vient d&rsquo;obtenir l&rsquo;Institut Pasteur de Dakar. Le ministre f\u00e9d\u00e9ral allemand de la Coop\u00e9ration \u00e9conomique et du D\u00e9veloppement, Gerd M\u00fcller, en visite dans la capitale s\u00e9n\u00e9galaise, a annonc\u00e9 que son pays va d\u00e9bourser 20 millions d&rsquo;euros, soit 13 milliards de FCfa, pour accompagner l&rsquo;Institut dans son programme de fabrication de vaccin anti-Covid-19.<\/p>\n<p>A c\u00f4t\u00e9 de cet appui, Berlin va \u00e9galement inciter les initiatives d&rsquo;acquisition de vaccins \u00e0 effectuer leurs achats au S\u00e9n\u00e9gal, une fois le produit disponible, a fait savoir M. M\u00fcller. C&rsquo;est \u00ab un package in\u00e9dit \u00bb que l&rsquo;Allemagne vient d&rsquo;offrir au S\u00e9n\u00e9gal, s&rsquo;est f\u00e9licit\u00e9 le ministre s\u00e9n\u00e9galais de l&rsquo;Economie, du Plan et de la Coop\u00e9ration, Amadou Hott.<\/p>\n<p>Les deux ministres s&rsquo;exprimaient apr\u00e8s la signature d&rsquo;un protocole d&rsquo;accord pour la production de vaccins au S\u00e9n\u00e9gal, tenue jeudi soir \u00e0 Dakar, en marge d&rsquo;un forum consacr\u00e9 \u00e0 l&rsquo;exploration des pistes de collaboration entre les secteurs priv\u00e9s des deux pays.<\/p>\n<p>\u00ab Ce protocole d&rsquo;accord renforce la coop\u00e9ration dans diff\u00e9rents domaines, tels que la lutte contre la pand\u00e9mie de coronavirus \u00e0 travers un appui \u00e0 la production de vaccins anti-Covid-19 et de cr\u00e9ation d&rsquo;infrastructures qui permettront \u00e0 l&rsquo;Afrique d&rsquo;\u00eatre autonome dans l&rsquo;avenir contre les pand\u00e9mies. On va travailler tr\u00e8s rapidement pour que les ressources soient disponibles pour produire des vaccins moins chers \u00bb, a assur\u00e9 Amadou Hott.<\/p>\n<p>Poursuivant, il a indiqu\u00e9 que cet acte \u00ab est un signal fort pour les partenaires de l&rsquo;Institut Pasteur. Ce soutien \u00e0 un institut de classe mondiale est in\u00e9dit \u00bb.<\/p>\n<p>Au-del\u00e0 de cette assistance, M. M\u00fcller a \u00e9galement annonc\u00e9 que son pays va d\u00e9bloquer cette ann\u00e9e une enveloppe de 85 milliards de FCfa pour soutenir les projets de d\u00e9veloppement d&rsquo;infrastructures et la formation professionnelle, les \u00e9nergies et le changement climatique.<\/p>\n<p>\u00ab En 2021, nous pr\u00e9voyons un accompagnement de 130 millions d&rsquo;euros (85,15 milliards de FCfa). Nous voulons cr\u00e9er une communaut\u00e9 d&rsquo;investissements priv\u00e9s entre les deux pays, car les conditions pr\u00e9alables sont r\u00e9unies \u00bb, a-t-il dit.<\/p>\n<p>Cet article <a rel=\"nofollow\" href=\"https:\/\/www.journalducameroun.com\/senegal-berlin-soutient-la-production-de-vaccins-anti-covid-19\/\">S\u00e9n\u00e9gal : Berlin soutient la production de vaccins anti-Covid-19<\/a> est apparu en premier sur <a rel=\"nofollow\" href=\"https:\/\/www.journalducameroun.com\/\">Journal du Cameroun<\/a>.<\/p>\n<\/div>\n<p>Auteur: APA News<br \/>\n<a href=\"https:\/\/www.journalducameroun.com\/senegal-berlin-soutient-la-production-de-vaccins-anti-covid-19\/\">Cliquez ici pour lire l&rsquo;article depuis sa source.<\/a><\/p>\n","protected":false},"excerpt":{"rendered":"<p>L&rsquo;Allemagne d\u00e9bloque une enveloppe de 13 milliards de FCfa pour accompagner l&rsquo;Institut Pasteur de Dakar dans son ambition de produire les premi\u00e8res doses de vaccin contre le coronavirus durant le premier trimestre de 2022.C&rsquo;est un appui de taille que vient d&rsquo;obtenir l&rsquo;Institut Pasteur de Dakar. Le ministre f\u00e9d\u00e9ral allemand de la Coop\u00e9ration \u00e9conomique et du [&hellip;]<\/p>\n","protected":false},"author":1965,"featured_media":0,"comment_status":"closed","ping_status":"closed","sticky":false,"template":"","format":"standard","meta":{"fifu_image_url":"https:\/\/www.journalducameroun.com\/wp-content\/uploads\/2021\/06\/16240366841344.jpg","fifu_image_alt":"S\u00e9n\u00e9gal : Berlin soutient la production de vaccins anti-Covid-19","footnotes":""},"categories":[73,82],"tags":[],"class_list":["post-118879","post","type-post","status-publish","format-standard","hentry","category-actualite","category-cameroun"],"_links":{"self":[{"href":"https:\/\/linitiative.ca\/International\/wp-json\/wp\/v2\/posts\/118879","targetHints":{"allow":["GET"]}}],"collection":[{"href":"https:\/\/linitiative.ca\/International\/wp-json\/wp\/v2\/posts"}],"about":[{"href":"https:\/\/linitiative.ca\/International\/wp-json\/wp\/v2\/types\/post"}],"author":[{"embeddable":true,"href":"https:\/\/linitiative.ca\/International\/wp-json\/wp\/v2\/users\/1965"}],"replies":[{"embeddable":true,"href":"https:\/\/linitiative.ca\/International\/wp-json\/wp\/v2\/comments?post=118879"}],"version-history":[{"count":0,"href":"https:\/\/linitiative.ca\/International\/wp-json\/wp\/v2\/posts\/118879\/revisions"}],"wp:attachment":[{"href":"https:\/\/linitiative.ca\/International\/wp-json\/wp\/v2\/media?parent=118879"}],"wp:term":[{"taxonomy":"category","embeddable":true,"href":"https:\/\/linitiative.ca\/International\/wp-json\/wp\/v2\/categories?post=118879"},{"taxonomy":"post_tag","embeddable":true,"href":"https:\/\/linitiative.ca\/International\/wp-json\/wp\/v2\/tags?post=118879"}],"curies":[{"name":"wp","href":"https:\/\/api.w.org\/{rel}","templated":true}]}}