{"id":118881,"date":"2021-06-18T13:18:04","date_gmt":"2021-06-18T17:18:04","guid":{"rendered":"https:\/\/linitiative.ca\/International\/structures-islamiques-deducation-en-cote-divoire-27-milliards-fcfa-a-mobiliser\/"},"modified":"2021-06-18T13:18:04","modified_gmt":"2021-06-18T17:18:04","slug":"structures-islamiques-deducation-en-cote-divoire-27-milliards-fcfa-a-mobiliser","status":"publish","type":"post","link":"https:\/\/linitiative.ca\/International\/structures-islamiques-deducation-en-cote-divoire-27-milliards-fcfa-a-mobiliser\/","title":{"rendered":"Structures islamiques d\u2019\u00e9ducation en C\u00f4te d\u2019Ivoire: 27 milliards FCFA \u00e0 mobiliser"},"content":{"rendered":"<div>\n<p><img loading=\"lazy\" decoding=\"async\" width=\"1080\" height=\"720\" src=\"https:\/\/linitiative.ca\/International\/wp-content\/uploads\/sites\/23\/2021\/06\/16240366848352.jpg\" class=\"attachment-post-thumbnail size-post-thumbnail wp-post-image\" alt=\"\" srcset=\"https:\/\/linitiative.ca\/International\/wp-content\/uploads\/sites\/23\/2021\/06\/16240366848352.jpg 1080w, https:\/\/www.journalducameroun.com\/wp-content\/uploads\/2021\/06\/16240366848352-300x200.jpg 300w, https:\/\/www.journalducameroun.com\/wp-content\/uploads\/2021\/06\/16240366848352-768x512.jpg 768w, https:\/\/www.journalducameroun.com\/wp-content\/uploads\/2021\/06\/16240366848352-1024x683.jpg 1024w, https:\/\/www.journalducameroun.com\/wp-content\/uploads\/2021\/06\/16240366848352-660x440.jpg 660w, https:\/\/www.journalducameroun.com\/wp-content\/uploads\/2021\/06\/16240366848352-600x400.jpg 600w\" sizes=\"auto, (max-width: 1080px) 100vw, 1080px\"><\/p>\n<p>Une table ronde a \u00e9t\u00e9 organis\u00e9e, vendredi \u00e0 Abidjan, en vue de mobiliser plus de 27 milliards FCFA pour la mise en \u0153uvre de la Strat\u00e9gie nationale d&rsquo;int\u00e9gration des enfants des structures islamiques d&rsquo;\u00e9ducation dans le syst\u00e8me \u00e9ducatif formel en C\u00f4te d&rsquo;Ivoire.<\/p>\n<p>Organis\u00e9e par le minist\u00e8re de l&rsquo;Education nationale et de l&rsquo;alphab\u00e9tisation, en partenariat avec l&rsquo;UNICEF et l&rsquo;Union europ\u00e9enne, cette table ronde vise \u00e0 mobiliser plus de 27 milliards de FCFA (55 millions de dollars) pour appuyer le gouvernement ivoirien dans la mise en oeuvre de cette strat\u00e9gie nationale.<\/p>\n<p>La Strat\u00e9gie nationale d&rsquo;int\u00e9gration des enfants des structures islamiques dans le syst\u00e8me \u00e9ducatif formel est une r\u00e9ponse de l&rsquo;Etat de C\u00f4te d&rsquo;Ivoire \u00e0 la probl\u00e9matique de 1,6 million d&rsquo;enfants et d&rsquo;adolescents hors du syst\u00e8me scolaire.<\/p>\n<p>Cette r\u00e9ponse cible d&rsquo;ici 2025, 330 000 enfants issus d&rsquo;environ 3000 structures islamiques d&rsquo;\u00e9ducation non reconnues par l&rsquo;Etat, rapporte l&rsquo;UNICEF selon qui la C\u00f4te d&rsquo;Ivoire s&rsquo;est fix\u00e9e l&rsquo;objectif de compter parmi les pays ayant atteint l&rsquo;\u00e9mergence \u00e0 l&rsquo;horizon 2025 dans le cadre de son Plan national de d\u00e9veloppement 2021-2025.<\/p>\n<p>\u00ab Parmi les instruments d&rsquo;op\u00e9rationnalisation de cette politique \u00e9ducative figure la Strat\u00e9gie nationale d&rsquo;int\u00e9gration des enfants des structures islamiques d&rsquo;\u00e9ducation dans le syst\u00e8me \u00e9ducatif formel initi\u00e9e par le Gouvernement ivoirien et adopt\u00e9e en 2019. \u00bb, a rappel\u00e9 Prof Mariatou Kon\u00e9, ministre de l&rsquo;Education nationale et de l&rsquo;alphab\u00e9tisation.<\/p>\n<p>L&rsquo;int\u00e9gration de ces enfants dans le syst\u00e8me formel contribuera fortement \u00e0 l&rsquo;atteinte de l&rsquo;objectif de scolarisation universel de la C\u00f4te Ivoire qui vise la scolarisation de tous les enfants de 6 \u00e0 16 ans, \u00e0 l&rsquo;horizon 2025.<\/p>\n<p>\u00a0\u00ab Nous devons nous assurer que tous les enfants, quelques soient leurs conditions, acc\u00e8dent \u00e0 une \u00e9ducation de qualit\u00e9, sur un pied d&rsquo;\u00e9galit\u00e9 afin qu&rsquo;ils puissent d\u00e9velopper leur plein potentiel.\u00bb, a d\u00e9clar\u00e9 Marc Vincent, Repr\u00e9sentant de l&rsquo;UNICEF en C\u00f4te d&rsquo;Ivoire.<\/p>\n<p>\u00ab C&rsquo;est un droit que nous voulons rendre possible pour tous les enfants de C\u00f4te d&rsquo;Ivoire, y compris ceux qui sont dans les structures islamiques d&rsquo;\u00e9ducation non formelle afin qu&rsquo;ils deviennent des acteurs, comme les autres, du d\u00e9veloppement de leur pays \u00bb, a-t-il ajout\u00e9.<\/p>\n<p>L&rsquo;UNICEF et l&rsquo;UE se sont engag\u00e9s r\u00e9solument en faveur de ce processus, mobilisant des fonds (respectivement 1,2 million de dollars et 3, 2 millions d&rsquo;euros, soit plus de 2,6 milliards de FCFA au total) pour accompagner le gouvernement ivoirien dans la phase de d\u00e9marrage de cette strat\u00e9gie nationale.<\/p>\n<p>\u00ab Il est essentiel que chaque enfant ait droit \u00e0 une \u00e9ducation de qualit\u00e9 pour lui assurer un meilleur avenir. En soutenant la mise en \u0153uvre de la strat\u00e9gie nationale d&rsquo;int\u00e9gration des enfants des structures islamiques d&rsquo;\u00e9ducation, l&rsquo;Union europ\u00e9enne entend contribuer au renforcement de la coh\u00e9sion nationale et \u00e0 la r\u00e9duction des in\u00e9galit\u00e9s, en ne laissant personne derri\u00e8re.\u00bb, a rench\u00e9ri l&rsquo;Ambassadeur de l&rsquo;UE en C\u00f4te d&rsquo;Ivoire, Jobst von Kirchmann.<\/p>\n<p>La strat\u00e9gie soumise dans le Programme d&rsquo;investissement public (PIP) du Gouvernement sera mise en \u0153uvre jusqu&rsquo;en 2025 pour un co\u00fbt estim\u00e9 \u00e0 environ 31 545 000 000 FCFA dont 16,2 milliards FCFA sur ressources propres de la C\u00f4te d&rsquo;Ivoire.<\/p>\n<p>Cet article <a rel=\"nofollow\" href=\"https:\/\/www.journalducameroun.com\/structures-islamiques-deducation-en-cote-divoire-27-milliards-fcfa-a-mobiliser\/\">Structures islamiques d\u2019\u00e9ducation en C\u00f4te d\u2019Ivoire: 27 milliards FCFA \u00e0 mobiliser<\/a> est apparu en premier sur <a rel=\"nofollow\" href=\"https:\/\/www.journalducameroun.com\/\">Journal du Cameroun<\/a>.<\/p>\n<\/div>\n<p>Auteur: APA News<br \/>\n<a href=\"https:\/\/www.journalducameroun.com\/structures-islamiques-deducation-en-cote-divoire-27-milliards-fcfa-a-mobiliser\/\">Cliquez ici pour lire l&rsquo;article depuis sa source.<\/a><\/p>\n","protected":false},"excerpt":{"rendered":"<p>Une table ronde a \u00e9t\u00e9 organis\u00e9e, vendredi \u00e0 Abidjan, en vue de mobiliser plus de 27 milliards FCFA pour la mise en \u0153uvre de la Strat\u00e9gie nationale d&rsquo;int\u00e9gration des enfants des structures islamiques d&rsquo;\u00e9ducation dans le syst\u00e8me \u00e9ducatif formel en C\u00f4te d&rsquo;Ivoire. Organis\u00e9e par le minist\u00e8re de l&rsquo;Education nationale et de l&rsquo;alphab\u00e9tisation, en partenariat avec [&hellip;]<\/p>\n","protected":false},"author":1965,"featured_media":0,"comment_status":"closed","ping_status":"closed","sticky":false,"template":"","format":"standard","meta":{"fifu_image_url":"https:\/\/www.journalducameroun.com\/wp-content\/uploads\/2021\/06\/16240366848352.jpg","fifu_image_alt":"Structures islamiques d\u2019\u00e9ducation en C\u00f4te d\u2019Ivoire: 27 milliards FCFA \u00e0 mobiliser","footnotes":""},"categories":[73,82],"tags":[],"class_list":["post-118881","post","type-post","status-publish","format-standard","hentry","category-actualite","category-cameroun"],"_links":{"self":[{"href":"https:\/\/linitiative.ca\/International\/wp-json\/wp\/v2\/posts\/118881","targetHints":{"allow":["GET"]}}],"collection":[{"href":"https:\/\/linitiative.ca\/International\/wp-json\/wp\/v2\/posts"}],"about":[{"href":"https:\/\/linitiative.ca\/International\/wp-json\/wp\/v2\/types\/post"}],"author":[{"embeddable":true,"href":"https:\/\/linitiative.ca\/International\/wp-json\/wp\/v2\/users\/1965"}],"replies":[{"embeddable":true,"href":"https:\/\/linitiative.ca\/International\/wp-json\/wp\/v2\/comments?post=118881"}],"version-history":[{"count":0,"href":"https:\/\/linitiative.ca\/International\/wp-json\/wp\/v2\/posts\/118881\/revisions"}],"wp:attachment":[{"href":"https:\/\/linitiative.ca\/International\/wp-json\/wp\/v2\/media?parent=118881"}],"wp:term":[{"taxonomy":"category","embeddable":true,"href":"https:\/\/linitiative.ca\/International\/wp-json\/wp\/v2\/categories?post=118881"},{"taxonomy":"post_tag","embeddable":true,"href":"https:\/\/linitiative.ca\/International\/wp-json\/wp\/v2\/tags?post=118881"}],"curies":[{"name":"wp","href":"https:\/\/api.w.org\/{rel}","templated":true}]}}