{"id":118883,"date":"2021-06-18T14:18:02","date_gmt":"2021-06-18T18:18:02","guid":{"rendered":"https:\/\/linitiative.ca\/International\/vivrier-la-bm-et-la-cote-divoire-signent-un-accord-de-125-milliards-fcfa\/"},"modified":"2021-06-18T14:18:02","modified_gmt":"2021-06-18T18:18:02","slug":"vivrier-la-bm-et-la-cote-divoire-signent-un-accord-de-125-milliards-fcfa","status":"publish","type":"post","link":"https:\/\/linitiative.ca\/International\/vivrier-la-bm-et-la-cote-divoire-signent-un-accord-de-125-milliards-fcfa\/","title":{"rendered":"Vivrier: la BM et la C\u00f4te d\u2019Ivoire signent un accord de 125 milliards FCFA"},"content":{"rendered":"<div>\n<p><img loading=\"lazy\" decoding=\"async\" width=\"728\" height=\"460\" src=\"https:\/\/linitiative.ca\/International\/wp-content\/uploads\/sites\/23\/2021\/06\/16240402828405.jpg\" class=\"attachment-post-thumbnail size-post-thumbnail wp-post-image\" alt=\"\" srcset=\"https:\/\/linitiative.ca\/International\/wp-content\/uploads\/sites\/23\/2021\/06\/16240402828405.jpg 728w, https:\/\/www.journalducameroun.com\/wp-content\/uploads\/2021\/06\/16240402828405-300x190.jpg 300w, https:\/\/www.journalducameroun.com\/wp-content\/uploads\/2021\/06\/16240402828405-696x440.jpg 696w, https:\/\/www.journalducameroun.com\/wp-content\/uploads\/2021\/06\/16240402828405-600x379.jpg 600w\" sizes=\"auto, (max-width: 728px) 100vw, 728px\"><\/p>\n<p>La Banque mondiale et le gouvernement ivoirien ont sign\u00e9, vendredi, un accord de financement pour soutenir un projet de d\u00e9veloppement du secteur vivrier et la cr\u00e9ation de milliers d&#8217;emplois en milieu rural en C\u00f4te d&rsquo;Ivoire.<\/p>\n<p>D&rsquo;un montant total de 250 millions de dollars des Fonds IDA (Association internationale de d\u00e9veloppement), soit 125 milliards FCFA, le Projet de d\u00e9veloppement des cha\u00eenes de valeur vivri\u00e8res (PDC2V) vise d&rsquo;une part, \u00e0 lever les contraintes majeures \u00e0 la croissance du secteur agro-alimentaire et d&rsquo;autre part, \u00e0 stimuler le d\u00e9veloppement de cha\u00eenes de valeurs vivri\u00e8res plus inclusives, r\u00e9silientes et comp\u00e9titives, explique la Banque mondiale dans un communiqu\u00e9 transmis \u00e0 APA.<\/p>\n<p>Le PDC2V offrira de r\u00e9elles opportunit\u00e9s de partenariats priv\u00e9s entre les acteurs des cha\u00eenes de valeur cibl\u00e9es, notamment le manioc, l&rsquo;horticulture, l&rsquo;aquaculture, etc. et renforcera ainsi les investissements pour am\u00e9liorer et moderniser les segments les plus faibles du secteur.<\/p>\n<p>Pour cela, il devrait contribuer \u00e0 l&rsquo;am\u00e9lioration de l&rsquo;environnement des affaires du secteur agroalimentaire et \u00e0 une meilleure coordination des cha\u00eenes de valeur vivri\u00e8res par la structuration de leurs acteurs, tout en facilitant leur acc\u00e8s aux technologies modernes adapt\u00e9es aux besoins des agriculteurs et des entrepreneurs agricoles, aux march\u00e9s, et leur r\u00e9silience au changement climatique.<\/p>\n<p>\u00ab Selon des pr\u00e9visions scientifiques, avec l&rsquo;urbanisation croissante en Afrique, un agriculteur devra nourrir au moins deux consommateurs non agricoles d&rsquo;ici 2030 et probablement plus de quatre en 2050. Parall\u00e8lement, les contraintes fonci\u00e8res et les probl\u00e8mes climatiques vont augmenter. \u00bb, a d\u00e9clar\u00e9 Coralie Gevers, Directrice des Op\u00e9rations de la Banque mondiale pour la C\u00f4te d&rsquo;Ivoire, le Benin, la Guin\u00e9e et le Togo.<\/p>\n<p>\u00ab Avec ce financement, la Banque mondiale vient soutenir les efforts envisag\u00e9s par les autorit\u00e9s ivoiriennes en vue de relever ces d\u00e9fis importants, \u00e0 travers notamment l&rsquo;augmentation des investissements dans la recherche agricole, la commercialisation et la transformation agro-industrielle pour stimuler le d\u00e9veloppement d&rsquo;un secteur agroalimentaire comp\u00e9titif et inclusif \u00bb, a-t-elle ajout\u00e9.<\/p>\n<p>Aux c\u00f4t\u00e9s de la Banque mondiale, la Soci\u00e9t\u00e9 financi\u00e8re internationale (IFC) jouera un r\u00f4le cl\u00e9 dans l&rsquo;engagement du secteur priv\u00e9 \u00e0 travers l&rsquo;am\u00e9lioration du climat des affaires et la promotion de l&rsquo;investissement priv\u00e9 dans le secteur agro-alimentaire en C\u00f4te d&rsquo;Ivoire.<\/p>\n<p>Et permettre ainsi au PDC2V d&rsquo;appuyer environ 600 000 petits exploitants agricoles, dont la moiti\u00e9 seront des femmes, 150 PME et au moins 400 microentreprises impliqu\u00e9es dans la production, la commercialisation et la transformation de produits agro-alimentaires.<\/p>\n<p>Enfin, le projet favorisera l&rsquo;acc\u00e8s au financement des PME et petits exploitants agricoles \u00e0 travers la mise en place d&rsquo;un instrument de fonds \u00e0 co\u00fbts partag\u00e9s et la cr\u00e9ation d&rsquo;un guichet agricole aupr\u00e8s du Fonds de Garantie des PME (FGPME), d\u00e9di\u00e9 aux op\u00e9rateurs d\u00e9sireux d&rsquo;investir dans le secteur agro-alimentaire.<\/p>\n<p>\u00a0Il soutiendra la formation sp\u00e9cifique des femmes leaders d&rsquo;organisations de producteurs pour favoriser leur inclusion dans la prise de d\u00e9cision, l&rsquo;acc\u00e8s au financement ainsi que leur autonomisation \u00e9conomique et sociale.<\/p>\n<p>Cet article <a rel=\"nofollow\" href=\"https:\/\/www.journalducameroun.com\/vivrier-la-bm-et-la-cote-divoire-signent-un-accord-de-125-milliards-fcfa\/\">Vivrier: la BM et la C\u00f4te d\u2019Ivoire signent un accord de 125 milliards FCFA<\/a> est apparu en premier sur <a rel=\"nofollow\" href=\"https:\/\/www.journalducameroun.com\/\">Journal du Cameroun<\/a>.<\/p>\n<\/div>\n<p>Auteur: APA News<br \/>\n<a href=\"https:\/\/www.journalducameroun.com\/vivrier-la-bm-et-la-cote-divoire-signent-un-accord-de-125-milliards-fcfa\/\">Cliquez ici pour lire l&rsquo;article depuis sa source.<\/a><\/p>\n","protected":false},"excerpt":{"rendered":"<p>La Banque mondiale et le gouvernement ivoirien ont sign\u00e9, vendredi, un accord de financement pour soutenir un projet de d\u00e9veloppement du secteur vivrier et la cr\u00e9ation de milliers d&#8217;emplois en milieu rural en C\u00f4te d&rsquo;Ivoire. D&rsquo;un montant total de 250 millions de dollars des Fonds IDA (Association internationale de d\u00e9veloppement), soit 125 milliards FCFA, le [&hellip;]<\/p>\n","protected":false},"author":1965,"featured_media":0,"comment_status":"closed","ping_status":"closed","sticky":false,"template":"","format":"standard","meta":{"fifu_image_url":"https:\/\/www.journalducameroun.com\/wp-content\/uploads\/2021\/06\/16240402828405.jpg","fifu_image_alt":"Vivrier: la BM et la C\u00f4te d\u2019Ivoire signent un accord de 125 milliards FCFA","footnotes":""},"categories":[73,82],"tags":[],"class_list":["post-118883","post","type-post","status-publish","format-standard","hentry","category-actualite","category-cameroun"],"_links":{"self":[{"href":"https:\/\/linitiative.ca\/International\/wp-json\/wp\/v2\/posts\/118883","targetHints":{"allow":["GET"]}}],"collection":[{"href":"https:\/\/linitiative.ca\/International\/wp-json\/wp\/v2\/posts"}],"about":[{"href":"https:\/\/linitiative.ca\/International\/wp-json\/wp\/v2\/types\/post"}],"author":[{"embeddable":true,"href":"https:\/\/linitiative.ca\/International\/wp-json\/wp\/v2\/users\/1965"}],"replies":[{"embeddable":true,"href":"https:\/\/linitiative.ca\/International\/wp-json\/wp\/v2\/comments?post=118883"}],"version-history":[{"count":0,"href":"https:\/\/linitiative.ca\/International\/wp-json\/wp\/v2\/posts\/118883\/revisions"}],"wp:attachment":[{"href":"https:\/\/linitiative.ca\/International\/wp-json\/wp\/v2\/media?parent=118883"}],"wp:term":[{"taxonomy":"category","embeddable":true,"href":"https:\/\/linitiative.ca\/International\/wp-json\/wp\/v2\/categories?post=118883"},{"taxonomy":"post_tag","embeddable":true,"href":"https:\/\/linitiative.ca\/International\/wp-json\/wp\/v2\/tags?post=118883"}],"curies":[{"name":"wp","href":"https:\/\/api.w.org\/{rel}","templated":true}]}}