{"id":118901,"date":"2021-06-18T19:08:23","date_gmt":"2021-06-18T23:08:23","guid":{"rendered":"https:\/\/linitiative.ca\/International\/reunion-du-cpt-pour-la-fixation-des-attributions-de-ses-membres\/"},"modified":"2021-06-18T19:08:23","modified_gmt":"2021-06-18T23:08:23","slug":"reunion-du-cpt-pour-la-fixation-des-attributions-de-ses-membres","status":"publish","type":"post","link":"https:\/\/linitiative.ca\/International\/reunion-du-cpt-pour-la-fixation-des-attributions-de-ses-membres\/","title":{"rendered":"R\u00e9union du CPT pour la fixation des attributions de ses membres"},"content":{"rendered":"<div>\n<div style=\"margin-bottom:20px;\"><img loading=\"lazy\" decoding=\"async\" width=\"750\" height=\"430\" src=\"https:\/\/linitiative.ca\/International\/wp-content\/uploads\/sites\/23\/2021\/06\/ourika-copier.jpg\" class=\"attachment-post-thumbnail size-post-thumbnail wp-post-image\" alt=\"\" srcset=\"https:\/\/linitiative.ca\/International\/wp-content\/uploads\/sites\/23\/2021\/06\/ourika-copier.jpg 750w, http:\/\/www.mapmarrakech.ma\/map\/uploads\/2021\/06\/ourika-copier-300x172.jpg 300w\" sizes=\"auto, (max-width: 750px) 100vw, 750px\"><\/div>\n<p>Au cours de cette r\u00e9union \u00e0 laquelle ont particip\u00e9 des professionnels et op\u00e9rateurs touristiques, il a \u00e9t\u00e9 proc\u00e9d\u00e9 \u00e0 l\u2019\u00e9lection des vice-pr\u00e9sidents, du Secr\u00e9taire G\u00e9n\u00e9ral, de son adjoint, du Tr\u00e9sorier, de son adjoint ainsi que des conseillers de cette instance professionnelle.<\/p>\n<p>Le bureau Ex\u00e9cutif compte 15 membres dont, trois femme repr\u00e9sentant l\u2019ensemble des Cercles relevant de la province \u00e0 savoir : \u00ab\u00a0Tahanout\u00a0\u00bb, \u00ab\u00a0Amzmiz\u00a0\u00bb, \u00ab\u00a0Ait Ourir\u00a0\u00bb, \u00ab\u00a0Ourika\u00a0\u00bb et \u00ab\u00a0Asni\u00a0\u00bb.<\/p>\n<p>Cette r\u00e9union intervient apr\u00e8s l\u2019\u00e9lection de M. Marouane Chouyoukh \u00e0 la t\u00eate d\u2019un nouveau bureau du CPT Al Haouz compos\u00e9 de jeunes d\u00e9termin\u00e9s \u00e0 insuffler une nouvelle dynamique au CPT et \u00e0 am\u00e9liorer et renforcer l\u2019attrait touristique de la province.<\/p>\n<p>Lors de cette rencontre, qui s\u2019est d\u00e9roul\u00e9e dans le respect scrupuleux des mesures pr\u00e9ventives visant \u00e0 endiguer la propagation de la pand\u00e9mie de la Covid-19, les membres du CPT Al-Haouz ont convenu d\u2019\u0153uvrer ensemble pour faire de la province d\u2019Al Haouz, une destination \u00e9co-touristique par excellence, et de contribuer \u00e0 la r\u00e9alisation du d\u00e9veloppement durable escompt\u00e9 aux niveaux local et provincial.<\/p>\n<p>The post <a rel=\"nofollow\" href=\"http:\/\/www.mapmarrakech.ma\/fr\/reunion-du-cpt-pour-la-fixation-des-attributions-de-ses-membres\/\">R\u00e9union du CPT pour la fixation des attributions de ses membres<\/a> appeared first on <a rel=\"nofollow\" href=\"http:\/\/www.mapmarrakech.ma\/fr\">MapMarrakech<\/a>.<\/p>\n<\/div>\n<p>Auteur: Meriem IGASS<br \/>\n<a href=\"http:\/\/www.mapmarrakech.ma\/fr\/reunion-du-cpt-pour-la-fixation-des-attributions-de-ses-membres\/\">Cliquez ici pour lire l&rsquo;article depuis sa source.<\/a><\/p>\n","protected":false},"excerpt":{"rendered":"<p>Au cours de cette r\u00e9union \u00e0 laquelle ont particip\u00e9 des professionnels et op\u00e9rateurs touristiques, il a \u00e9t\u00e9 proc\u00e9d\u00e9 \u00e0 l\u2019\u00e9lection des vice-pr\u00e9sidents, du Secr\u00e9taire G\u00e9n\u00e9ral, de son adjoint, du Tr\u00e9sorier, de son adjoint ainsi que des conseillers de cette instance professionnelle. Le bureau Ex\u00e9cutif compte 15 membres dont, trois femme repr\u00e9sentant l\u2019ensemble des Cercles relevant [&hellip;]<\/p>\n","protected":false},"author":1788,"featured_media":0,"comment_status":"closed","ping_status":"closed","sticky":false,"template":"","format":"standard","meta":{"fifu_image_url":"http:\/\/www.mapmarrakech.ma\/map\/uploads\/2021\/06\/ourika-copier.jpg","fifu_image_alt":"R\u00e9union du CPT pour la fixation des attributions de ses membres","footnotes":""},"categories":[54,76],"tags":[],"class_list":["post-118901","post","type-post","status-publish","format-standard","hentry","category-maroc","category-regions"],"_links":{"self":[{"href":"https:\/\/linitiative.ca\/International\/wp-json\/wp\/v2\/posts\/118901","targetHints":{"allow":["GET"]}}],"collection":[{"href":"https:\/\/linitiative.ca\/International\/wp-json\/wp\/v2\/posts"}],"about":[{"href":"https:\/\/linitiative.ca\/International\/wp-json\/wp\/v2\/types\/post"}],"author":[{"embeddable":true,"href":"https:\/\/linitiative.ca\/International\/wp-json\/wp\/v2\/users\/1788"}],"replies":[{"embeddable":true,"href":"https:\/\/linitiative.ca\/International\/wp-json\/wp\/v2\/comments?post=118901"}],"version-history":[{"count":0,"href":"https:\/\/linitiative.ca\/International\/wp-json\/wp\/v2\/posts\/118901\/revisions"}],"wp:attachment":[{"href":"https:\/\/linitiative.ca\/International\/wp-json\/wp\/v2\/media?parent=118901"}],"wp:term":[{"taxonomy":"category","embeddable":true,"href":"https:\/\/linitiative.ca\/International\/wp-json\/wp\/v2\/categories?post=118901"},{"taxonomy":"post_tag","embeddable":true,"href":"https:\/\/linitiative.ca\/International\/wp-json\/wp\/v2\/tags?post=118901"}],"curies":[{"name":"wp","href":"https:\/\/api.w.org\/{rel}","templated":true}]}}