{"id":118905,"date":"2021-06-19T13:20:38","date_gmt":"2021-06-19T17:20:38","guid":{"rendered":"https:\/\/linitiative.ca\/International\/loriental-fashion-show-une-vitrine-de-la-haute-couture-traditionnelle\/"},"modified":"2021-06-19T13:20:38","modified_gmt":"2021-06-19T17:20:38","slug":"loriental-fashion-show-une-vitrine-de-la-haute-couture-traditionnelle","status":"publish","type":"post","link":"https:\/\/linitiative.ca\/International\/loriental-fashion-show-une-vitrine-de-la-haute-couture-traditionnelle\/","title":{"rendered":"L\u2019Oriental Fashion Show, une vitrine de la haute couture traditionnelle"},"content":{"rendered":"<div>\n<div style=\"margin-bottom:20px;\"><img loading=\"lazy\" decoding=\"async\" width=\"750\" height=\"430\" src=\"https:\/\/linitiative.ca\/International\/wp-content\/uploads\/sites\/23\/2021\/06\/hind-joudar-copier-1.jpg\" class=\"attachment-post-thumbnail size-post-thumbnail wp-post-image\" alt=\"\" srcset=\"https:\/\/linitiative.ca\/International\/wp-content\/uploads\/sites\/23\/2021\/06\/hind-joudar-copier-1.jpg 750w, http:\/\/www.mapmarrakech.ma\/map\/uploads\/2021\/06\/hind-joudar-copier-1-300x172.jpg 300w\" sizes=\"auto, (max-width: 750px) 100vw, 750px\"><\/div>\n<p>\u00ab\u00a0La vocation de l\u2019Oriental Fashion Show n\u2019est pas seulement de faire rencontrer l\u2019Orient et l\u2019Occident \u00e0 travers la mode, mais aussi \u00e0 travers l\u2019histoire, qui se situe au c\u0153ur m\u00eame de la d\u00e9marche de cet \u00e9v\u00e9nement qui s\u2019est internationalis\u00e9 au fil des ann\u00e9es\u00a0\u00bb, a ajout\u00e9 Mme Joudar qui s\u2019exprimait lors d\u2019une conf\u00e9rence de presse d\u00e9di\u00e9e \u00e0 la 37\u00e8 \u00e9dition de l\u2019OFS, tenue pour la quatri\u00e8me ann\u00e9e dans la Cit\u00e9 ocre.<\/p>\n<p>Rappelant sa qu\u00eate \u00e0 \u00ab\u00a0trouver la passerelle historique et artisanale entre le Maroc et les autres pays o\u00f9 l\u2019Oriental Fashion Show a \u00e9t\u00e9 organis\u00e9\u00a0\u00bb, Mme Joudar, n\u2019a pas manqu\u00e9 d\u2019indiquer que le Caftan, pi\u00e8ce maitresse de cet \u00e9v\u00e9nement et qui jouit de l\u2019amour et de la consid\u00e9ration des stylistes et des designers du monde entier, \u00ab\u00a0a pu acqu\u00e9rir ses lettres de noblesse gr\u00e2ce au travail fabuleux qu\u2019effectuent les artisans en termes de broderie, de finesse, de travail et de choix des tissus\u00a0\u00bb.<\/p>\n<p>Lors de point de presse, il a \u00e9t\u00e9 proc\u00e9d\u00e9 \u00e0 la pr\u00e9sentation des stylistes prenant part \u00e0 cette nouvelle \u00e9dition notamment, l\u2019\u00e9gyptien Hany El Behairy, les marocaines Wafa Idrissi, Fadwa Jamai, Nezha Lattaoui et Salma Lazrak dans la cat\u00e9gorie haute couture, ainsi que les labels Kounouz, Loulou Ben et Merefie Co-founders dans la cat\u00e9gorie pr\u00eat \u00e0 porter.<\/p>\n<p>Cette rencontre avec les m\u00e9dias a servi, de m\u00eame, d\u2019occasion pour rendre un hommage posthume \u00e0 la m\u00e9moire de Feu Mohamed Al Sagheer, surnomm\u00e9 le ma\u00eetre coiffeur du Caire, un membre important du staff organisationnel de cet \u00e9v\u00e9nement mode, emport\u00e9 par la Covid-19.<\/p>\n<p>Dans ce sens, des invit\u00e9s de marque, \u00e0 l\u2019instar des c\u00e9l\u00e8bres actrices, Laila Eloui et Elham Shahin, ont acc\u00e9d\u00e9, \u00e0 tour de r\u00f4le, \u00e0 la tribune, le temps de livrer leurs t\u00e9moignages autour de la grandeur de cet homme extraordinaire, qui a accompagn\u00e9 l\u2019OFS depuis sa cr\u00e9ation, tout en exprimant \u00e9galement leur joie et fiert\u00e9 d\u2019\u00eatre au Royaume, \u00ab\u00a0un pays de beaut\u00e9 et d\u2019histoire\u00a0\u00bb.<\/p>\n<p>D\u2019autres invit\u00e9s, tels que les acteurs Mansour Badri et Cam\u00e9lia Rak ont soulign\u00e9 l\u2019importance de l\u2019organisation de cet \u00e9v\u00e9nement international, qui met en \u00e9vidence l\u2019art marocain dans ses diff\u00e9rentes facettes notamment, toute la splendeur du caftan marocain.<\/p>\n<p>Pour cette \u00e9dition particuli\u00e8re d\u00e9di\u00e9e au patrimoine touristique et gastronomique marocain, l\u2019Oriental Fashion Show s\u2019est associ\u00e9 \u00e0 la plateforme Luxury Life Morocco, premi\u00e8re plateforme d\u2019influence au Maroc d\u00e9di\u00e9e aux marques de luxe avec qui, il partage les m\u00eames valeurs d\u2019excellence et de perfection.<\/p>\n<p>\u00c9v\u00e9nement phare de l\u2019association \u00ab\u00a0Route de la Soie et d\u2019Al Andalus\u00a0\u00bb, qui a pour but premier de valoriser un art de vivre, un savoir-\u00eatre s\u2019inscrivant dans un patrimoine universel, l\u2019OFS a \u00e9t\u00e9 cr\u00e9\u00e9 par Hind Joudar en 2004, rappelle-t-on.<\/p>\n<p>Bas\u00e9 \u00e0 Paris, cet \u00e9v\u00e9nement sillonne le monde et les hauts lieux de la mode \u00e0 fort potentiel m\u00e9diatique : Paris, Londres, Doha, Kowe\u00eft, Marrakech, Moscou, Istanbul, Almaty (Kazakhstan), Samarcande (Ouzb\u00e9kistan), Istanbul\u2026<\/p>\n<p>Plus qu\u2019un d\u00e9fil\u00e9 de mode, l\u2019OFS est devenu au fil des ans une v\u00e9ritable tribune artistique, un dialogue culturel entre l\u2019Orient et l\u2019Occident.<\/p>\n<p>Depuis 15 ans, l\u2019Oriental Fashion Show organise des d\u00e9fil\u00e9s de grande envergure dans les plus belles capitales du monde. Consid\u00e9r\u00e9 comme un leader dans la mode orientale et incubateur de talents au-del\u00e0 des fronti\u00e8res, l\u2019OFS a pu promouvoir, \u00e0 travers ses nombreuses productions, plus de 100 stylistes de 50 nationalit\u00e9s diff\u00e9rentes, parmi eux de nombreux Marocains qui ont pu se faire un nom sur la sc\u00e8ne de la mode mondiale.<\/p>\n<p>The post <a rel=\"nofollow\" href=\"http:\/\/www.mapmarrakech.ma\/fr\/loriental-fashion-show-une-vitrine-de-la-haute-couture-traditionnelle\/\">L\u2019Oriental Fashion Show, une vitrine de la haute couture traditionnelle<\/a> appeared first on <a rel=\"nofollow\" href=\"http:\/\/www.mapmarrakech.ma\/fr\">MapMarrakech<\/a>.<\/p>\n<\/div>\n<p>Auteur: Meriem IGASS<br \/>\n<a href=\"http:\/\/www.mapmarrakech.ma\/fr\/loriental-fashion-show-une-vitrine-de-la-haute-couture-traditionnelle\/\">Cliquez ici pour lire l&rsquo;article depuis sa source.<\/a><\/p>\n","protected":false},"excerpt":{"rendered":"<p>\u00ab\u00a0La vocation de l\u2019Oriental Fashion Show n\u2019est pas seulement de faire rencontrer l\u2019Orient et l\u2019Occident \u00e0 travers la mode, mais aussi \u00e0 travers l\u2019histoire, qui se situe au c\u0153ur m\u00eame de la d\u00e9marche de cet \u00e9v\u00e9nement qui s\u2019est internationalis\u00e9 au fil des ann\u00e9es\u00a0\u00bb, a ajout\u00e9 Mme Joudar qui s\u2019exprimait lors d\u2019une conf\u00e9rence de presse d\u00e9di\u00e9e [&hellip;]<\/p>\n","protected":false},"author":1788,"featured_media":0,"comment_status":"closed","ping_status":"closed","sticky":false,"template":"","format":"standard","meta":{"fifu_image_url":"http:\/\/www.mapmarrakech.ma\/map\/uploads\/2021\/06\/hind-joudar-copier-1.jpg","fifu_image_alt":"L\u2019Oriental Fashion Show, une vitrine de la haute couture traditionnelle","footnotes":""},"categories":[54,76],"tags":[],"class_list":["post-118905","post","type-post","status-publish","format-standard","hentry","category-maroc","category-regions"],"_links":{"self":[{"href":"https:\/\/linitiative.ca\/International\/wp-json\/wp\/v2\/posts\/118905","targetHints":{"allow":["GET"]}}],"collection":[{"href":"https:\/\/linitiative.ca\/International\/wp-json\/wp\/v2\/posts"}],"about":[{"href":"https:\/\/linitiative.ca\/International\/wp-json\/wp\/v2\/types\/post"}],"author":[{"embeddable":true,"href":"https:\/\/linitiative.ca\/International\/wp-json\/wp\/v2\/users\/1788"}],"replies":[{"embeddable":true,"href":"https:\/\/linitiative.ca\/International\/wp-json\/wp\/v2\/comments?post=118905"}],"version-history":[{"count":0,"href":"https:\/\/linitiative.ca\/International\/wp-json\/wp\/v2\/posts\/118905\/revisions"}],"wp:attachment":[{"href":"https:\/\/linitiative.ca\/International\/wp-json\/wp\/v2\/media?parent=118905"}],"wp:term":[{"taxonomy":"category","embeddable":true,"href":"https:\/\/linitiative.ca\/International\/wp-json\/wp\/v2\/categories?post=118905"},{"taxonomy":"post_tag","embeddable":true,"href":"https:\/\/linitiative.ca\/International\/wp-json\/wp\/v2\/tags?post=118905"}],"curies":[{"name":"wp","href":"https:\/\/api.w.org\/{rel}","templated":true}]}}