{"id":118909,"date":"2021-06-19T08:35:00","date_gmt":"2021-06-19T12:35:00","guid":{"rendered":"https:\/\/linitiative.ca\/International\/six-questions-a-m-said-zarrou-pdg-de-marchica-med\/"},"modified":"2021-06-19T08:35:00","modified_gmt":"2021-06-19T12:35:00","slug":"six-questions-a-m-said-zarrou-pdg-de-marchica-med","status":"publish","type":"post","link":"https:\/\/linitiative.ca\/International\/six-questions-a-m-said-zarrou-pdg-de-marchica-med\/","title":{"rendered":"Six questions \u00e0 M. Sa\u00efd Zarrou, PDG de Marchica Med"},"content":{"rendered":"<div>\n<div style=\"margin-bottom:20px;\"><img loading=\"lazy\" decoding=\"async\" width=\"750\" height=\"430\" src=\"https:\/\/linitiative.ca\/International\/wp-content\/uploads\/sites\/23\/2021\/06\/Le-PrC3A9sident-Directeur-gC3A9nC3A9ral-de-la-SociC3A9tC3A9-Marchica-Med-SaC3AFd-Zarrou-750C397430-MAP-1.jpg\" class=\"attachment-post-thumbnail size-post-thumbnail wp-post-image\" alt=\"\" srcset=\"https:\/\/linitiative.ca\/International\/wp-content\/uploads\/sites\/23\/2021\/06\/Le-PrC3A9sident-Directeur-gC3A9nC3A9ral-de-la-SociC3A9tC3A9-Marchica-Med-SaC3AFd-Zarrou-750C397430-MAP-1.jpg 750w, http:\/\/www.mapoujda.ma\/map\/uploads\/2021\/06\/Le-Pr\u00e9sident-Directeur-g\u00e9n\u00e9ral-de-la-Soci\u00e9t\u00e9-Marchica-Med-Sa\u00efd-Zarrou-750\u00d7430-MAP-1-300x172.jpg 300w\" sizes=\"auto, (max-width: 750px) 100vw, 750px\"><\/div>\n<p style=\"text-align: justify;\">M. Sa\u00efd Zarrou, Pr\u00e9sident Directeur G\u00e9n\u00e9ral de Marchica Med a accord\u00e9 un entretien \u00e0 \u00ab\u00a0M24\u00a0\u00bb, la cha\u00eene d\u2019information en continu de l\u2019Agence Marocaine de Presse (MAP), dans lequel il est revenu sur les projets d\u2019envergure r\u00e9alis\u00e9s par la Soci\u00e9t\u00e9 conform\u00e9ment aux Hautes Instructions de Sa Majest\u00e9 le Roi Mohammed VI.<\/p>\n<p style=\"text-align: justify;\">M. Zarrou a mis l\u2019accent \u00e9galement sur le projet de sauvegarde et de valorisation de la Baie de Cocody \u00e0 Abidjan, dont Marchica Med assure l\u2019assistance \u00e0 la ma\u00eetrise d\u2019ouvrage, ainsi que sur les perspectives de coop\u00e9ration avec d\u2019autres pays africains, notamment Madagascar et le Kenya.<\/p>\n<p style=\"text-align: justify;\">\n<p style=\"text-align: justify;\"><b>1- Marchica Med est d\u00e9sormais une Success story au Maroc qui se d\u00e9ploie en Afrique. Quels sont les \u00e9l\u00e9ments constitutifs de cette belle exp\u00e9rience qui a pris forme sous le leadership de Sa Majest\u00e9 le Roi ?<\/b><\/p>\n<p style=\"text-align: justify;\">Avec la cr\u00e9ation de l\u2019Agence Marchica Med et quatre ans apr\u00e8s l\u2019Agence Bouregreg nous avons acquis une exp\u00e9rience en la mobilit\u00e9 (construction du Tramway), l\u2019environnement, la r\u00e9habilitation des sites historiques et des quartiers non-\u00e9quip\u00e9s, l\u2019infrastructure (construction des ouvrages notamment le pont Hassan II, le tunnel des Oudayas, et toute l\u2019infrastructure qui \u00e9tait construite \u00e0 Marchica.<\/p>\n<p style=\"text-align: justify;\">C\u2019est cette expertise qui nous a ramen\u00e9, gr\u00e2ce aux Hautes Instructions Royales, \u00e0 Abidjan. Nous avons atterri dans la capitale ivoirienne. Nous \u00e9tions quatre personnes qui ont montr\u00e9 \u00e0 l\u2019\u00e9quipe qui nous a re\u00e7u que le Maroc est bien avanc\u00e9 gr\u00e2ce \u00e0 SM le Roi en mati\u00e8re d\u2019expertise sur tous ces volets d\u2019infrastructures. Donc, en presque 40 jours, nous sommes revenus apr\u00e8s la visite de mars 2014 et suite au discours du Souverain, que Dieu L\u2019assiste, le 24 f\u00e9vrier 2014, qui a constitu\u00e9 la feuille de route de Marchica Med sur la base de laquelle nous avons travaill\u00e9 \u00e0 Abidjan.<\/p>\n<p style=\"text-align: justify;\">Ce projet, qui a vu le jour en janvier 2016, est toujours en cours de r\u00e9alisation. Nous n\u2019avons pas seulement l\u2019expertise en mati\u00e8re technique mais aussi l\u2019expertise financi\u00e8re. L\u2019\u00c9tat ivoirien a pu lever, avec l\u2019assistance du Maroc, les fonds n\u00e9cessaires pour la r\u00e9alisation de ce projet, soit 450 millions de dollars, avec la garantie de l\u2019\u00c9tat fournie par la C\u00f4te d\u2019Ivoire.<\/p>\n<p style=\"text-align: justify;\">Il y a l\u2019ouvrage hauban\u00e9 qui est en cours de r\u00e9alisation et le carrefour de l\u2019Ind\u00e9ni\u00e9. Il y a aussi l\u2019ouverture du Grand Bassam du fleuve Como\u00e9 et les plateformes que nous avons pu r\u00e9aliser sur place (notamment la Marina). Il existe une similitude entre ce site et Bouregreg. Nous avons pu gagner 50 hectares sur un mar\u00e9cage. Tout ceci devient une r\u00e9alit\u00e9. Ce qui est important c\u2019est que d\u00e9j\u00e0 avec le gouvernement ivoirien, nous sommes en train de r\u00e9fl\u00e9chir au d\u00e9veloppement.<\/p>\n<p style=\"text-align: justify;\">\n<p style=\"text-align: justify;\"><b>2- Quelle \u00e9valuation faites-vous de l\u2019exp\u00e9rience et du mod\u00e8le incarn\u00e9s par Marchica Med ?<\/b><\/p>\n<p style=\"text-align: justify;\">Ce sont les m\u00e9dias et les experts qui peuvent \u00e9valuer cette exp\u00e9rience. Nous avons \u00e9t\u00e9 appel\u00e9s en 2018 par les Nations Unies pour pr\u00e9senter le mod\u00e8le Marchica. Nous sommes devenus d\u00e9j\u00e0 un mod\u00e8le \u00e9conomique et social il y a trois ans quand nous avons pr\u00e9sent\u00e9 ce mod\u00e8le \u00e0 l\u2019ONU \u00e0 Nairobi o\u00f9 170 pays \u00e9taient \u00e0 l\u2019\u00e9coute du travail que nous avons accompli. Notre slogan \u00ab\u00a0transformer la nuisance en plaisance\u00a0\u00bb a retenu l\u2019attention. Nous avons pu attirer l\u2019attention de ces pays en particulier quant aux avanc\u00e9es r\u00e9alis\u00e9es par le Maroc en mati\u00e8re de d\u00e9veloppement territorial et de d\u00e9pollution.<\/p>\n<p style=\"text-align: justify;\">\n<p style=\"text-align: justify;\"><b>3- Que pouvez-vous nous dire sur le projet de r\u00e9habilitation du Canal des Pangalanes \u00e0 Madagascar ?<\/b><\/p>\n<p style=\"text-align: justify;\">Suite \u00e0 une visite Royale, nous avons pu r\u00e9aliser une avanc\u00e9e importante \u00e0 Madagascar, \u00e0 savoir la signature d\u2019une importante convention sous la pr\u00e9sidence de SM le Roi et de l\u2019ex-pr\u00e9sident malgache relative \u00e0 l\u2019am\u00e9nagement et \u00e0 la revalorisation du canal des Pangalanes, une art\u00e8re \u00e9conomique importante.<\/p>\n<p style=\"text-align: justify;\">Le but \u00e9tait de r\u00e9tablir la navigabilit\u00e9 de cette zone de 700 km et surtout de travailler sur la zone autour de ce canal qui est sur l\u2019oc\u00e9an indien (1200 km et qui compte cinq villes importantes). En quatre mois, nous avons r\u00e9alis\u00e9 des \u00e9tudes sur comment ce canal peut servir la partie Est de Madagascar et comment il va aider au d\u00e9veloppement \u00e9conomique de cette zone. Ces \u00e9tudes ont \u00e9t\u00e9 pr\u00e9sent\u00e9es au nouveau Pr\u00e9sident malgache \u00e0 Paris il y a deux ans. Apr\u00e8s, il y a eu le Covid. Nous attendons l\u2019apr\u00e8s-pand\u00e9mie pour revenir \u00e0 Madagascar et voir comment ils comptent faire avancer ce grand projet.<\/p>\n<p style=\"text-align: justify;\">\n<p style=\"text-align: justify;\"><b> 4- A la faveur de son expertise, Marchica Med est sollicit\u00e9e pour r\u00e9\u00e9diter le m\u00eame succ\u00e8s r\u00e9alis\u00e9 \u00e0 Abidjan dans d\u2019autres pays comme le Kenya. Quelles sont les perspectives de coop\u00e9ration avec ce pays ?<\/b><\/p>\n<p style=\"text-align: justify;\">Suite \u00e0 son intervention \u00e0 l\u2019ONU, Marchica Med a \u00e9t\u00e9 sollicit\u00e9e par plusieurs autres pays. Depuis presque deux ans, le Kenya nous a demand\u00e9 d\u2019aller visiter Lamu, Mombasa et la c\u00f4te Est k\u00e9nyane. Nous ne sommes pas all\u00e9s les voir tant que nous n\u2019avons pas encore cr\u00e9\u00e9 Marchica Med Africa. Nous avons eu la visite de la Directrice ex\u00e9cutive d\u2019ONU-Habitat \u00e0 qui nous avons expliqu\u00e9 le mod\u00e8le de d\u00e9veloppement Bouregreg et celui de Marchica. Cette derni\u00e8re a retenu l\u2019attention de la responsable onusienne qui a souhait\u00e9 signer une convention de partenariat entre Onu-Habitat et Marchica Med. Nous avons r\u00e9pondu favorablement \u00e0 une invitation pour visiter le Kenya. Nous sommes all\u00e9s rencontrer les responsables qui g\u00e8rent la partie environnementale et administration territoriale. Et vu que ONU-Habitat se trouve \u00e0 Nairobi, le premier projet auquel ils ont pens\u00e9 \u00e9tait la c\u00f4te Est k\u00e9nyane. Cette rencontre a \u00e9t\u00e9 tr\u00e8s fructueuse, notamment gr\u00e2ce au r\u00f4le cl\u00e9 jou\u00e9 par l\u2019ambassadeur du Maroc \u00e0 Nairobi et repr\u00e9sentant permanent du Royaume aupr\u00e8s d\u2019Onu-Habitat et ONU-Environnement, M. El Mokhtar Ghambou. Nous sommes sortis avec des r\u00e9solutions notamment pour cr\u00e9er un comit\u00e9 de r\u00e9flexion qui d\u00e9marrera par une visioconf\u00e9rence incessamment avec les \u00e9quipes de l\u2019ONU.<\/p>\n<p style=\"text-align: justify;\">Il s\u2019agit d\u2019un comit\u00e9 de pilotage tripartite (ONU-Marchica Med-Kenya), qui devra commencer \u00e0 travailler dans les prochains jours pour arriver \u00e0 signer dans les six mois qui viennent un MoU \u00e9tablissant une feuille de route pour le travail qui sera r\u00e9alis\u00e9 sur les c\u00f4tes k\u00e9nyanes.<\/p>\n<p style=\"text-align: justify;\">Marchica Med est une soci\u00e9t\u00e9 d\u2019\u00c9tat et ma\u00eetre d\u2019ouvrage \u00e0 Nador. Nous sommes assistants \u00e0 la ma\u00eetrise d\u2019ouvrage dans des pays africains. On peut aussi devenir ma\u00eetres d\u2019ouvrage mais pas pour le moment. Nous n\u2019avons pas l\u2019intention aujourd\u2019hui de devenir ma\u00eetres d\u2019ouvrage dans les projets qui sont au niveau des autres pays fr\u00e8res africains.<\/p>\n<p style=\"text-align: justify;\">\n<p style=\"text-align: justify;\"><b>5-Quelle est l\u2019importance de ce genre de partenariats dans le cadre de la Coop\u00e9ration sud-Sud ?<\/b><\/p>\n<p style=\"text-align: justify;\">L\u2019Afrique s\u2019impose d\u00e9sormais comme l\u2019Eldorado pour les investisseurs \u00e9trangers. L\u2019int\u00e9r\u00eat pour l\u2019Afrique ne s\u2019est jamais affaibli m\u00eame au milieu de la crise sanitaire li\u00e9e \u00e0 la pand\u00e9mie du Covid-19. Il importe, dans ce contexte, de souligner la clairvoyance de SM le Roi Mohammed VI et la Vision Royale pour le continent. C\u2019est cette vision qui guide le travail de nos \u00e9quipes. Cette clairvoyance et cette vision constituent une source de motivation qui devra conduire \u00e0 de grands partenariats avec les pays du continent.<\/p>\n<p style=\"text-align: justify;\">\n<p style=\"text-align: justify;\"><b>6- Vous avez parl\u00e9 tout \u00e0 l\u2019heure de Marchica Med Africa. Pouvez-vous nous donner plus d\u2019informations sur cette filiale ?<\/b><\/p>\n<p style=\"text-align: justify;\">\u00a0L\u2019Assembl\u00e9e g\u00e9n\u00e9rale constitutive de la filiale Marchica Med Africa a eu lieu le 27 mai 2021 \u00e0 Nador. Elle sera log\u00e9e \u00e0 CFC \u00e0 Casablanca. L\u2019importance de ce choix est de rester dans le milieu \u00e9conomique qui travaille en Afrique et faciliter la possibilit\u00e9 d\u2019\u00eatre pr\u00e9sent dans tous les pays. On pourra avoir des bureaux de repr\u00e9sentation de Marchica Med Africa \u00e0 Abidjan, un objectif sur lequel on est en train de travailler, ou bien \u00e0 Madagascar, Nairobi ou Mombasa.<\/p>\n<p style=\"text-align: justify;\">Sur le plan juridique, on est en train de la (la filiale) sortir officiellement. Elle sortira dans les jours qui viennent.<\/p>\n<p style=\"text-align: justify;\">Les axes principaux d\u2019intervention de cette filiale sont la mobilit\u00e9, l\u2019environnement, les infrastructures et les volets social et financier. Il s\u2019agit des axes les plus importants pour monter les grands projets. La force de Marchica Med est dans les grands projets qui ressemblent \u00e0 nos projets au Maroc.<\/p>\n<p style=\"text-align: justify;\">Quant au choix des membres du Conseil d\u2019administration, il est important.<\/p>\n<p style=\"text-align: justify;\">Le conseil compte parmi ses membres le minist\u00e8re des Affaires \u00e9trang\u00e8res, de la Coop\u00e9ration africaine et des Marocains r\u00e9sidant \u00e0 l\u2019\u00e9tranger, le minist\u00e8re des Finances, l\u2019Agence Marchica Med et l\u2019Agence de l\u2019Oriental. Bient\u00f4t, d\u2019autres membres qui n\u2019ont pas pu assister \u00e0 la premi\u00e8re r\u00e9union assisteront au prochain conseil.<\/p>\n<p>L\u2019article <a rel=\"nofollow\" href=\"http:\/\/www.mapoujda.ma\/fr\/six-questions-a-m-said-zarrou-pdg-de-marchica-med\/\">Six questions \u00e0 M. Sa\u00efd Zarrou, PDG de Marchica Med<\/a> est apparu en premier sur <a rel=\"nofollow\" href=\"http:\/\/www.mapoujda.ma\/fr\">MapOujda<\/a>.<\/p>\n<\/div>\n<p>Auteur: Soufiane ELAHMAR<br \/>\n<a href=\"http:\/\/www.mapoujda.ma\/fr\/six-questions-a-m-said-zarrou-pdg-de-marchica-med\/\">Cliquez ici pour lire l&rsquo;article depuis sa source.<\/a><\/p>\n","protected":false},"excerpt":{"rendered":"<p>M. Sa\u00efd Zarrou, Pr\u00e9sident Directeur G\u00e9n\u00e9ral de Marchica Med a accord\u00e9 un entretien \u00e0 \u00ab\u00a0M24\u00a0\u00bb, la cha\u00eene d\u2019information en continu de l\u2019Agence Marocaine de Presse (MAP), dans lequel il est revenu sur les projets d\u2019envergure r\u00e9alis\u00e9s par la Soci\u00e9t\u00e9 conform\u00e9ment aux Hautes Instructions de Sa Majest\u00e9 le Roi Mohammed VI. M. Zarrou a mis l\u2019accent [&hellip;]<\/p>\n","protected":false},"author":1788,"featured_media":0,"comment_status":"closed","ping_status":"closed","sticky":false,"template":"","format":"standard","meta":{"fifu_image_url":"http:\/\/www.mapoujda.ma\/map\/uploads\/2021\/06\/Le-Pr\u00e9sident-Directeur-g\u00e9n\u00e9ral-de-la-Soci\u00e9t\u00e9-Marchica-Med-Sa\u00efd-Zarrou-750\u00d7430-MAP-1.jpg","fifu_image_alt":"Six questions \u00e0 M. Sa\u00efd Zarrou, PDG de Marchica Med","footnotes":""},"categories":[54,76],"tags":[],"class_list":["post-118909","post","type-post","status-publish","format-standard","hentry","category-maroc","category-regions"],"_links":{"self":[{"href":"https:\/\/linitiative.ca\/International\/wp-json\/wp\/v2\/posts\/118909","targetHints":{"allow":["GET"]}}],"collection":[{"href":"https:\/\/linitiative.ca\/International\/wp-json\/wp\/v2\/posts"}],"about":[{"href":"https:\/\/linitiative.ca\/International\/wp-json\/wp\/v2\/types\/post"}],"author":[{"embeddable":true,"href":"https:\/\/linitiative.ca\/International\/wp-json\/wp\/v2\/users\/1788"}],"replies":[{"embeddable":true,"href":"https:\/\/linitiative.ca\/International\/wp-json\/wp\/v2\/comments?post=118909"}],"version-history":[{"count":0,"href":"https:\/\/linitiative.ca\/International\/wp-json\/wp\/v2\/posts\/118909\/revisions"}],"wp:attachment":[{"href":"https:\/\/linitiative.ca\/International\/wp-json\/wp\/v2\/media?parent=118909"}],"wp:term":[{"taxonomy":"category","embeddable":true,"href":"https:\/\/linitiative.ca\/International\/wp-json\/wp\/v2\/categories?post=118909"},{"taxonomy":"post_tag","embeddable":true,"href":"https:\/\/linitiative.ca\/International\/wp-json\/wp\/v2\/tags?post=118909"}],"curies":[{"name":"wp","href":"https:\/\/api.w.org\/{rel}","templated":true}]}}