{"id":118911,"date":"2021-06-19T08:40:33","date_gmt":"2021-06-19T12:40:33","guid":{"rendered":"https:\/\/linitiative.ca\/International\/saison-estivale-madaef-mobilise-pour-la-relance-du-secteur-du-tourisme\/"},"modified":"2021-06-19T08:40:33","modified_gmt":"2021-06-19T12:40:33","slug":"saison-estivale-madaef-mobilise-pour-la-relance-du-secteur-du-tourisme","status":"publish","type":"post","link":"https:\/\/linitiative.ca\/International\/saison-estivale-madaef-mobilise-pour-la-relance-du-secteur-du-tourisme\/","title":{"rendered":"Saison estivale: Mada\u00ebf mobilis\u00e9 pour la relance du secteur du tourisme"},"content":{"rendered":"<div>\n<div style=\"margin-bottom:20px;\"><img loading=\"lazy\" decoding=\"async\" width=\"750\" height=\"430\" src=\"https:\/\/linitiative.ca\/International\/wp-content\/uploads\/sites\/23\/2021\/06\/unitC3A9-hC3B4teliC3A8re-C3A0-Saidia-M750C397430-1.jpg\" class=\"attachment-post-thumbnail size-post-thumbnail wp-post-image\" alt=\"\" srcset=\"https:\/\/linitiative.ca\/International\/wp-content\/uploads\/sites\/23\/2021\/06\/unitC3A9-hC3B4teliC3A8re-C3A0-Saidia-M750C397430-1.jpg 750w, http:\/\/www.mapoujda.ma\/map\/uploads\/2019\/06\/unit\u00e9-h\u00f4teli\u00e8re-\u00e0-Saidia-M750\u00d7430-1-300x172.jpg 300w\" sizes=\"auto, (max-width: 750px) 100vw, 750px\"><\/div>\n<p style=\"text-align: justify;\">Le leader de l\u2019investissement touristique Mada\u00ebf s\u2019appr\u00eate \u00e0 ouvrir six nouvelles unit\u00e9s h\u00f4teli\u00e8res d\u2019ici la fin de l\u2019ann\u00e9e 2021, contribuant, ainsi, \u00e0 la relance du secteur du tourisme.<\/p>\n<p style=\"text-align: justify;\">\u00ab\u00a0Les unit\u00e9s en cours d\u2019ouverture vont repr\u00e9senter plus de 3.000 lits suppl\u00e9mentaires dans le portefeuille Mada\u00ebf\u00a0\u00bb, indique un communiqu\u00e9 de l\u2019op\u00e9rateur touristique, notant qu\u2019en plus du renforcement de la capacit\u00e9 d\u2019accueil touristique au niveau national et sa mont\u00e9e en gamme, Mada\u00ebf ambitionne de professionnaliser et structurer davantage ces \u00e9cosyst\u00e8mes avec la cr\u00e9ation de 3.000 nouveaux emplois directs et indirects.<\/p>\n<p style=\"text-align: justify;\">Il s\u2019agit en fait d\u2019accompagner la mont\u00e9e en gamme de l\u2019offre touristique et contribuer au d\u00e9veloppement des territoires, souligne l\u2019op\u00e9rateur, notant qu\u2019il maintient le cap de ses ambitions et annonce un vaste programme de relance de ses activit\u00e9s pour contribuer \u00e0 la reprise du secteur touristique, malgr\u00e9 une conjoncture sectorielle difficile.<\/p>\n<p style=\"text-align: justify;\">Ces ouvertures sont r\u00e9parties sur l\u2019ensemble du territoire et concernent de grandes signatures h\u00f4teli\u00e8res, \u00e0 savoir Hyatt Regency Taghazout, un Village de Vacances Touristiques et une R\u00e9sidence Touristique \u00e0 Al Hoceima, qui seront inaugur\u00e9s sous une enseigne internationale de renom, Marriott Rabat, ou encore Kasbah Ait Abbou et Kasbah Dar Al Hiba, des concepts d\u2019h\u00e9bergement authentique de luxe d\u00e9velopp\u00e9s avec d\u2019autres partenaires et brand\u00e9s Six Senses.<\/p>\n<p style=\"text-align: justify;\">L\u2019enveloppe consentie par Mada\u00ebf pour ces ouvertures est \u00e0 la hauteur de ses ambitions. Elle s\u2019\u00e9l\u00e8ve \u00e0 2,5 milliards de dirhams dont la moiti\u00e9 porte sur la destination Al Hoceima, ce qui traduit la volont\u00e9 de Mada\u00ebf de poursuivre son engagement en faveur de l\u2019attractivit\u00e9 d\u2019un territoire o\u00f9 le groupe CDG a tr\u00e8s largement investi ces derni\u00e8res ann\u00e9es.<\/p>\n<p style=\"text-align: justify;\">Et de rappeler que Mada\u00ebf annon\u00e7ait, en octobre dernier, un accord avec son partenaire historique Club Med, portant sur un programme d\u2019investissement de 312 millions de dirhams visant \u00e0 acc\u00e9l\u00e9rer le d\u00e9veloppement du Club Med Marrakech La Palmeraie et redynamiser le Club Med Yasmina situ\u00e9 sur la c\u00f4te m\u00e9diterran\u00e9enne.<\/p>\n<p style=\"text-align: justify;\">\u00ab\u00a0Nous venons r\u00e9affirmer notre engagement en faveur du d\u00e9veloppement du secteur touristique dans notre pays, et ce \u00e0 travers une dynamique d\u2019investissement que nous poursuivons, aujourd\u2019hui plus que jamais, en d\u00e9pit de la conjoncture actuelle\u00a0\u00bb, a indiqu\u00e9, Mamoun Lahlimi Alami, Administrateur Directeur G\u00e9n\u00e9ral de Mada\u00ebf, cit\u00e9 dans le communiqu\u00e9.<\/p>\n<p style=\"text-align: justify;\">\u00ab\u00a0Cette dynamique vise \u00e0 la fois \u00e0 accompagner l\u2019\u00e9mergence de certaines destinations en en renfor\u00e7ant les capacit\u00e9s h\u00f4teli\u00e8res, mais \u00e9galement \u00e0 enrichir l\u2019offre produit de nos actifs. Il s\u2019agit l\u00e0 des priorit\u00e9s que nous nous sommes fix\u00e9es suite \u00e0 notre analyse prospective des \u00e9volutions du secteur\u00a0\u00bb, a-t-il poursuivi.<\/p>\n<p style=\"text-align: justify;\">Conform\u00e9ment au positionnement du groupe, qui \u0153uvre \u00e0 l\u2019essor \u00e9conomique des r\u00e9gions \u00e0 travers des actions \u00e0 port\u00e9e locale, les recrutements dans les nouvelles unit\u00e9s h\u00f4teli\u00e8res se sont faits dans les r\u00e9gions d\u2019implantation des projets.<\/p>\n<p style=\"text-align: justify;\">Toujours sur le volet de l\u2019emploi, Mada\u00ebf assure avoir pr\u00e9serv\u00e9, durant toute la p\u00e9riode de la crise sanitaire, l\u2019ensemble des emplois et des salaires au niveau de ses actifs touristiques. L\u2019objectif est d\u2019assurer la relance dans les meilleures conditions en maintenant une qualit\u00e9 de service intacte.<\/p>\n<p style=\"text-align: justify;\">\u00ab\u00a0Nous sommes conscients qu\u2019une reprise r\u00e9ussie passe ind\u00e9niablement par des ressources humaines qualifi\u00e9es et engag\u00e9es. C\u2019est dans ce sens que nous avons anticip\u00e9 la reprise en maintenant l\u2019ensemble des emplois au sein de nos actifs\u00a0\u00bb, a d\u00e9clar\u00e9, pour sa part, Rachid Karkari, Directeur G\u00e9n\u00e9ral D\u00e9l\u00e9gu\u00e9 en charge du p\u00f4le Property &amp; Asset Management \u00e0 Mada\u00ebf<\/p>\n<p style=\"text-align: justify;\">Et d\u2019ajouter qu\u2019une attention particuli\u00e8re a, par ailleurs, \u00e9t\u00e9 port\u00e9e \u00e0 la formation et au d\u00e9veloppement des comp\u00e9tences pour am\u00e9liorer la qualit\u00e9 des prestations du r\u00e9seau du groupe.<\/p>\n<p style=\"text-align: justify;\">Parall\u00e8lement aux ouvertures de ces nouvelles unit\u00e9s, Mada\u00ebf a \u00e9galement proc\u00e9d\u00e9 \u00e0 la mise \u00e0 niveau d\u2019un certain nombre de ses actifs, pr\u00e8s de quarante actuellement, avec \u00e0 la cl\u00e9 le d\u00e9veloppement de concepts in\u00e9dits pour r\u00e9pondre aux nouvelles attentes et am\u00e9liorer l\u2019exp\u00e9rience client.<\/p>\n<p style=\"text-align: justify;\">Dans le nord du Royaume, destination tr\u00e8s pris\u00e9e en \u00e9t\u00e9, le Sofitel Tamuda Bay Beach &amp; Spa et le Banyan Tree Tamouda Bay se pr\u00e9parent pour la saison avec un large \u00e9ventail de commodit\u00e9s en vue d\u2019une exp\u00e9rience client Premium.<\/p>\n<p style=\"text-align: justify;\">\u00ab\u00a0L\u2019ambition du Sofitel Tamuda Bay est d\u2019offrir une exp\u00e9rience chic, vibrante et trendy \u00e0 des voyageurs modernes \u00e9galement en qu\u00eate de luxe, gr\u00e2ce \u00e0 ses univers anim\u00e9s et vari\u00e9s, avec deux nouvelles exp\u00e9riences culinaires, une cuisine Japonaise en plein air et une cuisine Argentine tout en saveur\u00a0\u00bb, a fait savoir, Laurent Vigneron, General Manager du Sofitel Tamuda Bay Beach &amp; Spa.<\/p>\n<p style=\"text-align: justify;\">Et d\u2019ajouter que cet \u00e9t\u00e9 sera aussi le temps des activit\u00e9s de plein air, nautiques, golf, trek et la d\u00e9couverte d\u2019une belle et riche r\u00e9gion. Entre plage et piscine, adapt\u00e9es \u00e0 toute la famille, les activit\u00e9s sont nombreuses au Sofitel Tamuda Bay.<\/p>\n<p style=\"text-align: justify;\">M\u00eame son de cloche au Banyan Tree Tamouda Bay qui r\u00e9affirme son positionnement d\u2019adresse gastronomique de r\u00e9f\u00e9rence avec de nouveaux concepts de restauration d\u2019exception : l\u2019\u00e9tablissement de luxe accueille pour la saison, \u00e0 titre d\u2019exemple, Najat Kaanache, Chef de renomm\u00e9e internationale, qui ravira les clients avec ses cr\u00e9ations culinaires somptueuses.<\/p>\n<p style=\"text-align: justify;\">\u00ab\u00a0Au Banyan Tree Tamouda Bay, nous mettons un point d\u2019honneur \u00e0 r\u00e9pondre \u00e0 toutes les attentes de nos clients. Cette ann\u00e9e, nous avons imagin\u00e9 de nouveaux concepts afin de leur offrir une exp\u00e9rience des plus sophistiqu\u00e9e, \u00e0 travers notamment des collaborations gastronomiques tr\u00e8s exclusives. Avec le sens du d\u00e9tail et la qualit\u00e9 de service comme mots d\u2019ordre tout au long du s\u00e9jour de nos clients\u00a0\u00bb, a soulign\u00e9, Hicham Najdi, General Manager de Banyan Tree Tamouda Bay.<\/p>\n<p style=\"text-align: justify;\">La destination El Jadida n\u2019est pas en reste. Mada\u00ebf a men\u00e9 la r\u00e9novation du mythique Royal Golf El Jadida, l\u2019un des plus prestigieux et plus beaux parcours du Royaume. Une initiative qui rappelle la dimension golfique de Mada\u00ebf, qui g\u00e8re, \u00e0 travers sa filiale Mada\u00ebf Golfs, le premier r\u00e9seau de golfs du Royaume.<\/p>\n<p style=\"text-align: justify;\">\u00c0 noter \u00e9galement le programme de repositionnement du Pullman Mazagan Royal Golf &amp; Spa avec, au menu, de nouveaux points de restauration et de loisirs.<\/p>\n<p style=\"text-align: justify;\">\u00ab\u00a0Nous nous adaptons aux mutations du secteur en offrant \u00e0 nos clients une exp\u00e9rience d\u2019\u00e9vasion et de d\u00e9tente au sein d\u2019une nature prot\u00e9g\u00e9e. Le Pullman Mazagan Royal Golf &amp; Spa enrichit son offre de restauration et d\u2019animation cette ann\u00e9e avec de nouveaux univers et concepts \u00e0 m\u00eame de satisfaire aussi bien une client\u00e8le familiale que des voyageurs loisirs et business\u00a0\u00bb, a affirm\u00e9, Jalil Chebihi, General Manager de Pullman Mazagan Royal Golf &amp; Spa.<\/p>\n<p style=\"text-align: justify;\">De la nouveaut\u00e9 aussi du c\u00f4t\u00e9 de Sa\u00efdia Resorts, avec l\u2019introduction d\u2019un op\u00e9rateur de renom, dont l\u2019identit\u00e9 sera d\u00e9voil\u00e9e incessamment, pour la gestion de trois actifs au sein de la station phare de la c\u00f4te m\u00e9diterran\u00e9e du Royaume.<\/p>\n<p style=\"text-align: justify;\">Le Be-Live Collection Sa\u00efdia, quant \u00e0 lui, se pr\u00e9pare \u00e0 se refaire peau neuve avec un programme de r\u00e9novation qui d\u00e9marrera au terme de la saison estivale et portera sur l\u2019am\u00e9lioration des h\u00e9bergements, la mise \u00e0 niveau des points de restauration, du Kids Club et l\u2019am\u00e9nagement paysager du site.<\/p>\n<p style=\"text-align: justify;\">Cette dynamique de relance initi\u00e9e par Mada\u00ebf porte \u00e9galement sur le renforcement de l\u2019offre d\u2019animation et de services touristiques au sein de ses destinations, cl\u00e9 de vo\u00fbte pour une exp\u00e9rience client r\u00e9ussie.<\/p>\n<p style=\"text-align: justify;\">Des partenariats multiples ont \u00e9t\u00e9 nou\u00e9s avec des op\u00e9rateurs et porteurs de projets nationaux offrant des animations artistiques, culturelles et sportives notamment \u00e0 travers l\u2019initiative Mada\u00ebf Eco6. De quoi insuffler une nouvelle impulsion \u00e0 un secteur mis \u00e0 mal par la pand\u00e9mie mais dont les perspectives de reprise restent prometteuses.<\/p>\n<p>L\u2019article <a rel=\"nofollow\" href=\"http:\/\/www.mapoujda.ma\/fr\/saison-estivale-madaef-mobilise-pour-la-relance-du-secteur-du-tourisme\/\">Saison estivale: Mada\u00ebf mobilis\u00e9 pour la relance du secteur du tourisme<\/a> est apparu en premier sur <a rel=\"nofollow\" href=\"http:\/\/www.mapoujda.ma\/fr\">MapOujda<\/a>.<\/p>\n<\/div>\n<p>Auteur: Soufiane ELAHMAR<br \/>\n<a href=\"http:\/\/www.mapoujda.ma\/fr\/saison-estivale-madaef-mobilise-pour-la-relance-du-secteur-du-tourisme\/\">Cliquez ici pour lire l&rsquo;article depuis sa source.<\/a><\/p>\n","protected":false},"excerpt":{"rendered":"<p>Le leader de l\u2019investissement touristique Mada\u00ebf s\u2019appr\u00eate \u00e0 ouvrir six nouvelles unit\u00e9s h\u00f4teli\u00e8res d\u2019ici la fin de l\u2019ann\u00e9e 2021, contribuant, ainsi, \u00e0 la relance du secteur du tourisme. \u00ab\u00a0Les unit\u00e9s en cours d\u2019ouverture vont repr\u00e9senter plus de 3.000 lits suppl\u00e9mentaires dans le portefeuille Mada\u00ebf\u00a0\u00bb, indique un communiqu\u00e9 de l\u2019op\u00e9rateur touristique, notant qu\u2019en plus du renforcement [&hellip;]<\/p>\n","protected":false},"author":1788,"featured_media":0,"comment_status":"closed","ping_status":"closed","sticky":false,"template":"","format":"standard","meta":{"fifu_image_url":"http:\/\/www.mapoujda.ma\/map\/uploads\/2019\/06\/unit\u00e9-h\u00f4teli\u00e8re-\u00e0-Saidia-M750\u00d7430-1.jpg","fifu_image_alt":"Saison estivale: Mada\u00ebf mobilis\u00e9 pour la relance du secteur du tourisme","footnotes":""},"categories":[54,76],"tags":[],"class_list":["post-118911","post","type-post","status-publish","format-standard","hentry","category-maroc","category-regions"],"_links":{"self":[{"href":"https:\/\/linitiative.ca\/International\/wp-json\/wp\/v2\/posts\/118911","targetHints":{"allow":["GET"]}}],"collection":[{"href":"https:\/\/linitiative.ca\/International\/wp-json\/wp\/v2\/posts"}],"about":[{"href":"https:\/\/linitiative.ca\/International\/wp-json\/wp\/v2\/types\/post"}],"author":[{"embeddable":true,"href":"https:\/\/linitiative.ca\/International\/wp-json\/wp\/v2\/users\/1788"}],"replies":[{"embeddable":true,"href":"https:\/\/linitiative.ca\/International\/wp-json\/wp\/v2\/comments?post=118911"}],"version-history":[{"count":0,"href":"https:\/\/linitiative.ca\/International\/wp-json\/wp\/v2\/posts\/118911\/revisions"}],"wp:attachment":[{"href":"https:\/\/linitiative.ca\/International\/wp-json\/wp\/v2\/media?parent=118911"}],"wp:term":[{"taxonomy":"category","embeddable":true,"href":"https:\/\/linitiative.ca\/International\/wp-json\/wp\/v2\/categories?post=118911"},{"taxonomy":"post_tag","embeddable":true,"href":"https:\/\/linitiative.ca\/International\/wp-json\/wp\/v2\/tags?post=118911"}],"curies":[{"name":"wp","href":"https:\/\/api.w.org\/{rel}","templated":true}]}}