{"id":118913,"date":"2021-06-19T08:57:14","date_gmt":"2021-06-19T12:57:14","guid":{"rendered":"https:\/\/linitiative.ca\/International\/marchica-med-africa-la-dimension-africaine-dune-expertise-marocaine-au-service-du-developpement\/"},"modified":"2021-06-19T08:57:14","modified_gmt":"2021-06-19T12:57:14","slug":"marchica-med-africa-la-dimension-africaine-dune-expertise-marocaine-au-service-du-developpement","status":"publish","type":"post","link":"https:\/\/linitiative.ca\/International\/marchica-med-africa-la-dimension-africaine-dune-expertise-marocaine-au-service-du-developpement\/","title":{"rendered":"Marchica Med Africa, la dimension africaine d\u2019une expertise marocaine au service du d\u00e9veloppement"},"content":{"rendered":"<div>\n<div style=\"margin-bottom:20px;\"><img loading=\"lazy\" decoding=\"async\" width=\"750\" height=\"430\" src=\"https:\/\/linitiative.ca\/International\/wp-content\/uploads\/sites\/23\/2021\/06\/Le-PDG-de-la-SociC3A9tC3A9-Marchica-Med-SaC3AFd-Zarrou-sE28099exprime-au-cours-dE28099un-entretien-accordC3A9-C3A0-la-MAP.jpg\" class=\"attachment-post-thumbnail size-post-thumbnail wp-post-image\" alt=\"\" srcset=\"https:\/\/linitiative.ca\/International\/wp-content\/uploads\/sites\/23\/2021\/06\/Le-PDG-de-la-SociC3A9tC3A9-Marchica-Med-SaC3AFd-Zarrou-sE28099exprime-au-cours-dE28099un-entretien-accordC3A9-C3A0-la-MAP.jpg 750w, http:\/\/www.mapoujda.ma\/map\/uploads\/2021\/06\/Le-PDG-de-la-Soci\u00e9t\u00e9-Marchica-Med-Sa\u00efd-Zarrou-s\u2019exprime-au-cours-d\u2019un-entretien-accord\u00e9-\u00e0-la-MAP-300x172.jpg 300w\" sizes=\"auto, (max-width: 750px) 100vw, 750px\"><\/div>\n<p style=\"text-align: justify;\">Capitalisant sur l\u2019expertise accumul\u00e9e \u00e0 la faveur des grands projets r\u00e9alis\u00e9s dans le Royaume, la Soci\u00e9t\u00e9 Marchica Med est d\u00e9sormais tourn\u00e9e vers l\u2019exportation de son mod\u00e8le de savoir-faire, notamment en mati\u00e8re de d\u00e9veloppement territorial et de d\u00e9pollution, \u00e0 travers la cr\u00e9ation de sa filiale \u00e0 vocation africaine \u00ab\u00a0Marchica Med Africa\u00a0\u00bb.<\/p>\n<p style=\"text-align: justify;\">Cr\u00e9\u00e9e lors d\u2019une Assembl\u00e9e constitutive le 27 mai 2021 \u00e0 Nador, Marchica Med Africa sera h\u00e9berg\u00e9e dans la Casablanca Finance City (CFC).<\/p>\n<p style=\"text-align: justify;\">Dans un entretien \u00e0 \u00ab\u00a0M24\u00a0\u00bb, la cha\u00eene d\u2019information en continu de l\u2019Agence Marocaine de Presse (MAP), le Pr\u00e9sident Directeur G\u00e9n\u00e9ral de la Soci\u00e9t\u00e9 Marchica Med, M. Sa\u00efd Zarrou, a expliqu\u00e9 que le choix de la CFC est important d\u2019autant plus qu\u2019il va permettre de \u00ab\u00a0rester dans le milieu \u00e9conomique qui travaille en Afrique\u00a0\u00bb afin de faciliter la possibilit\u00e9 d\u2019\u00eatre pr\u00e9sent dans tous les pays.<\/p>\n<p style=\"text-align: justify;\">Il a, en outre, \u00e9mis le souhait de disposer, dans l\u2019avenir, de bureaux de repr\u00e9sentation de Marchica Med Africa \u00e0 Abidjan- \u00ab\u00a0un objectif sur lequel nous sommes en train de travailler\u00a0\u00bb \u2013 ou bien \u00e0 Madagascar, Nairobi ou Mombasa, etc.<\/p>\n<p style=\"text-align: justify;\">Sur le plan juridique, la filiale Marchica Med Africa verra le jour officiellement bient\u00f4t, a-t-il soulign\u00e9.<\/p>\n<p style=\"text-align: justify;\">Quant \u00e0 ses axes d\u2019intervention, Marchica Med Africa focalisera notamment sur la mobilit\u00e9, l\u2019environnement, les infrastructures et les volets social et financier.<\/p>\n<p style=\"text-align: justify;\">Il s\u2019agit, selon M. Zarrou, des axes les plus importants pour monter les grands projets. La force de Marchica Med est dans les grands projets \u00ab\u00a0qui ressemblent \u00e0 nos projets au Maroc\u00a0\u00bb, a-t-il affirm\u00e9.<\/p>\n<p style=\"text-align: justify;\">Il a, par ailleurs, qualifi\u00e9 d\u2019\u00a0\u00bbimportant\u00a0\u00bb le choix des membres du Conseil d\u2019administration (CA) de Marchica Med Africa, pr\u00e9cisant que ce Conseil compte le minist\u00e8re des Affaires \u00e9trang\u00e8res, de la Coop\u00e9ration africaine et des Marocains r\u00e9sidant \u00e0 l\u2019\u00e9tranger, le minist\u00e8re des Finances, l\u2019Agence Marchica Med et l\u2019Agence de l\u2019Oriental.<\/p>\n<p style=\"text-align: justify;\">Bient\u00f4t d\u2019autres membres, qui n\u2019ont pas pu assister \u00e0 la premi\u00e8re r\u00e9union, seront pr\u00e9sents lors du prochain Conseil, a conclu le Pr\u00e9sident Directeur G\u00e9n\u00e9ral de Marchica Med.<\/p>\n<p>L\u2019article <a rel=\"nofollow\" href=\"http:\/\/www.mapoujda.ma\/fr\/marchica-med-africa-la-dimension-africaine-dune-expertise-marocaine-au-service-du-developpement\/\">Marchica Med Africa, la dimension africaine d\u2019une expertise marocaine au service du d\u00e9veloppement<\/a> est apparu en premier sur <a rel=\"nofollow\" href=\"http:\/\/www.mapoujda.ma\/fr\">MapOujda<\/a>.<\/p>\n<\/div>\n<p>Auteur: Soufiane ELAHMAR<br \/>\n<a href=\"http:\/\/www.mapoujda.ma\/fr\/marchica-med-africa-la-dimension-africaine-dune-expertise-marocaine-au-service-du-developpement\/\">Cliquez ici pour lire l&rsquo;article depuis sa source.<\/a><\/p>\n","protected":false},"excerpt":{"rendered":"<p>Capitalisant sur l\u2019expertise accumul\u00e9e \u00e0 la faveur des grands projets r\u00e9alis\u00e9s dans le Royaume, la Soci\u00e9t\u00e9 Marchica Med est d\u00e9sormais tourn\u00e9e vers l\u2019exportation de son mod\u00e8le de savoir-faire, notamment en mati\u00e8re de d\u00e9veloppement territorial et de d\u00e9pollution, \u00e0 travers la cr\u00e9ation de sa filiale \u00e0 vocation africaine \u00ab\u00a0Marchica Med Africa\u00a0\u00bb. Cr\u00e9\u00e9e lors d\u2019une Assembl\u00e9e constitutive [&hellip;]<\/p>\n","protected":false},"author":1788,"featured_media":0,"comment_status":"closed","ping_status":"closed","sticky":false,"template":"","format":"standard","meta":{"fifu_image_url":"http:\/\/www.mapoujda.ma\/map\/uploads\/2021\/06\/Le-PDG-de-la-Soci\u00e9t\u00e9-Marchica-Med-Sa\u00efd-Zarrou-s\u2019exprime-au-cours-d\u2019un-entretien-accord\u00e9-\u00e0-la-MAP.jpg","fifu_image_alt":"Marchica Med Africa, la dimension africaine d\u2019une expertise marocaine au service du d\u00e9veloppement","footnotes":""},"categories":[54,76],"tags":[],"class_list":["post-118913","post","type-post","status-publish","format-standard","hentry","category-maroc","category-regions"],"_links":{"self":[{"href":"https:\/\/linitiative.ca\/International\/wp-json\/wp\/v2\/posts\/118913","targetHints":{"allow":["GET"]}}],"collection":[{"href":"https:\/\/linitiative.ca\/International\/wp-json\/wp\/v2\/posts"}],"about":[{"href":"https:\/\/linitiative.ca\/International\/wp-json\/wp\/v2\/types\/post"}],"author":[{"embeddable":true,"href":"https:\/\/linitiative.ca\/International\/wp-json\/wp\/v2\/users\/1788"}],"replies":[{"embeddable":true,"href":"https:\/\/linitiative.ca\/International\/wp-json\/wp\/v2\/comments?post=118913"}],"version-history":[{"count":0,"href":"https:\/\/linitiative.ca\/International\/wp-json\/wp\/v2\/posts\/118913\/revisions"}],"wp:attachment":[{"href":"https:\/\/linitiative.ca\/International\/wp-json\/wp\/v2\/media?parent=118913"}],"wp:term":[{"taxonomy":"category","embeddable":true,"href":"https:\/\/linitiative.ca\/International\/wp-json\/wp\/v2\/categories?post=118913"},{"taxonomy":"post_tag","embeddable":true,"href":"https:\/\/linitiative.ca\/International\/wp-json\/wp\/v2\/tags?post=118913"}],"curies":[{"name":"wp","href":"https:\/\/api.w.org\/{rel}","templated":true}]}}